{"id":13585,"date":"2023-05-11T00:47:53","date_gmt":"2023-05-10T22:47:53","guid":{"rendered":"http:\/\/www-gardaseezeitung-it-euwp*.sitenm.com\/2023\/05\/11\/peschiera-26-mai-abendessen-und-show-fuer-die-kleine-elettra\/"},"modified":"2023-05-11T00:47:56","modified_gmt":"2022-07-15T00:47:56","slug":"peschiera-26-mai-abendessen-und-show-fuer-die-kleine-elettra","status":"publish","type":"post","link":"https:\/\/www.gardaseezeitung.it\/2023\/05\/11\/peschiera-26-mai-abendessen-und-show-fuer-die-kleine-elettra\/","title":{"rendered":"Peschiera, 26. Mai: Abendessen und Show f\u00fcr die kleine Elettra"},"content":{"rendered":"<p>Auch Garda setzt sich f\u00fcr Elettra ein, das kleine M\u00e4dchen aus Ronco all&#8217;Adige, das an einer seltenen Krankheit leidet, f\u00fcr die es bisher keinen Namen gibt. Giorgio Tauber, der noch immer in der Welt der Vergn\u00fcgungsparks arbeitet und als einer der Erfinder und erster Direktor des Gardalandes bekannt ist, hat einen Wohlt\u00e4tigkeitsabend organisiert, der ein Abendessen und den Auftritt eines Duos aus dem S\u00e4nger, Songwriter und Pianisten Happy und dem Bassisten Tano umfasst. Der Termin ist f\u00fcr Freitag, den 26. Mai, ab 20 Uhr im Hotel Al Fiore in Peschiera, Lungolago Garibaldi Nr. 9, angesetzt. Es ist m\u00f6glich, bis zu diesem Freitag teilzunehmen. Wenden Sie sich dazu per E-Mail an den Veranstalter, schreiben Sie an giorgio.tauber@libero.it oder rufen Sie ihn unter der Nummer 342.9494864 an. Elettra wurde 2017 als Fr\u00fchchen geboren und hatte sofort ernsthafte Probleme, so dass sie f\u00fcnfzig Tage im Krankenhaus lag, bevor sie nach Hause konnte. Das kleine M\u00e4dchen leidet am West-Syndrom, das epileptische Anf\u00e4lle verursacht, und an einer globalen Entwicklungsverz\u00f6gerung. Sie hat gro\u00dfe Schwierigkeiten, sich selbst zu ern\u00e4hren, Probleme bei der Kommunikation und im Umgang mit anderen (was mit neuropsychiatrischen Problemen zusammenh\u00e4ngen k\u00f6nnte) und bei den motorischen F\u00e4higkeiten, so sehr, dass sie zum Laufen eine Zahnspange benutzen muss. Elettra hat keine genaue Diagnose (in dieser Hinsicht k\u00f6nnten die Untersuchungen des Genetikers Stefano Berto, der an der Medizinischen Universit\u00e4t von South Carolina in Charleston (USA) lehrt und forscht, Aufschluss geben) und wird privat von Logop\u00e4den und Physiotherapeuten betreut, dank der Spenden von Gruppen und Vereinen, die Abende und Initiativen zu ihrer Unterst\u00fctzung organisieren.<\/p>\n<p>&nbsp;<\/p>\n","protected":false},"excerpt":{"rendered":"<p>Die Wohlt\u00e4tigkeitsinitiative stammt von Tauber, einem der Erfinder des Gardalandes: das kleine M\u00e4dchen hat eine seltene Krankheit<\/p>\n","protected":false},"author":9,"featured_media":13584,"comment_status":"open","ping_status":"open","sticky":false,"template":"","format":"standard","meta":[],"categories":[2,4,6,3],"tags":[3737,116,23,26,3738,3739,3740,3741],"news-destination":[],"news-source":[],"is_homepage":[],"ta_other":[],"featured_media_details":{"width":1536,"height":1060,"file":"2023\/05\/elettra.jpg","sizes":{"thumbnail":{"file":"elettra-150x150.jpg","width":150,"height":150,"mime-type":"image\/jpeg","source_url":"https:\/\/www.gardaseezeitung.it\/gardaseezeitung_new\/de\/wp-content\/uploads\/sites\/2\/2023\/05\/elettra-150x150.jpg"},"medium":{"file":"elettra-300x207.jpg","width":300,"height":207,"mime-type":"image\/jpeg","source_url":"https:\/\/www.gardaseezeitung.it\/gardaseezeitung_new\/de\/wp-content\/uploads\/sites\/2\/2023\/05\/elettra-300x207.jpg"},"medium_large":{"file":"elettra-768x530.jpg","width":768,"height":530,"mime-type":"image\/jpeg","source_url":"https:\/\/www.gardaseezeitung.it\/gardaseezeitung_new\/de\/wp-content\/uploads\/sites\/2\/2023\/05\/elettra-768x530.jpg"},"large":{"file":"elettra-1024x707.jpg","width":1024,"height":707,"mime-type":"image\/jpeg","source_url":"https:\/\/www.gardaseezeitung.it\/gardaseezeitung_new\/de\/wp-content\/uploads\/sites\/2\/2023\/05\/elettra-1024x707.jpg"},"big_image":{"file":"elettra-750x518.jpg","width":750,"height":518,"mime-type":"image\/jpeg","source_url":"https:\/\/www.gardaseezeitung.it\/gardaseezeitung_new\/de\/wp-content\/uploads\/sites\/2\/2023\/05\/elettra-750x518.jpg"},"guest-author-32":{"file":"elettra-32x32.jpg","width":32,"height":32,"mime-type":"image\/jpeg","source_url":"https:\/\/www.gardaseezeitung.it\/gardaseezeitung_new\/de\/wp-content\/uploads\/sites\/2\/2023\/05\/elettra-32x32.jpg"},"guest-author-50":{"file":"elettra-50x50.jpg","width":50,"height":50,"mime-type":"image\/jpeg","source_url":"https:\/\/www.gardaseezeitung.it\/gardaseezeitung_new\/de\/wp-content\/uploads\/sites\/2\/2023\/05\/elettra-50x50.jpg"},"guest-author-64":{"file":"elettra-64x64.jpg","width":64,"height":64,"mime-type":"image\/jpeg","source_url":"https:\/\/www.gardaseezeitung.it\/gardaseezeitung_new\/de\/wp-content\/uploads\/sites\/2\/2023\/05\/elettra-64x64.jpg"},"guest-author-96":{"file":"elettra-96x96.jpg","width":96,"height":96,"mime-type":"image\/jpeg","source_url":"https:\/\/www.gardaseezeitung.it\/gardaseezeitung_new\/de\/wp-content\/uploads\/sites\/2\/2023\/05\/elettra-96x96.jpg"},"guest-author-128":{"file":"elettra-128x128.jpg","width":128,"height":128,"mime-type":"image\/jpeg","source_url":"https:\/\/www.gardaseezeitung.it\/gardaseezeitung_new\/de\/wp-content\/uploads\/sites\/2\/2023\/05\/elettra-128x128.jpg"},"full":{"file":"elettra.jpg","width":1536,"height":1060,"mime_type":"","source_url":"https:\/\/www.gardaseezeitung.it\/gardaseezeitung_new\/de\/wp-content\/uploads\/sites\/2\/2023\/05\/elettra.jpg"}},"image_meta":{"aperture":"0","credit":"","camera":"","caption":"","created_timestamp":"0","copyright":"","focal_length":"0","iso":"0","shutter_speed":"0","title":"","orientation":"1","keywords":[]}},"_links":{"self":[{"href":"https:\/\/www.gardaseezeitung.it\/gardaseezeitung_new\/de\/wp-json\/wp\/v2\/posts\/13585"}],"collection":[{"href":"https:\/\/www.gardaseezeitung.it\/gardaseezeitung_new\/de\/wp-json\/wp\/v2\/posts"}],"about":[{"href":"https:\/\/www.gardaseezeitung.it\/gardaseezeitung_new\/de\/wp-json\/wp\/v2\/types\/post"}],"author":[{"embeddable":true,"href":"https:\/\/www.gardaseezeitung.it\/gardaseezeitung_new\/de\/wp-json\/wp\/v2\/users\/9"}],"replies":[{"embeddable":true,"href":"https:\/\/www.gardaseezeitung.it\/gardaseezeitung_new\/de\/wp-json\/wp\/v2\/comments?post=13585"}],"version-history":[{"count":1,"href":"https:\/\/www.gardaseezeitung.it\/gardaseezeitung_new\/de\/wp-json\/wp\/v2\/posts\/13585\/revisions"}],"predecessor-version":[{"id":13586,"href":"https:\/\/www.gardaseezeitung.it\/gardaseezeitung_new\/de\/wp-json\/wp\/v2\/posts\/13585\/revisions\/13586"}],"wp:featuredmedia":[{"embeddable":true,"href":"https:\/\/www.gardaseezeitung.it\/gardaseezeitung_new\/de\/wp-json\/wp\/v2\/media\/13584"}],"wp:attachment":[{"href":"https:\/\/www.gardaseezeitung.it\/gardaseezeitung_new\/de\/wp-json\/wp\/v2\/media?parent=13585"}],"wp:term":[{"taxonomy":"category","embeddable":true,"href":"https:\/\/www.gardaseezeitung.it\/gardaseezeitung_new\/de\/wp-json\/wp\/v2\/categories?post=13585"},{"taxonomy":"post_tag","embeddable":true,"href":"https:\/\/www.gardaseezeitung.it\/gardaseezeitung_new\/de\/wp-json\/wp\/v2\/tags?post=13585"},{"taxonomy":"news-destination","embeddable":true,"href":"https:\/\/www.gardaseezeitung.it\/gardaseezeitung_new\/de\/wp-json\/wp\/v2\/news-destination?post=13585"},{"taxonomy":"news-source","embeddable":true,"href":"https:\/\/www.gardaseezeitung.it\/gardaseezeitung_new\/de\/wp-json\/wp\/v2\/news-source?post=13585"},{"taxonomy":"is_homepage","embeddable":true,"href":"https:\/\/www.gardaseezeitung.it\/gardaseezeitung_new\/de\/wp-json\/wp\/v2\/is_homepage?post=13585"},{"taxonomy":"ta_other","embeddable":true,"href":"https:\/\/www.gardaseezeitung.it\/gardaseezeitung_new\/de\/wp-json\/wp\/v2\/ta_other?post=13585"}],"curies":[{"name":"wp","href":"https:\/\/api.w.org\/{rel}","templated":true}]}}