{"id":13598,"date":"2023-05-11T15:31:00","date_gmt":"2023-05-11T13:31:00","guid":{"rendered":"http:\/\/www-gardaseezeitung-it-euwp*.sitenm.com\/2023\/05\/11\/bardolino-ein-wandgemaelde-das-cisano-zur-zeit-der-pfahlbauten-darstellt\/"},"modified":"2023-05-11T15:33:06","modified_gmt":"2022-07-15T15:33:06","slug":"bardolino-ein-wandgemaelde-das-cisano-zur-zeit-der-pfahlbauten-darstellt","status":"publish","type":"post","link":"https:\/\/www.gardaseezeitung.it\/2023\/05\/11\/bardolino-ein-wandgemaelde-das-cisano-zur-zeit-der-pfahlbauten-darstellt\/","title":{"rendered":"Bardolino: ein Wandgem\u00e4lde, das Cisano zur Zeit der Pfahlbauten darstellt"},"content":{"rendered":"<p>In Cisano, in der Gasse, die von der Gardesana zum Gardasee f\u00fchrt, wurde das Wandbild von Ben Peretti eingeweiht, das das kleine Dorf Bardolino in der Zeit der Pfahlbauten darstellt. Die Rekonstruktion basiert auf arch\u00e4ologischen Ausgrabungen, die 1938 durchgef\u00fchrt wurden, als der Hafen von Cisano wieder aufgebaut wurde und die \u00dcberreste von Pfahlbauten gefunden wurden. Das Wandgem\u00e4lde, das von der &#8222;Compagnia della bandiera&#8220; (Gesellschaft der Fahne) unter dem Vorsitz von Giorgio Righetto in Auftrag gegeben wurde, reiht sich in eine andere Serie von Werken desselben Autors in dem kleinen Dorf Bardolino ein. Die &#8222;Gem\u00e4lde&#8220; in den malerischen Winkeln des Dorfes befinden sich an der Fassade eines Hauses an der Gardesana-Stra\u00dfe, die das Dorf Cisano halbiert, und unter der Fassade, die von derselben Gardesana-Stra\u00dfe zum Platz mit Blick auf den See von Cisano f\u00fchrt. Hier befindet sich eine Tafel, die an die Landung der piemontesischen Armee erinnert: Am 10. April 1848, w\u00e4hrend des Ersten Unabh\u00e4ngigkeitskrieges, gingen die Freiwilligen von Luciano Manara, die die \u00f6sterreichischen Verteidigungsanlagen der Festung Peschiera untergraben sollten, unter dem Jubel der Einwohner im kleinen Hafen von Cisano an Land.<\/p>\n<p>&nbsp;<\/p>\n","protected":false},"excerpt":{"rendered":"<p>Es befindet sich in der Gasse, die von der Gardesana zum See f\u00fchrt<\/p>\n","protected":false},"author":9,"featured_media":13597,"comment_status":"open","ping_status":"open","sticky":false,"template":"","format":"standard","meta":[],"categories":[4,3],"tags":[50,3746,155,3747,23,26,3748],"news-destination":[],"news-source":[],"is_homepage":[],"ta_other":[],"featured_media_details":{"width":1024,"height":489,"file":"2023\/05\/muraleBardolino.jpg","sizes":{"thumbnail":{"file":"muraleBardolino-150x150.jpg","width":150,"height":150,"mime-type":"image\/jpeg","source_url":"https:\/\/www.gardaseezeitung.it\/gardaseezeitung_new\/de\/wp-content\/uploads\/sites\/2\/2023\/05\/muraleBardolino-150x150.jpg"},"medium":{"file":"muraleBardolino-300x143.jpg","width":300,"height":143,"mime-type":"image\/jpeg","source_url":"https:\/\/www.gardaseezeitung.it\/gardaseezeitung_new\/de\/wp-content\/uploads\/sites\/2\/2023\/05\/muraleBardolino-300x143.jpg"},"medium_large":{"file":"muraleBardolino-768x367.jpg","width":768,"height":367,"mime-type":"image\/jpeg","source_url":"https:\/\/www.gardaseezeitung.it\/gardaseezeitung_new\/de\/wp-content\/uploads\/sites\/2\/2023\/05\/muraleBardolino-768x367.jpg"},"large":{"file":"muraleBardolino-1024x489.jpg","width":1024,"height":489,"mime-type":"image\/jpeg","source_url":"https:\/\/www.gardaseezeitung.it\/gardaseezeitung_new\/de\/wp-content\/uploads\/sites\/2\/2023\/05\/muraleBardolino-1024x489.jpg"},"big_image":{"file":"muraleBardolino-750x358.jpg","width":750,"height":358,"mime-type":"image\/jpeg","source_url":"https:\/\/www.gardaseezeitung.it\/gardaseezeitung_new\/de\/wp-content\/uploads\/sites\/2\/2023\/05\/muraleBardolino-750x358.jpg"},"guest-author-32":{"file":"muraleBardolino-32x32.jpg","width":32,"height":32,"mime-type":"image\/jpeg","source_url":"https:\/\/www.gardaseezeitung.it\/gardaseezeitung_new\/de\/wp-content\/uploads\/sites\/2\/2023\/05\/muraleBardolino-32x32.jpg"},"guest-author-50":{"file":"muraleBardolino-50x50.jpg","width":50,"height":50,"mime-type":"image\/jpeg","source_url":"https:\/\/www.gardaseezeitung.it\/gardaseezeitung_new\/de\/wp-content\/uploads\/sites\/2\/2023\/05\/muraleBardolino-50x50.jpg"},"guest-author-64":{"file":"muraleBardolino-64x64.jpg","width":64,"height":64,"mime-type":"image\/jpeg","source_url":"https:\/\/www.gardaseezeitung.it\/gardaseezeitung_new\/de\/wp-content\/uploads\/sites\/2\/2023\/05\/muraleBardolino-64x64.jpg"},"guest-author-96":{"file":"muraleBardolino-96x96.jpg","width":96,"height":96,"mime-type":"image\/jpeg","source_url":"https:\/\/www.gardaseezeitung.it\/gardaseezeitung_new\/de\/wp-content\/uploads\/sites\/2\/2023\/05\/muraleBardolino-96x96.jpg"},"guest-author-128":{"file":"muraleBardolino-128x128.jpg","width":128,"height":128,"mime-type":"image\/jpeg","source_url":"https:\/\/www.gardaseezeitung.it\/gardaseezeitung_new\/de\/wp-content\/uploads\/sites\/2\/2023\/05\/muraleBardolino-128x128.jpg"},"full":{"file":"muraleBardolino.jpg","width":1024,"height":489,"mime_type":"","source_url":"https:\/\/www.gardaseezeitung.it\/gardaseezeitung_new\/de\/wp-content\/uploads\/sites\/2\/2023\/05\/muraleBardolino.jpg"}},"image_meta":{"aperture":"0","credit":"","camera":"","caption":"","created_timestamp":"0","copyright":"","focal_length":"0","iso":"0","shutter_speed":"0","title":"","orientation":"1","keywords":[]}},"_links":{"self":[{"href":"https:\/\/www.gardaseezeitung.it\/gardaseezeitung_new\/de\/wp-json\/wp\/v2\/posts\/13598"}],"collection":[{"href":"https:\/\/www.gardaseezeitung.it\/gardaseezeitung_new\/de\/wp-json\/wp\/v2\/posts"}],"about":[{"href":"https:\/\/www.gardaseezeitung.it\/gardaseezeitung_new\/de\/wp-json\/wp\/v2\/types\/post"}],"author":[{"embeddable":true,"href":"https:\/\/www.gardaseezeitung.it\/gardaseezeitung_new\/de\/wp-json\/wp\/v2\/users\/9"}],"replies":[{"embeddable":true,"href":"https:\/\/www.gardaseezeitung.it\/gardaseezeitung_new\/de\/wp-json\/wp\/v2\/comments?post=13598"}],"version-history":[{"count":1,"href":"https:\/\/www.gardaseezeitung.it\/gardaseezeitung_new\/de\/wp-json\/wp\/v2\/posts\/13598\/revisions"}],"predecessor-version":[{"id":13599,"href":"https:\/\/www.gardaseezeitung.it\/gardaseezeitung_new\/de\/wp-json\/wp\/v2\/posts\/13598\/revisions\/13599"}],"wp:featuredmedia":[{"embeddable":true,"href":"https:\/\/www.gardaseezeitung.it\/gardaseezeitung_new\/de\/wp-json\/wp\/v2\/media\/13597"}],"wp:attachment":[{"href":"https:\/\/www.gardaseezeitung.it\/gardaseezeitung_new\/de\/wp-json\/wp\/v2\/media?parent=13598"}],"wp:term":[{"taxonomy":"category","embeddable":true,"href":"https:\/\/www.gardaseezeitung.it\/gardaseezeitung_new\/de\/wp-json\/wp\/v2\/categories?post=13598"},{"taxonomy":"post_tag","embeddable":true,"href":"https:\/\/www.gardaseezeitung.it\/gardaseezeitung_new\/de\/wp-json\/wp\/v2\/tags?post=13598"},{"taxonomy":"news-destination","embeddable":true,"href":"https:\/\/www.gardaseezeitung.it\/gardaseezeitung_new\/de\/wp-json\/wp\/v2\/news-destination?post=13598"},{"taxonomy":"news-source","embeddable":true,"href":"https:\/\/www.gardaseezeitung.it\/gardaseezeitung_new\/de\/wp-json\/wp\/v2\/news-source?post=13598"},{"taxonomy":"is_homepage","embeddable":true,"href":"https:\/\/www.gardaseezeitung.it\/gardaseezeitung_new\/de\/wp-json\/wp\/v2\/is_homepage?post=13598"},{"taxonomy":"ta_other","embeddable":true,"href":"https:\/\/www.gardaseezeitung.it\/gardaseezeitung_new\/de\/wp-json\/wp\/v2\/ta_other?post=13598"}],"curies":[{"name":"wp","href":"https:\/\/api.w.org\/{rel}","templated":true}]}}