{"id":13606,"date":"2023-05-12T11:38:16","date_gmt":"2023-05-12T09:38:16","guid":{"rendered":"http:\/\/www-gardaseezeitung-it-euwp*.sitenm.com\/2023\/05\/12\/13-mai-feiert-disney-sein-100-jaehriges-bestehen-mit-einem-konzert-der-arena-202305120740447408\/"},"modified":"2023-05-12T11:38:21","modified_gmt":"2022-07-16T11:38:21","slug":"13-mai-feiert-disney-sein-100-jaehriges-bestehen-mit-einem-konzert-der-arena-202305120740447408","status":"publish","type":"post","link":"https:\/\/www.gardaseezeitung.it\/2023\/05\/12\/13-mai-feiert-disney-sein-100-jaehriges-bestehen-mit-einem-konzert-der-arena-202305120740447408\/","title":{"rendered":"Am 13. Mai feiert Disney sein 100-j\u00e4hriges Bestehen mit einem Konzert in der Arena"},"content":{"rendered":"<p>100 Disney &#8211; The Concert \u00a0Am 13. Mai 2023 wird in der Arena die kultigste Musik der 100-j\u00e4hrigen Geschichte Disneys erklingen, in einer Multimediashow, die die sch\u00f6nste Musik und die sch\u00f6nsten Filme des Unternehmens nachzeichnet. Im Laufe der Jahre hat es Disney geschafft, eine Gewissheit und einen Bezugspunkt in den Tr\u00e4umen ganzer Generationen zu bleiben. Auf der B\u00fchne von DISNEY 100 \u2013 THE CONCERT stehen nicht nur die Lieblinge der klassischen Disney-\u00c4ra (Mickey Mouse, Cinderella, Der K\u00f6nig der L\u00f6wen und Mary Poppins), sondern auch die Helden des zeitgen\u00f6ssischen Disney, darunter Pixar-Figuren, Star Wars-Idole wie der Mandalorianer und Marvel-Superhelden wie Black Panther. Die Show umfasst Gro\u00dfbildprojektionen einiger legend\u00e4rer Szenen aus den Filmen, die vom Hollywood Sound Orchestra und Solos\u00e4ngern begleitet werden \u2013 ein aufregendes und stimmungsvolles Multimedia-Erlebnis. Seit ihrer Gr\u00fcndung im Jahr 1923 ist die Walt Disney Company ein Synonym f\u00fcr Fantasie, Magie, Tr\u00e4ume und Emotionen, die unz\u00e4hlige Helden und Heldinnen in faszinierenden Welten und mit Soundtracks erleben, die sich in das Ged\u00e4chtnis von Jung und Alt einpr\u00e4gen.<\/p>\n","protected":false},"excerpt":{"rendered":"<p>Morgen wird in der Arena die kultigste Musik der 100-j\u00e4hrigen Geschichte Disneys erklingen, in einer Multimediashow<\/p>\n","protected":false},"author":9,"featured_media":12142,"comment_status":"open","ping_status":"open","sticky":false,"template":"","format":"standard","meta":[],"categories":[2,4,5],"tags":[36,3158,23,26,38],"news-destination":[],"news-source":[],"is_homepage":[],"ta_other":[],"featured_media_details":{"width":1000,"height":523,"file":"2022\/11\/100-disney-the-concert.jpg","sizes":{"thumbnail":{"file":"100-disney-the-concert-150x150.jpg","width":150,"height":150,"mime-type":"image\/jpeg","source_url":"https:\/\/www.gardaseezeitung.it\/gardaseezeitung_new\/de\/wp-content\/uploads\/sites\/2\/2022\/11\/100-disney-the-concert-150x150.jpg"},"medium":{"file":"100-disney-the-concert-300x157.jpg","width":300,"height":157,"mime-type":"image\/jpeg","source_url":"https:\/\/www.gardaseezeitung.it\/gardaseezeitung_new\/de\/wp-content\/uploads\/sites\/2\/2022\/11\/100-disney-the-concert-300x157.jpg"},"medium_large":{"file":"100-disney-the-concert-768x402.jpg","width":768,"height":402,"mime-type":"image\/jpeg","source_url":"https:\/\/www.gardaseezeitung.it\/gardaseezeitung_new\/de\/wp-content\/uploads\/sites\/2\/2022\/11\/100-disney-the-concert-768x402.jpg"},"big_image":{"file":"100-disney-the-concert-750x392.jpg","width":750,"height":392,"mime-type":"image\/jpeg","source_url":"https:\/\/www.gardaseezeitung.it\/gardaseezeitung_new\/de\/wp-content\/uploads\/sites\/2\/2022\/11\/100-disney-the-concert-750x392.jpg"},"guest-author-32":{"file":"100-disney-the-concert-32x32.jpg","width":32,"height":32,"mime-type":"image\/jpeg","source_url":"https:\/\/www.gardaseezeitung.it\/gardaseezeitung_new\/de\/wp-content\/uploads\/sites\/2\/2022\/11\/100-disney-the-concert-32x32.jpg"},"guest-author-50":{"file":"100-disney-the-concert-50x50.jpg","width":50,"height":50,"mime-type":"image\/jpeg","source_url":"https:\/\/www.gardaseezeitung.it\/gardaseezeitung_new\/de\/wp-content\/uploads\/sites\/2\/2022\/11\/100-disney-the-concert-50x50.jpg"},"guest-author-64":{"file":"100-disney-the-concert-64x64.jpg","width":64,"height":64,"mime-type":"image\/jpeg","source_url":"https:\/\/www.gardaseezeitung.it\/gardaseezeitung_new\/de\/wp-content\/uploads\/sites\/2\/2022\/11\/100-disney-the-concert-64x64.jpg"},"guest-author-96":{"file":"100-disney-the-concert-96x96.jpg","width":96,"height":96,"mime-type":"image\/jpeg","source_url":"https:\/\/www.gardaseezeitung.it\/gardaseezeitung_new\/de\/wp-content\/uploads\/sites\/2\/2022\/11\/100-disney-the-concert-96x96.jpg"},"guest-author-128":{"file":"100-disney-the-concert-128x128.jpg","width":128,"height":128,"mime-type":"image\/jpeg","source_url":"https:\/\/www.gardaseezeitung.it\/gardaseezeitung_new\/de\/wp-content\/uploads\/sites\/2\/2022\/11\/100-disney-the-concert-128x128.jpg"},"full":{"file":"100-disney-the-concert.jpg","width":1000,"height":523,"mime_type":"","source_url":"https:\/\/www.gardaseezeitung.it\/gardaseezeitung_new\/de\/wp-content\/uploads\/sites\/2\/2022\/11\/100-disney-the-concert.jpg"}},"image_meta":{"aperture":"0","credit":"","camera":"","caption":"","created_timestamp":"0","copyright":"","focal_length":"0","iso":"0","shutter_speed":"0","title":"","orientation":"1","keywords":[]}},"_links":{"self":[{"href":"https:\/\/www.gardaseezeitung.it\/gardaseezeitung_new\/de\/wp-json\/wp\/v2\/posts\/13606"}],"collection":[{"href":"https:\/\/www.gardaseezeitung.it\/gardaseezeitung_new\/de\/wp-json\/wp\/v2\/posts"}],"about":[{"href":"https:\/\/www.gardaseezeitung.it\/gardaseezeitung_new\/de\/wp-json\/wp\/v2\/types\/post"}],"author":[{"embeddable":true,"href":"https:\/\/www.gardaseezeitung.it\/gardaseezeitung_new\/de\/wp-json\/wp\/v2\/users\/9"}],"replies":[{"embeddable":true,"href":"https:\/\/www.gardaseezeitung.it\/gardaseezeitung_new\/de\/wp-json\/wp\/v2\/comments?post=13606"}],"version-history":[{"count":1,"href":"https:\/\/www.gardaseezeitung.it\/gardaseezeitung_new\/de\/wp-json\/wp\/v2\/posts\/13606\/revisions"}],"predecessor-version":[{"id":13608,"href":"https:\/\/www.gardaseezeitung.it\/gardaseezeitung_new\/de\/wp-json\/wp\/v2\/posts\/13606\/revisions\/13608"}],"wp:featuredmedia":[{"embeddable":true,"href":"https:\/\/www.gardaseezeitung.it\/gardaseezeitung_new\/de\/wp-json\/wp\/v2\/media\/12142"}],"wp:attachment":[{"href":"https:\/\/www.gardaseezeitung.it\/gardaseezeitung_new\/de\/wp-json\/wp\/v2\/media?parent=13606"}],"wp:term":[{"taxonomy":"category","embeddable":true,"href":"https:\/\/www.gardaseezeitung.it\/gardaseezeitung_new\/de\/wp-json\/wp\/v2\/categories?post=13606"},{"taxonomy":"post_tag","embeddable":true,"href":"https:\/\/www.gardaseezeitung.it\/gardaseezeitung_new\/de\/wp-json\/wp\/v2\/tags?post=13606"},{"taxonomy":"news-destination","embeddable":true,"href":"https:\/\/www.gardaseezeitung.it\/gardaseezeitung_new\/de\/wp-json\/wp\/v2\/news-destination?post=13606"},{"taxonomy":"news-source","embeddable":true,"href":"https:\/\/www.gardaseezeitung.it\/gardaseezeitung_new\/de\/wp-json\/wp\/v2\/news-source?post=13606"},{"taxonomy":"is_homepage","embeddable":true,"href":"https:\/\/www.gardaseezeitung.it\/gardaseezeitung_new\/de\/wp-json\/wp\/v2\/is_homepage?post=13606"},{"taxonomy":"ta_other","embeddable":true,"href":"https:\/\/www.gardaseezeitung.it\/gardaseezeitung_new\/de\/wp-json\/wp\/v2\/ta_other?post=13606"}],"curies":[{"name":"wp","href":"https:\/\/api.w.org\/{rel}","templated":true}]}}