{"id":13614,"date":"2023-05-14T12:30:47","date_gmt":"2023-05-14T10:30:47","guid":{"rendered":"http:\/\/www-gardaseezeitung-it-euwp*.sitenm.com\/2023\/05\/14\/muttertag-parco-natura-viva-veroeffentlicht-video-von-der-geburt-eines-faultierbabys\/"},"modified":"2023-05-14T12:30:52","modified_gmt":"2022-07-18T12:30:52","slug":"muttertag-parco-natura-viva-veroeffentlicht-video-von-der-geburt-eines-faultierbabys","status":"publish","type":"post","link":"https:\/\/www.gardaseezeitung.it\/2023\/05\/14\/muttertag-parco-natura-viva-veroeffentlicht-video-von-der-geburt-eines-faultierbabys\/","title":{"rendered":"Muttertag: Parco Natura Viva ver\u00f6ffentlicht Video von der Geburt eines Faultierbabys"},"content":{"rendered":"<p>Dank der Bilder eines Besuchers konnte die Geburt von Wendys j\u00fcngstem Baby gefilmt werden, einem Faultier im Parco Natura Viva, in dem es 2023 so viel Neues geben soll. Zuletzt die Ankunft von zwei m\u00e4nnlichen Exemplaren des Urial transc\u00e0spicus (\ud835\udc76\ud835\udc97\ud835\udc8a\ud835\udc94 \ud835\udc97\ud835\udc8a\ud835\udc88\ud835\udc8f\ud835\udc86\ud835\udc8a \ud835\udc82\ud835\udc93\ud835\udc93\ud835\udc8c\ud835\udc82\ud835\udc8d), einem wilden Bergschaf, das aus dem Jardin des Plantes in Paris stammt und nun in Europa in der ehemaligen Hirschabteilung untergebracht ist, und ein Dutzend Sperlingsv\u00f6gel aus S\u00fcdostasien: Der Rotbartb\u00fclb\u00fcl (\ud835\udc77\ud835\udc9a\ud835\udc84\ud835\udc8f\ud835\udc90\ud835\udc8f\ud835\udc90\ud835\udc95\ud835\udc96\ud835\udc94 \ud835\udc8b\ud835\udc90\ud835\udc84\ud835\udc90\ud835\udc94\ud835\udc96\ud835\udc94), der vor wenigen Tagen aus dem Emmen Wildlands Zoo eingetroffen ist. Nach einer ersten Untersuchung in einer Akklimatisierungsvoliere wurden sie in den ersten Teil des Gew\u00e4chshauses entlassen, in dem Komodowarane leben.<\/p>\n<figure id=\"attachment_13613\" style=\"width: 150px\" class=\"wp-caption alignnone\"><a href=\"https:\/\/www.youtube.com\/watch?v=Z5bt6QW99Uw&amp;t=11s\"><img title=\"Muttertag: Parco Natura Viva ver\u00f6ffentlicht Video von der Geburt eines Faultierbabys\" loading=\"lazy\" class=\"size-thumbnail wp-image-13613\" src=\"https:\/\/www.gardaseezeitung.it\/gardaseezeitung_new\/de\/wp-content\/uploads\/sites\/2\/2023\/05\/bradipino-e-wendy-101221-2-3.jpg\" alt=\"Parco Natura Viva - Wendy und der Faultierbaby\" width=\"150\" height=\"150\" srcset=\"https:\/\/euwps05.newsmemory.com\/gardaseezeitung_new\/de\/wp-content\/uploads\/sites\/2\/2023\/05\/bradipino-e-wendy-101221-2-3-150x150.jpg 150w, https:\/\/euwps05.newsmemory.com\/gardaseezeitung_new\/de\/wp-content\/uploads\/sites\/2\/2023\/05\/bradipino-e-wendy-101221-2-3-32x32.jpg 32w, https:\/\/euwps05.newsmemory.com\/gardaseezeitung_new\/de\/wp-content\/uploads\/sites\/2\/2023\/05\/bradipino-e-wendy-101221-2-3-50x50.jpg 50w, https:\/\/euwps05.newsmemory.com\/gardaseezeitung_new\/de\/wp-content\/uploads\/sites\/2\/2023\/05\/bradipino-e-wendy-101221-2-3-64x64.jpg 64w, https:\/\/euwps05.newsmemory.com\/gardaseezeitung_new\/de\/wp-content\/uploads\/sites\/2\/2023\/05\/bradipino-e-wendy-101221-2-3-96x96.jpg 96w, https:\/\/euwps05.newsmemory.com\/gardaseezeitung_new\/de\/wp-content\/uploads\/sites\/2\/2023\/05\/bradipino-e-wendy-101221-2-3-128x128.jpg 128w\" sizes=\"(max-width: 150px) 100vw, 150px\" \/><\/a><figcaption class=\"wp-caption-text\">Parco Natura Viva &#8211; Wendy und der Faultierbaby<\/figcaption><\/figure>\n<p>&nbsp;<\/p>\n","protected":false},"excerpt":{"rendered":"<p>Die Faultiermutter, die ein weiteres Baby zur Welt gebracht hat, hei\u00dft Wendy<\/p>\n","protected":false},"author":9,"featured_media":13613,"comment_status":"open","ping_status":"open","sticky":false,"template":"","format":"standard","meta":[],"categories":[2,4,5],"tags":[3760,3761,23,26,3762,75,3763,3764],"news-destination":[],"news-source":[],"is_homepage":[],"ta_other":[],"featured_media_details":{"width":1024,"height":576,"file":"2023\/05\/bradipino-e-wendy-101221-2-3.jpg","sizes":{"thumbnail":{"file":"bradipino-e-wendy-101221-2-3-150x150.jpg","width":150,"height":150,"mime-type":"image\/jpeg","source_url":"https:\/\/www.gardaseezeitung.it\/gardaseezeitung_new\/de\/wp-content\/uploads\/sites\/2\/2023\/05\/bradipino-e-wendy-101221-2-3-150x150.jpg"},"medium":{"file":"bradipino-e-wendy-101221-2-3-300x169.jpg","width":300,"height":169,"mime-type":"image\/jpeg","source_url":"https:\/\/www.gardaseezeitung.it\/gardaseezeitung_new\/de\/wp-content\/uploads\/sites\/2\/2023\/05\/bradipino-e-wendy-101221-2-3-300x169.jpg"},"medium_large":{"file":"bradipino-e-wendy-101221-2-3-768x432.jpg","width":768,"height":432,"mime-type":"image\/jpeg","source_url":"https:\/\/www.gardaseezeitung.it\/gardaseezeitung_new\/de\/wp-content\/uploads\/sites\/2\/2023\/05\/bradipino-e-wendy-101221-2-3-768x432.jpg"},"large":{"file":"bradipino-e-wendy-101221-2-3-1024x576.jpg","width":1024,"height":576,"mime-type":"image\/jpeg","source_url":"https:\/\/www.gardaseezeitung.it\/gardaseezeitung_new\/de\/wp-content\/uploads\/sites\/2\/2023\/05\/bradipino-e-wendy-101221-2-3-1024x576.jpg"},"big_image":{"file":"bradipino-e-wendy-101221-2-3-750x422.jpg","width":750,"height":422,"mime-type":"image\/jpeg","source_url":"https:\/\/www.gardaseezeitung.it\/gardaseezeitung_new\/de\/wp-content\/uploads\/sites\/2\/2023\/05\/bradipino-e-wendy-101221-2-3-750x422.jpg"},"guest-author-32":{"file":"bradipino-e-wendy-101221-2-3-32x32.jpg","width":32,"height":32,"mime-type":"image\/jpeg","source_url":"https:\/\/www.gardaseezeitung.it\/gardaseezeitung_new\/de\/wp-content\/uploads\/sites\/2\/2023\/05\/bradipino-e-wendy-101221-2-3-32x32.jpg"},"guest-author-50":{"file":"bradipino-e-wendy-101221-2-3-50x50.jpg","width":50,"height":50,"mime-type":"image\/jpeg","source_url":"https:\/\/www.gardaseezeitung.it\/gardaseezeitung_new\/de\/wp-content\/uploads\/sites\/2\/2023\/05\/bradipino-e-wendy-101221-2-3-50x50.jpg"},"guest-author-64":{"file":"bradipino-e-wendy-101221-2-3-64x64.jpg","width":64,"height":64,"mime-type":"image\/jpeg","source_url":"https:\/\/www.gardaseezeitung.it\/gardaseezeitung_new\/de\/wp-content\/uploads\/sites\/2\/2023\/05\/bradipino-e-wendy-101221-2-3-64x64.jpg"},"guest-author-96":{"file":"bradipino-e-wendy-101221-2-3-96x96.jpg","width":96,"height":96,"mime-type":"image\/jpeg","source_url":"https:\/\/www.gardaseezeitung.it\/gardaseezeitung_new\/de\/wp-content\/uploads\/sites\/2\/2023\/05\/bradipino-e-wendy-101221-2-3-96x96.jpg"},"guest-author-128":{"file":"bradipino-e-wendy-101221-2-3-128x128.jpg","width":128,"height":128,"mime-type":"image\/jpeg","source_url":"https:\/\/www.gardaseezeitung.it\/gardaseezeitung_new\/de\/wp-content\/uploads\/sites\/2\/2023\/05\/bradipino-e-wendy-101221-2-3-128x128.jpg"},"full":{"file":"bradipino-e-wendy-101221-2-3.jpg","width":1024,"height":576,"mime_type":"","source_url":"https:\/\/www.gardaseezeitung.it\/gardaseezeitung_new\/de\/wp-content\/uploads\/sites\/2\/2023\/05\/bradipino-e-wendy-101221-2-3.jpg"}},"image_meta":{"aperture":"0","credit":"","camera":"","caption":"","created_timestamp":"0","copyright":"","focal_length":"0","iso":"0","shutter_speed":"0","title":"","orientation":"1","keywords":[]}},"_links":{"self":[{"href":"https:\/\/www.gardaseezeitung.it\/gardaseezeitung_new\/de\/wp-json\/wp\/v2\/posts\/13614"}],"collection":[{"href":"https:\/\/www.gardaseezeitung.it\/gardaseezeitung_new\/de\/wp-json\/wp\/v2\/posts"}],"about":[{"href":"https:\/\/www.gardaseezeitung.it\/gardaseezeitung_new\/de\/wp-json\/wp\/v2\/types\/post"}],"author":[{"embeddable":true,"href":"https:\/\/www.gardaseezeitung.it\/gardaseezeitung_new\/de\/wp-json\/wp\/v2\/users\/9"}],"replies":[{"embeddable":true,"href":"https:\/\/www.gardaseezeitung.it\/gardaseezeitung_new\/de\/wp-json\/wp\/v2\/comments?post=13614"}],"version-history":[{"count":5,"href":"https:\/\/www.gardaseezeitung.it\/gardaseezeitung_new\/de\/wp-json\/wp\/v2\/posts\/13614\/revisions"}],"predecessor-version":[{"id":17257,"href":"https:\/\/www.gardaseezeitung.it\/gardaseezeitung_new\/de\/wp-json\/wp\/v2\/posts\/13614\/revisions\/17257"}],"wp:featuredmedia":[{"embeddable":true,"href":"https:\/\/www.gardaseezeitung.it\/gardaseezeitung_new\/de\/wp-json\/wp\/v2\/media\/13613"}],"wp:attachment":[{"href":"https:\/\/www.gardaseezeitung.it\/gardaseezeitung_new\/de\/wp-json\/wp\/v2\/media?parent=13614"}],"wp:term":[{"taxonomy":"category","embeddable":true,"href":"https:\/\/www.gardaseezeitung.it\/gardaseezeitung_new\/de\/wp-json\/wp\/v2\/categories?post=13614"},{"taxonomy":"post_tag","embeddable":true,"href":"https:\/\/www.gardaseezeitung.it\/gardaseezeitung_new\/de\/wp-json\/wp\/v2\/tags?post=13614"},{"taxonomy":"news-destination","embeddable":true,"href":"https:\/\/www.gardaseezeitung.it\/gardaseezeitung_new\/de\/wp-json\/wp\/v2\/news-destination?post=13614"},{"taxonomy":"news-source","embeddable":true,"href":"https:\/\/www.gardaseezeitung.it\/gardaseezeitung_new\/de\/wp-json\/wp\/v2\/news-source?post=13614"},{"taxonomy":"is_homepage","embeddable":true,"href":"https:\/\/www.gardaseezeitung.it\/gardaseezeitung_new\/de\/wp-json\/wp\/v2\/is_homepage?post=13614"},{"taxonomy":"ta_other","embeddable":true,"href":"https:\/\/www.gardaseezeitung.it\/gardaseezeitung_new\/de\/wp-json\/wp\/v2\/ta_other?post=13614"}],"curies":[{"name":"wp","href":"https:\/\/api.w.org\/{rel}","templated":true}]}}