{"id":13685,"date":"2023-05-23T22:58:08","date_gmt":"2023-05-23T20:58:08","guid":{"rendered":"http:\/\/www-gardaseezeitung-it-euwp*.sitenm.com\/2023\/05\/23\/desenzano-del-garda-grossbrand-im-einkaufszentrum-le-vele-jetzt-unter-kontrolle\/"},"modified":"2023-05-23T23:03:22","modified_gmt":"2022-07-27T23:03:22","slug":"desenzano-del-garda-grossbrand-im-einkaufszentrum-le-vele-jetzt-unter-kontrolle","status":"publish","type":"post","link":"https:\/\/www.gardaseezeitung.it\/2023\/05\/23\/desenzano-del-garda-grossbrand-im-einkaufszentrum-le-vele-jetzt-unter-kontrolle\/","title":{"rendered":"Desenzano del Garda: Gro\u00dfbrand im Einkaufszentrum Le Vele, jetzt unter Kontrolle"},"content":{"rendered":"<p>In einer Lagerhalle des ehemaligen Obi-Ladens, der mit dem Einkaufszentrum Le Vele in Desenzano del Garda verbunden ist, ist ein gro\u00dfes Feuer ausgebrochen. Es wurden keine Verletzten gemeldet, auch weil das Geb\u00e4ude leer steht und die Arbeiten noch im Gange sind. Dichter, dunkler Rauch war schon von weitem sichtbar. Das Feuer &#8211; so berichtet die Feuerwehr &#8211; ist derzeit unter Kontrolle, nachdem alles getan wurde, um ein \u00dcbergreifen auf die umliegenden B\u00fcros zu verhindern. Insgesamt waren einunddrei\u00dfig Fahrzeuge beteiligt, darunter L\u00f6schfahrzeuge, Tankwagen, Leiterwagen und Hilfsfahrzeuge.Die Region Lombardei hat sofort Techniker an den Ort geschickt, um m\u00f6gliche Gefahren f\u00fcr die Luftverschmutzung zu \u00fcberwachen, die im Moment nicht gegeben zu sein scheinen; die Staatsanwaltschaft hat ihrerseits eine Akte angelegt, um die Dynamik des Feuers zu kl\u00e4ren.<\/p>\n<p>&nbsp;<\/p>\n","protected":false},"excerpt":{"rendered":"<p>Die Feuerwehr war schnell vor Ort: keine Verletzten, da das Geb\u00e4ude gl\u00fccklicherweise leer war<\/p>\n","protected":false},"author":9,"featured_media":13684,"comment_status":"open","ping_status":"open","sticky":false,"template":"","format":"standard","meta":[],"categories":[2],"tags":[1035,23,26,3780,2877],"news-destination":[],"news-source":[],"is_homepage":[],"ta_other":[],"featured_media_details":{"width":1337,"height":747,"file":"2023\/05\/Untitled.jpg","sizes":{"thumbnail":{"file":"Untitled-150x150.jpg","width":150,"height":150,"mime-type":"image\/jpeg","source_url":"https:\/\/www.gardaseezeitung.it\/gardaseezeitung_new\/de\/wp-content\/uploads\/sites\/2\/2023\/05\/Untitled-150x150.jpg"},"medium":{"file":"Untitled-300x168.jpg","width":300,"height":168,"mime-type":"image\/jpeg","source_url":"https:\/\/www.gardaseezeitung.it\/gardaseezeitung_new\/de\/wp-content\/uploads\/sites\/2\/2023\/05\/Untitled-300x168.jpg"},"medium_large":{"file":"Untitled-768x429.jpg","width":768,"height":429,"mime-type":"image\/jpeg","source_url":"https:\/\/www.gardaseezeitung.it\/gardaseezeitung_new\/de\/wp-content\/uploads\/sites\/2\/2023\/05\/Untitled-768x429.jpg"},"large":{"file":"Untitled-1024x572.jpg","width":1024,"height":572,"mime-type":"image\/jpeg","source_url":"https:\/\/www.gardaseezeitung.it\/gardaseezeitung_new\/de\/wp-content\/uploads\/sites\/2\/2023\/05\/Untitled-1024x572.jpg"},"big_image":{"file":"Untitled-750x419.jpg","width":750,"height":419,"mime-type":"image\/jpeg","source_url":"https:\/\/www.gardaseezeitung.it\/gardaseezeitung_new\/de\/wp-content\/uploads\/sites\/2\/2023\/05\/Untitled-750x419.jpg"},"guest-author-32":{"file":"Untitled-32x32.jpg","width":32,"height":32,"mime-type":"image\/jpeg","source_url":"https:\/\/www.gardaseezeitung.it\/gardaseezeitung_new\/de\/wp-content\/uploads\/sites\/2\/2023\/05\/Untitled-32x32.jpg"},"guest-author-50":{"file":"Untitled-50x50.jpg","width":50,"height":50,"mime-type":"image\/jpeg","source_url":"https:\/\/www.gardaseezeitung.it\/gardaseezeitung_new\/de\/wp-content\/uploads\/sites\/2\/2023\/05\/Untitled-50x50.jpg"},"guest-author-64":{"file":"Untitled-64x64.jpg","width":64,"height":64,"mime-type":"image\/jpeg","source_url":"https:\/\/www.gardaseezeitung.it\/gardaseezeitung_new\/de\/wp-content\/uploads\/sites\/2\/2023\/05\/Untitled-64x64.jpg"},"guest-author-96":{"file":"Untitled-96x96.jpg","width":96,"height":96,"mime-type":"image\/jpeg","source_url":"https:\/\/www.gardaseezeitung.it\/gardaseezeitung_new\/de\/wp-content\/uploads\/sites\/2\/2023\/05\/Untitled-96x96.jpg"},"guest-author-128":{"file":"Untitled-128x128.jpg","width":128,"height":128,"mime-type":"image\/jpeg","source_url":"https:\/\/www.gardaseezeitung.it\/gardaseezeitung_new\/de\/wp-content\/uploads\/sites\/2\/2023\/05\/Untitled-128x128.jpg"},"full":{"file":"Untitled.jpg","width":1337,"height":747,"mime_type":"","source_url":"https:\/\/www.gardaseezeitung.it\/gardaseezeitung_new\/de\/wp-content\/uploads\/sites\/2\/2023\/05\/Untitled.jpg"}},"image_meta":{"aperture":"0","credit":"","camera":"","caption":"","created_timestamp":"0","copyright":"","focal_length":"0","iso":"0","shutter_speed":"0","title":"Gro\u00dfbrand im Einkaufszentrum Le Vele","orientation":"1","keywords":[]}},"_links":{"self":[{"href":"https:\/\/www.gardaseezeitung.it\/gardaseezeitung_new\/de\/wp-json\/wp\/v2\/posts\/13685"}],"collection":[{"href":"https:\/\/www.gardaseezeitung.it\/gardaseezeitung_new\/de\/wp-json\/wp\/v2\/posts"}],"about":[{"href":"https:\/\/www.gardaseezeitung.it\/gardaseezeitung_new\/de\/wp-json\/wp\/v2\/types\/post"}],"author":[{"embeddable":true,"href":"https:\/\/www.gardaseezeitung.it\/gardaseezeitung_new\/de\/wp-json\/wp\/v2\/users\/9"}],"replies":[{"embeddable":true,"href":"https:\/\/www.gardaseezeitung.it\/gardaseezeitung_new\/de\/wp-json\/wp\/v2\/comments?post=13685"}],"version-history":[{"count":1,"href":"https:\/\/www.gardaseezeitung.it\/gardaseezeitung_new\/de\/wp-json\/wp\/v2\/posts\/13685\/revisions"}],"predecessor-version":[{"id":13686,"href":"https:\/\/www.gardaseezeitung.it\/gardaseezeitung_new\/de\/wp-json\/wp\/v2\/posts\/13685\/revisions\/13686"}],"wp:featuredmedia":[{"embeddable":true,"href":"https:\/\/www.gardaseezeitung.it\/gardaseezeitung_new\/de\/wp-json\/wp\/v2\/media\/13684"}],"wp:attachment":[{"href":"https:\/\/www.gardaseezeitung.it\/gardaseezeitung_new\/de\/wp-json\/wp\/v2\/media?parent=13685"}],"wp:term":[{"taxonomy":"category","embeddable":true,"href":"https:\/\/www.gardaseezeitung.it\/gardaseezeitung_new\/de\/wp-json\/wp\/v2\/categories?post=13685"},{"taxonomy":"post_tag","embeddable":true,"href":"https:\/\/www.gardaseezeitung.it\/gardaseezeitung_new\/de\/wp-json\/wp\/v2\/tags?post=13685"},{"taxonomy":"news-destination","embeddable":true,"href":"https:\/\/www.gardaseezeitung.it\/gardaseezeitung_new\/de\/wp-json\/wp\/v2\/news-destination?post=13685"},{"taxonomy":"news-source","embeddable":true,"href":"https:\/\/www.gardaseezeitung.it\/gardaseezeitung_new\/de\/wp-json\/wp\/v2\/news-source?post=13685"},{"taxonomy":"is_homepage","embeddable":true,"href":"https:\/\/www.gardaseezeitung.it\/gardaseezeitung_new\/de\/wp-json\/wp\/v2\/is_homepage?post=13685"},{"taxonomy":"ta_other","embeddable":true,"href":"https:\/\/www.gardaseezeitung.it\/gardaseezeitung_new\/de\/wp-json\/wp\/v2\/ta_other?post=13685"}],"curies":[{"name":"wp","href":"https:\/\/api.w.org\/{rel}","templated":true}]}}