{"id":13698,"date":"2023-05-28T00:01:50","date_gmt":"2023-05-27T22:01:50","guid":{"rendered":"http:\/\/www-gardaseezeitung-it-euwp*.sitenm.com\/2023\/05\/28\/diesen-sommer-kehrt-das-wandertheater-romeo-und-julia-nach-verona-zurueck\/"},"modified":"2023-05-28T00:01:55","modified_gmt":"2022-08-01T00:01:55","slug":"diesen-sommer-kehrt-das-wandertheater-romeo-und-julia-nach-verona-zurueck","status":"publish","type":"post","link":"https:\/\/www.gardaseezeitung.it\/2023\/05\/28\/diesen-sommer-kehrt-das-wandertheater-romeo-und-julia-nach-verona-zurueck\/","title":{"rendered":"Diesen Sommer kehrt das Wandertheater &#8222;Romeo und Julia&#8220; nach Verona zur\u00fcck"},"content":{"rendered":"<p>Zur Feier der f\u00fcnfunddrei\u00dfigsten Ausgabe gibt es in diesem Jahr vom 3. Juli bis zum 12. August (au\u00dfer sonntags) ab 21 Uhr sechsunddrei\u00dfig Auff\u00fchrungen des &#8222;Romeo und Julia-Wanderers&#8220;, der nach der Aida der Arena von 1913 die am l\u00e4ngsten laufende Show in Verona ist. Die Show wurde 1989 zum ersten Mal aufgef\u00fchrt und wird seitdem ununterbrochen jedes Jahr gespielt. Sie wird vom Teatro Stabile di Verona in italienischer Sprache produziert, mit einigen Momenten auf Englisch f\u00fcr das englischsprachige Publikum. Die neue Julia ist Maria Canal aus Verona; der neue Romeo ist Matteo Bianchi, der in Rom geboren wurde und eine Ausbildung an der &#8222;The King&#8217;s School&#8220; in Sydney und an der renommierten &#8222;Royal Academy of Dramatic Art&#8220; in London absolvierte. Die Schauspielerinnen und Schauspieler wurden aus den achtzehn endg\u00fcltigen Kandidaten ausgew\u00e4hlt, die auf der Grundlage von 292 eingegangenen Lebensl\u00e4ufen vorgesprochen haben, sowie aus den neunzehn, die an der offenen Ausschreibung teilgenommen haben.Vollpreis-Ticket: 20 Euro. Erm\u00e4\u00dfigte Verona Card und Ippogrifo Guide: 15 Euro. Informationen und Vorverkauf an der Kasse des Teatro Nuovo, Piazza Viviani 10, montags bis samstags von 15:30 bis 19:30 Uhr, unter der Telefonnummer 045 8006100 oder online.<\/p>\n<p>&nbsp;<\/p>\n","protected":false},"excerpt":{"rendered":"<p>Neue Besetzung und viele Neuerungen f\u00fcr die 35. Ausgabe, auf der B\u00fchne vom 3. Juli bis 12. August<\/p>\n","protected":false},"author":9,"featured_media":13697,"comment_status":"open","ping_status":"open","sticky":false,"template":"","format":"standard","meta":[],"categories":[2,4,5],"tags":[23,26,3792,3530,3793,3794,38],"news-destination":[],"news-source":[],"is_homepage":[],"ta_other":[],"featured_media_details":{"width":640,"height":360,"file":"2023\/05\/A-Verona-torna-lo-spettacolo-itinerante-22Romeo-e-Giulietta.-My-heart-is-yours22-2023-_-Locandina-Teatro-Nuovo.jpg","sizes":{"thumbnail":{"file":"A-Verona-torna-lo-spettacolo-itinerante-22Romeo-e-Giulietta.-My-heart-is-yours22-2023-_-Locandina-Teatro-Nuovo-150x150.jpg","width":150,"height":150,"mime-type":"image\/jpeg","source_url":"https:\/\/www.gardaseezeitung.it\/gardaseezeitung_new\/de\/wp-content\/uploads\/sites\/2\/2023\/05\/A-Verona-torna-lo-spettacolo-itinerante-22Romeo-e-Giulietta.-My-heart-is-yours22-2023-_-Locandina-Teatro-Nuovo-150x150.jpg"},"medium":{"file":"A-Verona-torna-lo-spettacolo-itinerante-22Romeo-e-Giulietta.-My-heart-is-yours22-2023-_-Locandina-Teatro-Nuovo-300x169.jpg","width":300,"height":169,"mime-type":"image\/jpeg","source_url":"https:\/\/www.gardaseezeitung.it\/gardaseezeitung_new\/de\/wp-content\/uploads\/sites\/2\/2023\/05\/A-Verona-torna-lo-spettacolo-itinerante-22Romeo-e-Giulietta.-My-heart-is-yours22-2023-_-Locandina-Teatro-Nuovo-300x169.jpg"},"guest-author-32":{"file":"A-Verona-torna-lo-spettacolo-itinerante-22Romeo-e-Giulietta.-My-heart-is-yours22-2023-_-Locandina-Teatro-Nuovo-32x32.jpg","width":32,"height":32,"mime-type":"image\/jpeg","source_url":"https:\/\/www.gardaseezeitung.it\/gardaseezeitung_new\/de\/wp-content\/uploads\/sites\/2\/2023\/05\/A-Verona-torna-lo-spettacolo-itinerante-22Romeo-e-Giulietta.-My-heart-is-yours22-2023-_-Locandina-Teatro-Nuovo-32x32.jpg"},"guest-author-50":{"file":"A-Verona-torna-lo-spettacolo-itinerante-22Romeo-e-Giulietta.-My-heart-is-yours22-2023-_-Locandina-Teatro-Nuovo-50x50.jpg","width":50,"height":50,"mime-type":"image\/jpeg","source_url":"https:\/\/www.gardaseezeitung.it\/gardaseezeitung_new\/de\/wp-content\/uploads\/sites\/2\/2023\/05\/A-Verona-torna-lo-spettacolo-itinerante-22Romeo-e-Giulietta.-My-heart-is-yours22-2023-_-Locandina-Teatro-Nuovo-50x50.jpg"},"guest-author-64":{"file":"A-Verona-torna-lo-spettacolo-itinerante-22Romeo-e-Giulietta.-My-heart-is-yours22-2023-_-Locandina-Teatro-Nuovo-64x64.jpg","width":64,"height":64,"mime-type":"image\/jpeg","source_url":"https:\/\/www.gardaseezeitung.it\/gardaseezeitung_new\/de\/wp-content\/uploads\/sites\/2\/2023\/05\/A-Verona-torna-lo-spettacolo-itinerante-22Romeo-e-Giulietta.-My-heart-is-yours22-2023-_-Locandina-Teatro-Nuovo-64x64.jpg"},"guest-author-96":{"file":"A-Verona-torna-lo-spettacolo-itinerante-22Romeo-e-Giulietta.-My-heart-is-yours22-2023-_-Locandina-Teatro-Nuovo-96x96.jpg","width":96,"height":96,"mime-type":"image\/jpeg","source_url":"https:\/\/www.gardaseezeitung.it\/gardaseezeitung_new\/de\/wp-content\/uploads\/sites\/2\/2023\/05\/A-Verona-torna-lo-spettacolo-itinerante-22Romeo-e-Giulietta.-My-heart-is-yours22-2023-_-Locandina-Teatro-Nuovo-96x96.jpg"},"guest-author-128":{"file":"A-Verona-torna-lo-spettacolo-itinerante-22Romeo-e-Giulietta.-My-heart-is-yours22-2023-_-Locandina-Teatro-Nuovo-128x128.jpg","width":128,"height":128,"mime-type":"image\/jpeg","source_url":"https:\/\/www.gardaseezeitung.it\/gardaseezeitung_new\/de\/wp-content\/uploads\/sites\/2\/2023\/05\/A-Verona-torna-lo-spettacolo-itinerante-22Romeo-e-Giulietta.-My-heart-is-yours22-2023-_-Locandina-Teatro-Nuovo-128x128.jpg"},"full":{"file":"A-Verona-torna-lo-spettacolo-itinerante-22Romeo-e-Giulietta.-My-heart-is-yours22-2023-_-Locandina-Teatro-Nuovo.jpg","width":640,"height":360,"mime_type":"","source_url":"https:\/\/www.gardaseezeitung.it\/gardaseezeitung_new\/de\/wp-content\/uploads\/sites\/2\/2023\/05\/A-Verona-torna-lo-spettacolo-itinerante-22Romeo-e-Giulietta.-My-heart-is-yours22-2023-_-Locandina-Teatro-Nuovo.jpg"}},"image_meta":{"aperture":"0","credit":"","camera":"","caption":"","created_timestamp":"0","copyright":"","focal_length":"0","iso":"0","shutter_speed":"0","title":"","orientation":"0","keywords":[]}},"_links":{"self":[{"href":"https:\/\/www.gardaseezeitung.it\/gardaseezeitung_new\/de\/wp-json\/wp\/v2\/posts\/13698"}],"collection":[{"href":"https:\/\/www.gardaseezeitung.it\/gardaseezeitung_new\/de\/wp-json\/wp\/v2\/posts"}],"about":[{"href":"https:\/\/www.gardaseezeitung.it\/gardaseezeitung_new\/de\/wp-json\/wp\/v2\/types\/post"}],"author":[{"embeddable":true,"href":"https:\/\/www.gardaseezeitung.it\/gardaseezeitung_new\/de\/wp-json\/wp\/v2\/users\/9"}],"replies":[{"embeddable":true,"href":"https:\/\/www.gardaseezeitung.it\/gardaseezeitung_new\/de\/wp-json\/wp\/v2\/comments?post=13698"}],"version-history":[{"count":1,"href":"https:\/\/www.gardaseezeitung.it\/gardaseezeitung_new\/de\/wp-json\/wp\/v2\/posts\/13698\/revisions"}],"predecessor-version":[{"id":13699,"href":"https:\/\/www.gardaseezeitung.it\/gardaseezeitung_new\/de\/wp-json\/wp\/v2\/posts\/13698\/revisions\/13699"}],"wp:featuredmedia":[{"embeddable":true,"href":"https:\/\/www.gardaseezeitung.it\/gardaseezeitung_new\/de\/wp-json\/wp\/v2\/media\/13697"}],"wp:attachment":[{"href":"https:\/\/www.gardaseezeitung.it\/gardaseezeitung_new\/de\/wp-json\/wp\/v2\/media?parent=13698"}],"wp:term":[{"taxonomy":"category","embeddable":true,"href":"https:\/\/www.gardaseezeitung.it\/gardaseezeitung_new\/de\/wp-json\/wp\/v2\/categories?post=13698"},{"taxonomy":"post_tag","embeddable":true,"href":"https:\/\/www.gardaseezeitung.it\/gardaseezeitung_new\/de\/wp-json\/wp\/v2\/tags?post=13698"},{"taxonomy":"news-destination","embeddable":true,"href":"https:\/\/www.gardaseezeitung.it\/gardaseezeitung_new\/de\/wp-json\/wp\/v2\/news-destination?post=13698"},{"taxonomy":"news-source","embeddable":true,"href":"https:\/\/www.gardaseezeitung.it\/gardaseezeitung_new\/de\/wp-json\/wp\/v2\/news-source?post=13698"},{"taxonomy":"is_homepage","embeddable":true,"href":"https:\/\/www.gardaseezeitung.it\/gardaseezeitung_new\/de\/wp-json\/wp\/v2\/is_homepage?post=13698"},{"taxonomy":"ta_other","embeddable":true,"href":"https:\/\/www.gardaseezeitung.it\/gardaseezeitung_new\/de\/wp-json\/wp\/v2\/ta_other?post=13698"}],"curies":[{"name":"wp","href":"https:\/\/api.w.org\/{rel}","templated":true}]}}