{"id":13709,"date":"2023-05-30T00:34:37","date_gmt":"2023-05-29T22:34:37","guid":{"rendered":"http:\/\/www-gardaseezeitung-it-euwp*.sitenm.com\/2023\/06\/16\/17-und-18-juni-auftakt-zum-valpolicella-jazz-festival-san-floriano\/"},"modified":"2023-05-30T09:32:09","modified_gmt":"2022-08-03T09:32:09","slug":"17-und-18-juni-auftakt-zum-valpolicella-jazz-festival-san-floriano","status":"publish","type":"post","link":"https:\/\/www.gardaseezeitung.it\/2023\/05\/30\/17-und-18-juni-auftakt-zum-valpolicella-jazz-festival-san-floriano\/","title":{"rendered":"17. und 18. Juni: Auftakt zum Valpolicella Jazz Festival in San Floriano"},"content":{"rendered":"<p>Die erste Ausgabe des Valpolicella Jazz Festivals wird am 17. und 18. Juni 2023 in der wundersch\u00f6nen Umgebung der Villa Lebrecht in San Floriano stattfinden. Renommierte K\u00fcnstler werden in einer nat\u00fcrlichen und stimmungsvollen Umgebung auftreten. Der Jazz wird den ersten Abend er\u00f6ffnen, w\u00e4hrend die Oper am n\u00e4chsten Tag den Abschluss bildet. Info: 340 5246699<\/p>\n","protected":false},"excerpt":{"rendered":"<p>Jazz am 17. und Oper am 18. Juni in der Villa Lebrecht<\/p>\n","protected":false},"author":9,"featured_media":13805,"comment_status":"open","ping_status":"open","sticky":false,"template":"","format":"standard","meta":[],"categories":[2,4,5],"tags":[23,26,1578,84,3802,3803],"news-destination":[],"news-source":[],"is_homepage":[],"ta_other":[],"featured_media_details":{"width":1024,"height":683,"file":"2023\/05\/Duo.png","sizes":{"thumbnail":{"file":"Duo-150x150.png","width":150,"height":150,"mime-type":"image\/png","source_url":"https:\/\/www.gardaseezeitung.it\/gardaseezeitung_new\/de\/wp-content\/uploads\/sites\/2\/2023\/05\/Duo-150x150.png"},"medium":{"file":"Duo-300x200.png","width":300,"height":200,"mime-type":"image\/png","source_url":"https:\/\/www.gardaseezeitung.it\/gardaseezeitung_new\/de\/wp-content\/uploads\/sites\/2\/2023\/05\/Duo-300x200.png"},"medium_large":{"file":"Duo-768x512.png","width":768,"height":512,"mime-type":"image\/png","source_url":"https:\/\/www.gardaseezeitung.it\/gardaseezeitung_new\/de\/wp-content\/uploads\/sites\/2\/2023\/05\/Duo-768x512.png"},"large":{"file":"Duo-1024x683.png","width":1024,"height":683,"mime-type":"image\/png","source_url":"https:\/\/www.gardaseezeitung.it\/gardaseezeitung_new\/de\/wp-content\/uploads\/sites\/2\/2023\/05\/Duo-1024x683.png"},"big_image":{"file":"Duo-750x500.png","width":750,"height":500,"mime-type":"image\/png","source_url":"https:\/\/www.gardaseezeitung.it\/gardaseezeitung_new\/de\/wp-content\/uploads\/sites\/2\/2023\/05\/Duo-750x500.png"},"guest-author-32":{"file":"Duo-32x32.png","width":32,"height":32,"mime-type":"image\/png","source_url":"https:\/\/www.gardaseezeitung.it\/gardaseezeitung_new\/de\/wp-content\/uploads\/sites\/2\/2023\/05\/Duo-32x32.png"},"guest-author-50":{"file":"Duo-50x50.png","width":50,"height":50,"mime-type":"image\/png","source_url":"https:\/\/www.gardaseezeitung.it\/gardaseezeitung_new\/de\/wp-content\/uploads\/sites\/2\/2023\/05\/Duo-50x50.png"},"guest-author-64":{"file":"Duo-64x64.png","width":64,"height":64,"mime-type":"image\/png","source_url":"https:\/\/www.gardaseezeitung.it\/gardaseezeitung_new\/de\/wp-content\/uploads\/sites\/2\/2023\/05\/Duo-64x64.png"},"guest-author-96":{"file":"Duo-96x96.png","width":96,"height":96,"mime-type":"image\/png","source_url":"https:\/\/www.gardaseezeitung.it\/gardaseezeitung_new\/de\/wp-content\/uploads\/sites\/2\/2023\/05\/Duo-96x96.png"},"guest-author-128":{"file":"Duo-128x128.png","width":128,"height":128,"mime-type":"image\/png","source_url":"https:\/\/www.gardaseezeitung.it\/gardaseezeitung_new\/de\/wp-content\/uploads\/sites\/2\/2023\/05\/Duo-128x128.png"},"full":{"file":"Duo.png","width":1024,"height":683,"mime_type":"","source_url":"https:\/\/www.gardaseezeitung.it\/gardaseezeitung_new\/de\/wp-content\/uploads\/sites\/2\/2023\/05\/Duo.png"}},"image_meta":{"aperture":"0","credit":"","camera":"","caption":"","created_timestamp":"0","copyright":"","focal_length":"0","iso":"0","shutter_speed":"0","title":"","orientation":"0","keywords":[]}},"_links":{"self":[{"href":"https:\/\/www.gardaseezeitung.it\/gardaseezeitung_new\/de\/wp-json\/wp\/v2\/posts\/13709"}],"collection":[{"href":"https:\/\/www.gardaseezeitung.it\/gardaseezeitung_new\/de\/wp-json\/wp\/v2\/posts"}],"about":[{"href":"https:\/\/www.gardaseezeitung.it\/gardaseezeitung_new\/de\/wp-json\/wp\/v2\/types\/post"}],"author":[{"embeddable":true,"href":"https:\/\/www.gardaseezeitung.it\/gardaseezeitung_new\/de\/wp-json\/wp\/v2\/users\/9"}],"replies":[{"embeddable":true,"href":"https:\/\/www.gardaseezeitung.it\/gardaseezeitung_new\/de\/wp-json\/wp\/v2\/comments?post=13709"}],"version-history":[{"count":1,"href":"https:\/\/www.gardaseezeitung.it\/gardaseezeitung_new\/de\/wp-json\/wp\/v2\/posts\/13709\/revisions"}],"predecessor-version":[{"id":13711,"href":"https:\/\/www.gardaseezeitung.it\/gardaseezeitung_new\/de\/wp-json\/wp\/v2\/posts\/13709\/revisions\/13711"}],"wp:featuredmedia":[{"embeddable":true,"href":"https:\/\/www.gardaseezeitung.it\/gardaseezeitung_new\/de\/wp-json\/wp\/v2\/media\/13805"}],"wp:attachment":[{"href":"https:\/\/www.gardaseezeitung.it\/gardaseezeitung_new\/de\/wp-json\/wp\/v2\/media?parent=13709"}],"wp:term":[{"taxonomy":"category","embeddable":true,"href":"https:\/\/www.gardaseezeitung.it\/gardaseezeitung_new\/de\/wp-json\/wp\/v2\/categories?post=13709"},{"taxonomy":"post_tag","embeddable":true,"href":"https:\/\/www.gardaseezeitung.it\/gardaseezeitung_new\/de\/wp-json\/wp\/v2\/tags?post=13709"},{"taxonomy":"news-destination","embeddable":true,"href":"https:\/\/www.gardaseezeitung.it\/gardaseezeitung_new\/de\/wp-json\/wp\/v2\/news-destination?post=13709"},{"taxonomy":"news-source","embeddable":true,"href":"https:\/\/www.gardaseezeitung.it\/gardaseezeitung_new\/de\/wp-json\/wp\/v2\/news-source?post=13709"},{"taxonomy":"is_homepage","embeddable":true,"href":"https:\/\/www.gardaseezeitung.it\/gardaseezeitung_new\/de\/wp-json\/wp\/v2\/is_homepage?post=13709"},{"taxonomy":"ta_other","embeddable":true,"href":"https:\/\/www.gardaseezeitung.it\/gardaseezeitung_new\/de\/wp-json\/wp\/v2\/ta_other?post=13709"}],"curies":[{"name":"wp","href":"https:\/\/api.w.org\/{rel}","templated":true}]}}