{"id":13788,"date":"2023-05-28T11:27:12","date_gmt":"2023-05-28T09:27:12","guid":{"rendered":"http:\/\/www-gardaseezeitung-it-euwp*.sitenm.com\/2023\/05\/28\/der-imbiss-im-olivenhain-kehrt-zurueck-nach-campo-di-brenzone\/"},"modified":"2023-05-28T11:27:18","modified_gmt":"2022-08-01T11:27:18","slug":"der-imbiss-im-olivenhain-kehrt-zurueck-nach-campo-di-brenzone","status":"publish","type":"post","link":"https:\/\/www.gardaseezeitung.it\/2023\/05\/28\/der-imbiss-im-olivenhain-kehrt-zurueck-nach-campo-di-brenzone\/","title":{"rendered":"Der &#8222;Imbiss im Olivenhain&#8220; kehrt zur\u00fcck nach Campo di Brenzone"},"content":{"rendered":"<p>Der Termin ist am Sonntag ab 16 Uhr: Es wird ein intensives Programm f\u00fcr Erwachsene und Kinder geben. Die Ctg von Brenzone, die Pro loco, das Theater der Olivenb\u00e4ume und die Gemeindeverwaltung haben sich zusammengetan, um mit der Initiative, die dank der Nationalen Vereinigung der \u00d6lst\u00e4dte, der auch Brenzone angeh\u00f6rt, organisiert wird, das native Oliven\u00f6l extra und den Weiler Campo zu f\u00f6rdern. &#8222;Die Teilnehmerinnen und Teilnehmer erhalten eine Snack-T\u00fcte, die sie in Campo zwischen den Olivenb\u00e4umen und bei einem Spaziergang durch das Dorf probieren k\u00f6nnen&#8220;, erkl\u00e4rt Brenzone. Es gibt eine Ausstellung mit Arbeiten von Kindern aus \u00f6rtlichen Schulen, ein Puppentheater, einen Korbflecht-Workshop, einen Kunstworkshop, eine Verkostung von nativem Oliven\u00f6l extra, eine multisensorische Ausstellung des K\u00fcnstlers Michele Minoia Zegarelli und um 17 Uhr ein Show-Konzert f\u00fcr die ganze Familie mit Disney-Figuren. &#8222;In den letzten Monaten&#8220;, erkl\u00e4rt der B\u00fcrgermeister von Brenzone, Davide Benedetti, &#8222;wurde ich zum Koordinator f\u00fcr die Provinz Verona der \u00d6lst\u00e4dte ernannt. &#8222;K\u00fcrzlich&#8220;, so Benedetti, &#8222;ist auch die Gemeinde Malcesine beigetreten und wir hoffen, dass auch andere Gemeinden Teil dieser wichtigen Vereinigung werden k\u00f6nnen. Die Merenda nell&#8217;oliveta ist eine Veranstaltung, die immer mit gro\u00dfer Spannung erwartet wird und der sich immer mehr Menschen anschlie\u00dfen&#8220;. Die Anmeldung f\u00fcr die Veranstaltung ist obligatorisch und kann per E-Mail an info@brenzone.it oder telefonisch unter 045.7420076 erfolgen. Die Teilnahmegeb\u00fchr betr\u00e4gt 10 Euro. .<\/p>\n","protected":false},"excerpt":{"rendered":"<p>Am Sonntag, den 28. M\u00e4rz, zwei Kunst- und Performance-Workshops, Verkostungen, Marionetten und eine multisensorische Ausstellung<\/p>\n","protected":false},"author":9,"featured_media":13787,"comment_status":"open","ping_status":"open","sticky":false,"template":"","format":"standard","meta":[],"categories":[4,5,6,3],"tags":[835,3817,1791,23,26,3818,3819],"news-destination":[],"news-source":[],"is_homepage":[],"ta_other":[],"featured_media_details":{"width":1110,"height":716,"file":"2023\/05\/olioolivouliveto.jpg","sizes":{"thumbnail":{"file":"olioolivouliveto-150x150.jpg","width":150,"height":150,"mime-type":"image\/jpeg","source_url":"https:\/\/www.gardaseezeitung.it\/gardaseezeitung_new\/de\/wp-content\/uploads\/sites\/2\/2023\/05\/olioolivouliveto-150x150.jpg"},"medium":{"file":"olioolivouliveto-300x194.jpg","width":300,"height":194,"mime-type":"image\/jpeg","source_url":"https:\/\/www.gardaseezeitung.it\/gardaseezeitung_new\/de\/wp-content\/uploads\/sites\/2\/2023\/05\/olioolivouliveto-300x194.jpg"},"medium_large":{"file":"olioolivouliveto-768x495.jpg","width":768,"height":495,"mime-type":"image\/jpeg","source_url":"https:\/\/www.gardaseezeitung.it\/gardaseezeitung_new\/de\/wp-content\/uploads\/sites\/2\/2023\/05\/olioolivouliveto-768x495.jpg"},"large":{"file":"olioolivouliveto-1024x661.jpg","width":1024,"height":661,"mime-type":"image\/jpeg","source_url":"https:\/\/www.gardaseezeitung.it\/gardaseezeitung_new\/de\/wp-content\/uploads\/sites\/2\/2023\/05\/olioolivouliveto-1024x661.jpg"},"big_image":{"file":"olioolivouliveto-750x484.jpg","width":750,"height":484,"mime-type":"image\/jpeg","source_url":"https:\/\/www.gardaseezeitung.it\/gardaseezeitung_new\/de\/wp-content\/uploads\/sites\/2\/2023\/05\/olioolivouliveto-750x484.jpg"},"guest-author-32":{"file":"olioolivouliveto-32x32.jpg","width":32,"height":32,"mime-type":"image\/jpeg","source_url":"https:\/\/www.gardaseezeitung.it\/gardaseezeitung_new\/de\/wp-content\/uploads\/sites\/2\/2023\/05\/olioolivouliveto-32x32.jpg"},"guest-author-50":{"file":"olioolivouliveto-50x50.jpg","width":50,"height":50,"mime-type":"image\/jpeg","source_url":"https:\/\/www.gardaseezeitung.it\/gardaseezeitung_new\/de\/wp-content\/uploads\/sites\/2\/2023\/05\/olioolivouliveto-50x50.jpg"},"guest-author-64":{"file":"olioolivouliveto-64x64.jpg","width":64,"height":64,"mime-type":"image\/jpeg","source_url":"https:\/\/www.gardaseezeitung.it\/gardaseezeitung_new\/de\/wp-content\/uploads\/sites\/2\/2023\/05\/olioolivouliveto-64x64.jpg"},"guest-author-96":{"file":"olioolivouliveto-96x96.jpg","width":96,"height":96,"mime-type":"image\/jpeg","source_url":"https:\/\/www.gardaseezeitung.it\/gardaseezeitung_new\/de\/wp-content\/uploads\/sites\/2\/2023\/05\/olioolivouliveto-96x96.jpg"},"guest-author-128":{"file":"olioolivouliveto-128x128.jpg","width":128,"height":128,"mime-type":"image\/jpeg","source_url":"https:\/\/www.gardaseezeitung.it\/gardaseezeitung_new\/de\/wp-content\/uploads\/sites\/2\/2023\/05\/olioolivouliveto-128x128.jpg"},"full":{"file":"olioolivouliveto.jpg","width":1110,"height":716,"mime_type":"","source_url":"https:\/\/www.gardaseezeitung.it\/gardaseezeitung_new\/de\/wp-content\/uploads\/sites\/2\/2023\/05\/olioolivouliveto.jpg"}},"image_meta":{"aperture":"0","credit":"","camera":"","caption":"","created_timestamp":"0","copyright":"","focal_length":"0","iso":"0","shutter_speed":"0","title":"","orientation":"0","keywords":[]}},"_links":{"self":[{"href":"https:\/\/www.gardaseezeitung.it\/gardaseezeitung_new\/de\/wp-json\/wp\/v2\/posts\/13788"}],"collection":[{"href":"https:\/\/www.gardaseezeitung.it\/gardaseezeitung_new\/de\/wp-json\/wp\/v2\/posts"}],"about":[{"href":"https:\/\/www.gardaseezeitung.it\/gardaseezeitung_new\/de\/wp-json\/wp\/v2\/types\/post"}],"author":[{"embeddable":true,"href":"https:\/\/www.gardaseezeitung.it\/gardaseezeitung_new\/de\/wp-json\/wp\/v2\/users\/9"}],"replies":[{"embeddable":true,"href":"https:\/\/www.gardaseezeitung.it\/gardaseezeitung_new\/de\/wp-json\/wp\/v2\/comments?post=13788"}],"version-history":[{"count":1,"href":"https:\/\/www.gardaseezeitung.it\/gardaseezeitung_new\/de\/wp-json\/wp\/v2\/posts\/13788\/revisions"}],"predecessor-version":[{"id":13789,"href":"https:\/\/www.gardaseezeitung.it\/gardaseezeitung_new\/de\/wp-json\/wp\/v2\/posts\/13788\/revisions\/13789"}],"wp:featuredmedia":[{"embeddable":true,"href":"https:\/\/www.gardaseezeitung.it\/gardaseezeitung_new\/de\/wp-json\/wp\/v2\/media\/13787"}],"wp:attachment":[{"href":"https:\/\/www.gardaseezeitung.it\/gardaseezeitung_new\/de\/wp-json\/wp\/v2\/media?parent=13788"}],"wp:term":[{"taxonomy":"category","embeddable":true,"href":"https:\/\/www.gardaseezeitung.it\/gardaseezeitung_new\/de\/wp-json\/wp\/v2\/categories?post=13788"},{"taxonomy":"post_tag","embeddable":true,"href":"https:\/\/www.gardaseezeitung.it\/gardaseezeitung_new\/de\/wp-json\/wp\/v2\/tags?post=13788"},{"taxonomy":"news-destination","embeddable":true,"href":"https:\/\/www.gardaseezeitung.it\/gardaseezeitung_new\/de\/wp-json\/wp\/v2\/news-destination?post=13788"},{"taxonomy":"news-source","embeddable":true,"href":"https:\/\/www.gardaseezeitung.it\/gardaseezeitung_new\/de\/wp-json\/wp\/v2\/news-source?post=13788"},{"taxonomy":"is_homepage","embeddable":true,"href":"https:\/\/www.gardaseezeitung.it\/gardaseezeitung_new\/de\/wp-json\/wp\/v2\/is_homepage?post=13788"},{"taxonomy":"ta_other","embeddable":true,"href":"https:\/\/www.gardaseezeitung.it\/gardaseezeitung_new\/de\/wp-json\/wp\/v2\/ta_other?post=13788"}],"curies":[{"name":"wp","href":"https:\/\/api.w.org\/{rel}","templated":true}]}}