{"id":13796,"date":"2023-05-29T00:52:37","date_gmt":"2023-05-28T22:52:37","guid":{"rendered":"http:\/\/www-gardaseezeitung-it-euwp*.sitenm.com\/2023\/05\/29\/a4-mautstellen-und-ganze-autobahnabschnitte-werden-diese-woche-gesperrt\/"},"modified":"2023-05-29T00:52:58","modified_gmt":"2022-08-02T00:52:58","slug":"a4-mautstellen-und-ganze-autobahnabschnitte-werden-diese-woche-gesperrt","status":"publish","type":"post","link":"https:\/\/www.gardaseezeitung.it\/2023\/05\/29\/a4-mautstellen-und-ganze-autobahnabschnitte-werden-diese-woche-gesperrt\/","title":{"rendered":"A4, Mautstellen und ganze Autobahnabschnitte werden diese Woche gesperrt"},"content":{"rendered":"<p>An der Mautstelle Verona Sud wird die Einfahrt f\u00fcr Reisende in Richtung Mailand in den N\u00e4chten von Montag, dem 29. und Dienstag, dem 30. Mai 2023 von 22 Uhr bis 4 Uhr morgens am Folgetag gesperrt; die Ausfahrt wird f\u00fcr Reisende aus Richtung Venedig in den N\u00e4chten von Mittwoch, dem 31. Mai und Donnerstag, dem 1. Juni 2023 von 22 Uhr bis 4 Uhr morgens am Folgetag gesperrt.<\/p>\n<p>Zwischen den Mautstellen Desenzano und Peschiera wird in der Nacht von Montag, dem 29. Mai 2023, von 21.00 Uhr bis 6.00 Uhr morgens nur ein Fahrstreifen benutzt.<\/p>\n<p>Zwischen den Mautstellen Sommacampagna und Peschiera wird der Autobahnabschnitt von Mittwoch, 31. Mai, 23 Uhr, bis Donnerstag, 1. Juni 2023, 5 Uhr, gesperrt. Reisende in Richtung Mailand m\u00fcssen an der Mautstelle Sommacampagna abfahren und k\u00f6nnen nach der Umleitung auf die S.R.11 an der Mautstelle Peschiera wieder auf die Autobahn auffahren. Ebenso m\u00fcssen Reisende in Richtung Venedig an der Mautstelle Peschiera ausfahren und k\u00f6nnen \u00fcber die S.R.11 an der Mautstelle Sommacampagna wieder auf die A4 auffahren. Zu den gleichen Zeiten werden die Anschlussstelle in Richtung Mailand an der Mautstelle Sommacampagna und die Anschlussstelle in Richtung Venedig an der Mautstelle Peschiera sowie die Rastpl\u00e4tze Val di Sona Ovest und Val di Sona Est geschlossen.<\/p>\n<p>Hinzu kommen die bereits geplanten und laufenden Arbeiten bis zum 27. Mai<\/p>\n","protected":false},"excerpt":{"rendered":"<p>Auf der Autobahn A4: Asphaltierungs-, HST- und Sicherheitsarbeiten mit Sperrungen und Engp\u00e4ssen <\/p>\n","protected":false},"author":9,"featured_media":4141,"comment_status":"open","ping_status":"open","sticky":false,"template":"","format":"standard","meta":[],"categories":[2,4,6],"tags":[659,3833,131,23,26,190,528,529],"news-destination":[],"news-source":[],"is_homepage":[],"ta_other":[],"featured_media_details":{"width":1024,"height":494,"file":"2020\/11\/lavoria22www.jpg","sizes":{"thumbnail":{"file":"lavoria22www-150x150.jpg","width":150,"height":150,"mime-type":"image\/jpeg","source_url":"https:\/\/www.gardaseezeitung.it\/gardaseezeitung_new\/de\/wp-content\/uploads\/sites\/2\/2020\/05\/lavoria22www-150x150.jpg"},"medium":{"file":"lavoria22www-300x145.jpg","width":300,"height":145,"mime-type":"image\/jpeg","source_url":"https:\/\/www.gardaseezeitung.it\/gardaseezeitung_new\/de\/wp-content\/uploads\/sites\/2\/2020\/05\/lavoria22www-300x145.jpg"},"medium_large":{"file":"lavoria22www-768x371.jpg","width":768,"height":371,"mime-type":"image\/jpeg","source_url":"https:\/\/www.gardaseezeitung.it\/gardaseezeitung_new\/de\/wp-content\/uploads\/sites\/2\/2020\/05\/lavoria22www-768x371.jpg"},"large":{"file":"lavoria22www-1024x494.jpg","width":1024,"height":494,"mime-type":"image\/jpeg","source_url":"https:\/\/www.gardaseezeitung.it\/gardaseezeitung_new\/de\/wp-content\/uploads\/sites\/2\/2020\/05\/lavoria22www-1024x494.jpg"},"big_image":{"file":"lavoria22www-750x362.jpg","width":750,"height":362,"mime-type":"image\/jpeg","source_url":"https:\/\/www.gardaseezeitung.it\/gardaseezeitung_new\/de\/wp-content\/uploads\/sites\/2\/2020\/05\/lavoria22www-750x362.jpg"},"guest-author-32":{"file":"lavoria22www-32x32.jpg","width":32,"height":32,"mime-type":"image\/jpeg","source_url":"https:\/\/www.gardaseezeitung.it\/gardaseezeitung_new\/de\/wp-content\/uploads\/sites\/2\/2020\/05\/lavoria22www-32x32.jpg"},"guest-author-50":{"file":"lavoria22www-50x50.jpg","width":50,"height":50,"mime-type":"image\/jpeg","source_url":"https:\/\/www.gardaseezeitung.it\/gardaseezeitung_new\/de\/wp-content\/uploads\/sites\/2\/2020\/05\/lavoria22www-50x50.jpg"},"guest-author-64":{"file":"lavoria22www-64x64.jpg","width":64,"height":64,"mime-type":"image\/jpeg","source_url":"https:\/\/www.gardaseezeitung.it\/gardaseezeitung_new\/de\/wp-content\/uploads\/sites\/2\/2020\/05\/lavoria22www-64x64.jpg"},"guest-author-96":{"file":"lavoria22www-96x96.jpg","width":96,"height":96,"mime-type":"image\/jpeg","source_url":"https:\/\/www.gardaseezeitung.it\/gardaseezeitung_new\/de\/wp-content\/uploads\/sites\/2\/2020\/05\/lavoria22www-96x96.jpg"},"guest-author-128":{"file":"lavoria22www-128x128.jpg","width":128,"height":128,"mime-type":"image\/jpeg","source_url":"https:\/\/www.gardaseezeitung.it\/gardaseezeitung_new\/de\/wp-content\/uploads\/sites\/2\/2020\/05\/lavoria22www-128x128.jpg"},"full":{"file":"lavoria22www.jpg","width":1024,"height":494,"mime_type":"","source_url":"https:\/\/www.gardaseezeitung.it\/gardaseezeitung_new\/de\/wp-content\/uploads\/sites\/2\/2020\/05\/lavoria22www.jpg"}},"image_meta":{"aperture":"0","credit":"","camera":"","caption":"","created_timestamp":"0","copyright":"","focal_length":"0","iso":"0","shutter_speed":"0","title":"","orientation":"1","keywords":[]}},"_links":{"self":[{"href":"https:\/\/www.gardaseezeitung.it\/gardaseezeitung_new\/de\/wp-json\/wp\/v2\/posts\/13796"}],"collection":[{"href":"https:\/\/www.gardaseezeitung.it\/gardaseezeitung_new\/de\/wp-json\/wp\/v2\/posts"}],"about":[{"href":"https:\/\/www.gardaseezeitung.it\/gardaseezeitung_new\/de\/wp-json\/wp\/v2\/types\/post"}],"author":[{"embeddable":true,"href":"https:\/\/www.gardaseezeitung.it\/gardaseezeitung_new\/de\/wp-json\/wp\/v2\/users\/9"}],"replies":[{"embeddable":true,"href":"https:\/\/www.gardaseezeitung.it\/gardaseezeitung_new\/de\/wp-json\/wp\/v2\/comments?post=13796"}],"version-history":[{"count":1,"href":"https:\/\/www.gardaseezeitung.it\/gardaseezeitung_new\/de\/wp-json\/wp\/v2\/posts\/13796\/revisions"}],"predecessor-version":[{"id":13797,"href":"https:\/\/www.gardaseezeitung.it\/gardaseezeitung_new\/de\/wp-json\/wp\/v2\/posts\/13796\/revisions\/13797"}],"wp:featuredmedia":[{"embeddable":true,"href":"https:\/\/www.gardaseezeitung.it\/gardaseezeitung_new\/de\/wp-json\/wp\/v2\/media\/4141"}],"wp:attachment":[{"href":"https:\/\/www.gardaseezeitung.it\/gardaseezeitung_new\/de\/wp-json\/wp\/v2\/media?parent=13796"}],"wp:term":[{"taxonomy":"category","embeddable":true,"href":"https:\/\/www.gardaseezeitung.it\/gardaseezeitung_new\/de\/wp-json\/wp\/v2\/categories?post=13796"},{"taxonomy":"post_tag","embeddable":true,"href":"https:\/\/www.gardaseezeitung.it\/gardaseezeitung_new\/de\/wp-json\/wp\/v2\/tags?post=13796"},{"taxonomy":"news-destination","embeddable":true,"href":"https:\/\/www.gardaseezeitung.it\/gardaseezeitung_new\/de\/wp-json\/wp\/v2\/news-destination?post=13796"},{"taxonomy":"news-source","embeddable":true,"href":"https:\/\/www.gardaseezeitung.it\/gardaseezeitung_new\/de\/wp-json\/wp\/v2\/news-source?post=13796"},{"taxonomy":"is_homepage","embeddable":true,"href":"https:\/\/www.gardaseezeitung.it\/gardaseezeitung_new\/de\/wp-json\/wp\/v2\/is_homepage?post=13796"},{"taxonomy":"ta_other","embeddable":true,"href":"https:\/\/www.gardaseezeitung.it\/gardaseezeitung_new\/de\/wp-json\/wp\/v2\/ta_other?post=13796"}],"curies":[{"name":"wp","href":"https:\/\/api.w.org\/{rel}","templated":true}]}}