{"id":13806,"date":"2023-05-31T00:07:57","date_gmt":"2023-05-30T22:07:57","guid":{"rendered":"http:\/\/www-gardaseezeitung-it-euwp*.sitenm.com\/2023\/05\/31\/rovereto-ausstellung-klimt-und-die-italienische-kunst-im-mart-verl%c3%a4ngert\/"},"modified":"2023-06-05T16:28:15","modified_gmt":"2022-08-09T16:28:15","slug":"rovereto-ausstellung-klimt-und-die-italienische-kunst-im-mart-verl%c3%a4ngert","status":"publish","type":"post","link":"https:\/\/www.gardaseezeitung.it\/2023\/05\/31\/rovereto-ausstellung-klimt-und-die-italienische-kunst-im-mart-verl%c3%a4ngert\/","title":{"rendered":"Rovereto: Ausstellung &#8222;Klimt und die italienische Kunst&#8220; im Mart verl\u00e4ngert"},"content":{"rendered":"<p>Bisher wurde die Ausstellung von den Touristen, die die Osterferien und die Fr\u00fchjahrsferien nutzten, sehr gesch\u00e4tzt. Die am 15. M\u00e4rz er\u00f6ffnete Ausstellung &#8222;Klimt und die italienische Kunst&#8220; bringt ausnahmsweise zwei italienische Meisterwerke von Klimt zusammen: &#8222;Judith II&#8220; und &#8222;Die drei Lebensalter der Frau&#8220;. Die erste Ausstellung \u00fcber Klimts Einfluss auf die gro\u00dfen Meister des fr\u00fchen 20. Jahrhunderts, wie Felice Casorati, Adolfo Wildt, Vittorio Zecchin und Luigi Bonazza, entwickelt sich um diese einzigartige Kombination. Italienische Maler und Bildhauer, die sich an der nordischen Sprache der Wiener und M\u00fcnchner Sezession orientierten, bearbeiteten Klimts Einfluss auf eigenst\u00e4ndige und originelle Weise: Die Bez\u00fcge lassen sich in den Verzierungen, Linien, Farben und dem Stil erkennen, die sich schlie\u00dflich mit den lokalen k\u00fcnstlerischen Merkmalen vermischten und neue Forschungen entstehen lie\u00dfen.Die rund 200 ausgestellten Werke veranschaulichen ein vielf\u00e4ltiges und komplexes Panorama, in dem verschiedene Disziplinen &#8211; von der Malerei bis zur dekorativen Kunst &#8211; im Zeichen eines erkennbaren \u00fcppigen, verf\u00fchrerischen und dekadenten Geschmacks nebeneinander bestehen.<\/p>\n<p>&nbsp;<\/p>\n","protected":false},"excerpt":{"rendered":"<p>Die Ausstellung, die in nur zwei Monaten bereits von 50.000 Menschen besucht wurde, wird noch bis zum 27. August den gro\u00dfen Sommer des Mart in Rovereto begleiten<\/p>\n","protected":false},"author":9,"featured_media":13805,"comment_status":"open","ping_status":"open","sticky":false,"template":"","format":"standard","meta":[],"categories":[4],"tags":[3832,3837,3833,23,26,3838,3834,3835,776,779,3836],"news-destination":[],"news-source":[],"is_homepage":[],"ta_other":[],"featured_media_details":{"width":1280,"height":720,"file":"2023\/05\/maxresdefault.jpg","sizes":{"thumbnail":{"file":"maxresdefault-150x150.jpg","width":150,"height":150,"mime-type":"image\/jpeg","source_url":"https:\/\/www.gardaseezeitung.it\/gardaseezeitung_new\/de\/wp-content\/uploads\/sites\/2\/2023\/05\/maxresdefault-150x150.jpg"},"medium":{"file":"maxresdefault-300x169.jpg","width":300,"height":169,"mime-type":"image\/jpeg","source_url":"https:\/\/www.gardaseezeitung.it\/gardaseezeitung_new\/de\/wp-content\/uploads\/sites\/2\/2023\/05\/maxresdefault-300x169.jpg"},"medium_large":{"file":"maxresdefault-768x432.jpg","width":768,"height":432,"mime-type":"image\/jpeg","source_url":"https:\/\/www.gardaseezeitung.it\/gardaseezeitung_new\/de\/wp-content\/uploads\/sites\/2\/2023\/05\/maxresdefault-768x432.jpg"},"large":{"file":"maxresdefault-1024x576.jpg","width":1024,"height":576,"mime-type":"image\/jpeg","source_url":"https:\/\/www.gardaseezeitung.it\/gardaseezeitung_new\/de\/wp-content\/uploads\/sites\/2\/2023\/05\/maxresdefault-1024x576.jpg"},"big_image":{"file":"maxresdefault-750x422.jpg","width":750,"height":422,"mime-type":"image\/jpeg","source_url":"https:\/\/www.gardaseezeitung.it\/gardaseezeitung_new\/de\/wp-content\/uploads\/sites\/2\/2023\/05\/maxresdefault-750x422.jpg"},"guest-author-32":{"file":"maxresdefault-32x32.jpg","width":32,"height":32,"mime-type":"image\/jpeg","source_url":"https:\/\/www.gardaseezeitung.it\/gardaseezeitung_new\/de\/wp-content\/uploads\/sites\/2\/2023\/05\/maxresdefault-32x32.jpg"},"guest-author-50":{"file":"maxresdefault-50x50.jpg","width":50,"height":50,"mime-type":"image\/jpeg","source_url":"https:\/\/www.gardaseezeitung.it\/gardaseezeitung_new\/de\/wp-content\/uploads\/sites\/2\/2023\/05\/maxresdefault-50x50.jpg"},"guest-author-64":{"file":"maxresdefault-64x64.jpg","width":64,"height":64,"mime-type":"image\/jpeg","source_url":"https:\/\/www.gardaseezeitung.it\/gardaseezeitung_new\/de\/wp-content\/uploads\/sites\/2\/2023\/05\/maxresdefault-64x64.jpg"},"guest-author-96":{"file":"maxresdefault-96x96.jpg","width":96,"height":96,"mime-type":"image\/jpeg","source_url":"https:\/\/www.gardaseezeitung.it\/gardaseezeitung_new\/de\/wp-content\/uploads\/sites\/2\/2023\/05\/maxresdefault-96x96.jpg"},"guest-author-128":{"file":"maxresdefault-128x128.jpg","width":128,"height":128,"mime-type":"image\/jpeg","source_url":"https:\/\/www.gardaseezeitung.it\/gardaseezeitung_new\/de\/wp-content\/uploads\/sites\/2\/2023\/05\/maxresdefault-128x128.jpg"},"full":{"file":"maxresdefault.jpg","width":1280,"height":720,"mime_type":"","source_url":"https:\/\/www.gardaseezeitung.it\/gardaseezeitung_new\/de\/wp-content\/uploads\/sites\/2\/2023\/05\/maxresdefault.jpg"}},"image_meta":{"aperture":"0","credit":"","camera":"","caption":"","created_timestamp":"0","copyright":"","focal_length":"0","iso":"0","shutter_speed":"0","title":"","orientation":"0","keywords":[]}},"_links":{"self":[{"href":"https:\/\/www.gardaseezeitung.it\/gardaseezeitung_new\/de\/wp-json\/wp\/v2\/posts\/13806"}],"collection":[{"href":"https:\/\/www.gardaseezeitung.it\/gardaseezeitung_new\/de\/wp-json\/wp\/v2\/posts"}],"about":[{"href":"https:\/\/www.gardaseezeitung.it\/gardaseezeitung_new\/de\/wp-json\/wp\/v2\/types\/post"}],"author":[{"embeddable":true,"href":"https:\/\/www.gardaseezeitung.it\/gardaseezeitung_new\/de\/wp-json\/wp\/v2\/users\/9"}],"replies":[{"embeddable":true,"href":"https:\/\/www.gardaseezeitung.it\/gardaseezeitung_new\/de\/wp-json\/wp\/v2\/comments?post=13806"}],"version-history":[{"count":2,"href":"https:\/\/www.gardaseezeitung.it\/gardaseezeitung_new\/de\/wp-json\/wp\/v2\/posts\/13806\/revisions"}],"predecessor-version":[{"id":13808,"href":"https:\/\/www.gardaseezeitung.it\/gardaseezeitung_new\/de\/wp-json\/wp\/v2\/posts\/13806\/revisions\/13808"}],"wp:featuredmedia":[{"embeddable":true,"href":"https:\/\/www.gardaseezeitung.it\/gardaseezeitung_new\/de\/wp-json\/wp\/v2\/media\/13805"}],"wp:attachment":[{"href":"https:\/\/www.gardaseezeitung.it\/gardaseezeitung_new\/de\/wp-json\/wp\/v2\/media?parent=13806"}],"wp:term":[{"taxonomy":"category","embeddable":true,"href":"https:\/\/www.gardaseezeitung.it\/gardaseezeitung_new\/de\/wp-json\/wp\/v2\/categories?post=13806"},{"taxonomy":"post_tag","embeddable":true,"href":"https:\/\/www.gardaseezeitung.it\/gardaseezeitung_new\/de\/wp-json\/wp\/v2\/tags?post=13806"},{"taxonomy":"news-destination","embeddable":true,"href":"https:\/\/www.gardaseezeitung.it\/gardaseezeitung_new\/de\/wp-json\/wp\/v2\/news-destination?post=13806"},{"taxonomy":"news-source","embeddable":true,"href":"https:\/\/www.gardaseezeitung.it\/gardaseezeitung_new\/de\/wp-json\/wp\/v2\/news-source?post=13806"},{"taxonomy":"is_homepage","embeddable":true,"href":"https:\/\/www.gardaseezeitung.it\/gardaseezeitung_new\/de\/wp-json\/wp\/v2\/is_homepage?post=13806"},{"taxonomy":"ta_other","embeddable":true,"href":"https:\/\/www.gardaseezeitung.it\/gardaseezeitung_new\/de\/wp-json\/wp\/v2\/ta_other?post=13806"}],"curies":[{"name":"wp","href":"https:\/\/api.w.org\/{rel}","templated":true}]}}