{"id":1386,"date":"2014-04-24T22:10:56","date_gmt":"2014-04-24T22:10:56","guid":{"rendered":"http:\/\/euwp08.newsmemory.com\/gardaseezeitung_new\/de\/2014\/04\/24\/verruckte-wissenschaft-in-sona\/"},"modified":"2019-05-28T20:51:14","modified_gmt":"2019-05-28T20:51:14","slug":"verruckte-wissenschaft-in-sona","status":"publish","type":"post","link":"https:\/\/www.gardaseezeitung.it\/2014\/04\/24\/verruckte-wissenschaft-in-sona\/","title":{"rendered":"\u201eVerr\u00fcckte Wissenschaft\u201d in Sona"},"content":{"rendered":"","protected":false},"excerpt":{"rendered":"<p>[von Mattia Pomini]&nbsp;<br \/>\nVom 10. bis zum 25. Mai kehrt die didaktische Ausstellung f\u00fcr Schulen und Familien mit dem Namen \u201eVerr\u00fcckte Wissenschaft&#8220; auf den Stadtplatz von Sona zur\u00fcck. In der Ausstellung wird dazu eingeladen, die Wunder der Wissenschaft, der Biologie, der Entomologie und der Astronomie zu entdecken.<br \/>\nDie Veranstaltung wird auf einer rund 400 Quadratmeter gro\u00dfen \u00fcberdachten Fl\u00e4che in einem Festzelt organisiert. Der Ausstellungsort wird in verschiedene Ambiente unterteilt: am Anfang ist eine Foto-Ausstellung mit 21 Gro\u00dffotografien von Himmelsk\u00f6rpern zu finden. Sie stammen aus den Archiven der NASA.<br \/>\nWeiter geht es dann zu der Abteilung, in der man die Besucher mit f\u00fcnfzehn Mikroskopen in hoher Aufl\u00f6sung erwartet. Hier wird es m\u00f6glich sein, unter Anleitung eines erfahrenen Wissenschaftlers Mikroorganismen des Wassers und vom Land zu beobachten. Das Publikum kann den Erkl\u00e4rungen dank eines an einen Gro\u00dfbildschirm angeschlossenes Mikroskops mitverfolgen.N\u00e4chste Etappe ist die Jungle-Area. Hier sind verschiedene Tropenpflanzen zu finden. Zu ihnen z\u00e4hlen einige, die auf Ber\u00fchrungen empfindlich reagieren wie die Mimosa Pudica, sowie fleischfressende Pflanzen, mit denen es zu interagieren gilt. Es folgt ein Bereich, der besonders seltsamen Insekten gewidmet ist. Zu ihnen z\u00e4hlen die Stabinsekten oder die Fauchschaben.Den Besuchern wird es m\u00f6glich sein, diese anzufassen und mit ihnen zu interagieren. Des weiteren k\u00f6nnen statische Insekten- und Spinnenexemplare beobachtet werden, die in Schauk\u00e4sten pr\u00e4sentiert werden.Unter ihnen auch giftige und t\u00f6dliche Exemplare, die aus Klimazonen stammen, die sich von unserer unterscheiden. In einem separaten, angrenzenden Raum wird erneut das \u201ePlanetarium Globe \u2013 3D&#8220; zu finden sein. Hier werden Filme \u00fcber die Entstehung der Planeten und die Beschaffenheit der Erde pr\u00e4sentiert.In einer weiteren Area kann das FossiLab, eine pal\u00e4ontologische Ausstellung, in der hunderte von Fossilien des Museums Fedrigo verschiedener geologischer Perioden ausgestellt sind, besucht werden. Des weiteren werden didaktische Werkst\u00e4tten wie \u201eBastel dein Fossil&#8220; angeboten.Anfassen und auf praktische Art experimentieren und w\u00e4hrend man Spa\u00df hat, etwas lernen \u2013 und dies alles gemeinsam mit \u201eein bisschen verr\u00fcckten Wissenschaftlern&#8220;, die Experten im Bereich der wissenschaftlichen Kommunikation sind und gleichzeitig eine mitrei\u00dfende Leidenschaft an den Tag legen.Im Laufe der Woche ist die Ausstellung an den Vormittagen den Schulen des Gebiets vorbehalten, w\u00e4hrend sie mit ihren Werkst\u00e4tten und gef\u00fchrten Besichtigungen an den Nachmittagen und Wochenenden allen Besuchern offen steht.Die Veranstaltung wird von den Eltern-Komitees aus Sona und Lugagnano organisiert und von der Gruppe Pleiadi sowie Spazio Idea unter der Schirmherrschaft der Gemeindeverwaltung von Sona realisiert.Am 17. und 18. Mai wird im Park der Villa Romani au\u00dferdem zur allj\u00e4hrlich stattfindende Ausstellung \u201eK\u00fcnstler im Park&#8220; geladen, die den Personen gewidmet ist, die ihre individuellen Kunstformen pr\u00e4sentieren m\u00f6chten.Und so wird es m\u00f6glich sein Gem\u00e4lde, Skulpturen, Keramik-Werke und Patchwork zu bewundern, aber auch Stra\u00dfenk\u00fcnstler und andere Kunstformen.Verr\u00fcckte Wissenschaft (Pazza Scienza): t\u00e4glich vom 10. bis zum 25. Mai 2014 in Sona, Piazza Roma.<br \/>\n\u00d6ffnungszeiten<br \/>\nMontag-Freitag von 16 bis 19 UhrSamstag von 14 bis 19 UhrSonntag von 8.30 bis 19 Uhr<br \/>\nInfos und Anmeldungen:www.pazzascienza.somee.com; pazzascienza@gmail.com<br \/>\nWeitere Infos zu Sona: turismo@comune.sona.vr.it.<\/p>\n","protected":false},"author":1,"featured_media":1387,"comment_status":"open","ping_status":"open","sticky":false,"template":"","format":"standard","meta":[],"categories":[6],"tags":[],"news-destination":[],"news-source":[],"is_homepage":[],"ta_other":[],"featured_media_details":{"width":605,"height":428,"file":"2019\/05\/d2bf7c9e1f3e6ad724c7270756ab1244.jpg","sizes":{"thumbnail":{"file":"d2bf7c9e1f3e6ad724c7270756ab1244-150x150.jpg","width":150,"height":150,"mime-type":"image\/jpeg","source_url":"https:\/\/www.gardaseezeitung.it\/gardaseezeitung_new\/de\/wp-content\/uploads\/sites\/2\/2019\/05\/d2bf7c9e1f3e6ad724c7270756ab1244-150x150.jpg"},"medium":{"file":"d2bf7c9e1f3e6ad724c7270756ab1244-300x212.jpg","width":300,"height":212,"mime-type":"image\/jpeg","source_url":"https:\/\/www.gardaseezeitung.it\/gardaseezeitung_new\/de\/wp-content\/uploads\/sites\/2\/2019\/05\/d2bf7c9e1f3e6ad724c7270756ab1244-300x212.jpg"},"full":{"file":"d2bf7c9e1f3e6ad724c7270756ab1244.jpg","width":605,"height":428,"mime_type":"","source_url":"https:\/\/www.gardaseezeitung.it\/gardaseezeitung_new\/de\/wp-content\/uploads\/sites\/2\/2019\/05\/d2bf7c9e1f3e6ad724c7270756ab1244.jpg"}},"image_meta":{"aperture":"0","credit":"","camera":"","caption":"","created_timestamp":"0","copyright":"","focal_length":"0","iso":"0","shutter_speed":"0","title":"","orientation":"0","keywords":[]}},"_links":{"self":[{"href":"https:\/\/www.gardaseezeitung.it\/gardaseezeitung_new\/de\/wp-json\/wp\/v2\/posts\/1386"}],"collection":[{"href":"https:\/\/www.gardaseezeitung.it\/gardaseezeitung_new\/de\/wp-json\/wp\/v2\/posts"}],"about":[{"href":"https:\/\/www.gardaseezeitung.it\/gardaseezeitung_new\/de\/wp-json\/wp\/v2\/types\/post"}],"author":[{"embeddable":true,"href":"https:\/\/www.gardaseezeitung.it\/gardaseezeitung_new\/de\/wp-json\/wp\/v2\/users\/1"}],"replies":[{"embeddable":true,"href":"https:\/\/www.gardaseezeitung.it\/gardaseezeitung_new\/de\/wp-json\/wp\/v2\/comments?post=1386"}],"version-history":[{"count":0,"href":"https:\/\/www.gardaseezeitung.it\/gardaseezeitung_new\/de\/wp-json\/wp\/v2\/posts\/1386\/revisions"}],"wp:featuredmedia":[{"embeddable":true,"href":"https:\/\/www.gardaseezeitung.it\/gardaseezeitung_new\/de\/wp-json\/wp\/v2\/media\/1387"}],"wp:attachment":[{"href":"https:\/\/www.gardaseezeitung.it\/gardaseezeitung_new\/de\/wp-json\/wp\/v2\/media?parent=1386"}],"wp:term":[{"taxonomy":"category","embeddable":true,"href":"https:\/\/www.gardaseezeitung.it\/gardaseezeitung_new\/de\/wp-json\/wp\/v2\/categories?post=1386"},{"taxonomy":"post_tag","embeddable":true,"href":"https:\/\/www.gardaseezeitung.it\/gardaseezeitung_new\/de\/wp-json\/wp\/v2\/tags?post=1386"},{"taxonomy":"news-destination","embeddable":true,"href":"https:\/\/www.gardaseezeitung.it\/gardaseezeitung_new\/de\/wp-json\/wp\/v2\/news-destination?post=1386"},{"taxonomy":"news-source","embeddable":true,"href":"https:\/\/www.gardaseezeitung.it\/gardaseezeitung_new\/de\/wp-json\/wp\/v2\/news-source?post=1386"},{"taxonomy":"is_homepage","embeddable":true,"href":"https:\/\/www.gardaseezeitung.it\/gardaseezeitung_new\/de\/wp-json\/wp\/v2\/is_homepage?post=1386"},{"taxonomy":"ta_other","embeddable":true,"href":"https:\/\/www.gardaseezeitung.it\/gardaseezeitung_new\/de\/wp-json\/wp\/v2\/ta_other?post=1386"}],"curies":[{"name":"wp","href":"https:\/\/api.w.org\/{rel}","templated":true}]}}