{"id":13867,"date":"2023-06-04T00:13:42","date_gmt":"2023-06-03T22:13:42","guid":{"rendered":"http:\/\/www-gardaseezeitung-it-euwp*.sitenm.com\/2023\/06\/04\/sos-auf-dem-gardasee-boot-bei-panne-vor-desenzano-gerettet\/"},"modified":"2023-06-04T00:13:45","modified_gmt":"2022-08-08T00:13:45","slug":"sos-auf-dem-gardasee-boot-bei-panne-vor-desenzano-gerettet","status":"publish","type":"post","link":"https:\/\/www.gardaseezeitung.it\/2023\/06\/04\/sos-auf-dem-gardasee-boot-bei-panne-vor-desenzano-gerettet\/","title":{"rendered":"Sos auf dem Gardasee, Boot bei Panne vor Desenzano gerettet"},"content":{"rendered":"<p>Am Freitag, dem 2. Juni, wurde die Einsatzzentrale der Feuerwehr der Provinz Brescia gegen 21 Uhr alarmiert, um ein Boot zu retten, das im Bereich vor dem Hafen von Desenzano (Brescia) eine Panne hatte. Das Rettungsteam griff mit drei Wasserrettern an Bord der Stormer Victor 61 ein, die das Boot dann zum Liegeplatz des Eigners eskortierten. Gl\u00fccklicherweise waren die Wetterbedingungen zu diesem Zeitpunkt g\u00fcnstig und alle Rettungsma\u00dfnahmen konnten ohne besondere Probleme abgeschlossen werden. Es wurden keine Verletzten gemeldet.<\/p>\n<p>&nbsp;<\/p>\n","protected":false},"excerpt":{"rendered":"<p>Wie immer an langen Wochenenden und Feiertagen verst\u00e4rken die K\u00fcstenwache und die Feuerwehr ihre Pr\u00e4ventions- und Rettungsaktivit\u00e4ten<\/p>\n","protected":false},"author":9,"featured_media":13866,"comment_status":"open","ping_status":"open","sticky":false,"template":"","format":"standard","meta":[],"categories":[2,6],"tags":[131,698,23,26,853,854,2877],"news-destination":[],"news-source":[],"is_homepage":[],"ta_other":[],"featured_media_details":{"width":747,"height":421,"file":"2023\/06\/isoccorsi.jpg","sizes":{"thumbnail":{"file":"isoccorsi-150x150.jpg","width":150,"height":150,"mime-type":"image\/jpeg","source_url":"https:\/\/www.gardaseezeitung.it\/gardaseezeitung_new\/de\/wp-content\/uploads\/sites\/2\/2023\/06\/isoccorsi-150x150.jpg"},"medium":{"file":"isoccorsi-300x169.jpg","width":300,"height":169,"mime-type":"image\/jpeg","source_url":"https:\/\/www.gardaseezeitung.it\/gardaseezeitung_new\/de\/wp-content\/uploads\/sites\/2\/2023\/06\/isoccorsi-300x169.jpg"},"guest-author-32":{"file":"isoccorsi-32x32.jpg","width":32,"height":32,"mime-type":"image\/jpeg","source_url":"https:\/\/www.gardaseezeitung.it\/gardaseezeitung_new\/de\/wp-content\/uploads\/sites\/2\/2023\/06\/isoccorsi-32x32.jpg"},"guest-author-50":{"file":"isoccorsi-50x50.jpg","width":50,"height":50,"mime-type":"image\/jpeg","source_url":"https:\/\/www.gardaseezeitung.it\/gardaseezeitung_new\/de\/wp-content\/uploads\/sites\/2\/2023\/06\/isoccorsi-50x50.jpg"},"guest-author-64":{"file":"isoccorsi-64x64.jpg","width":64,"height":64,"mime-type":"image\/jpeg","source_url":"https:\/\/www.gardaseezeitung.it\/gardaseezeitung_new\/de\/wp-content\/uploads\/sites\/2\/2023\/06\/isoccorsi-64x64.jpg"},"guest-author-96":{"file":"isoccorsi-96x96.jpg","width":96,"height":96,"mime-type":"image\/jpeg","source_url":"https:\/\/www.gardaseezeitung.it\/gardaseezeitung_new\/de\/wp-content\/uploads\/sites\/2\/2023\/06\/isoccorsi-96x96.jpg"},"guest-author-128":{"file":"isoccorsi-128x128.jpg","width":128,"height":128,"mime-type":"image\/jpeg","source_url":"https:\/\/www.gardaseezeitung.it\/gardaseezeitung_new\/de\/wp-content\/uploads\/sites\/2\/2023\/06\/isoccorsi-128x128.jpg"},"full":{"file":"isoccorsi.jpg","width":747,"height":421,"mime_type":"","source_url":"https:\/\/www.gardaseezeitung.it\/gardaseezeitung_new\/de\/wp-content\/uploads\/sites\/2\/2023\/06\/isoccorsi.jpg"}},"image_meta":{"aperture":"0","credit":"","camera":"","caption":"","created_timestamp":"0","copyright":"","focal_length":"0","iso":"0","shutter_speed":"0","title":"","orientation":"0","keywords":[]}},"_links":{"self":[{"href":"https:\/\/www.gardaseezeitung.it\/gardaseezeitung_new\/de\/wp-json\/wp\/v2\/posts\/13867"}],"collection":[{"href":"https:\/\/www.gardaseezeitung.it\/gardaseezeitung_new\/de\/wp-json\/wp\/v2\/posts"}],"about":[{"href":"https:\/\/www.gardaseezeitung.it\/gardaseezeitung_new\/de\/wp-json\/wp\/v2\/types\/post"}],"author":[{"embeddable":true,"href":"https:\/\/www.gardaseezeitung.it\/gardaseezeitung_new\/de\/wp-json\/wp\/v2\/users\/9"}],"replies":[{"embeddable":true,"href":"https:\/\/www.gardaseezeitung.it\/gardaseezeitung_new\/de\/wp-json\/wp\/v2\/comments?post=13867"}],"version-history":[{"count":1,"href":"https:\/\/www.gardaseezeitung.it\/gardaseezeitung_new\/de\/wp-json\/wp\/v2\/posts\/13867\/revisions"}],"predecessor-version":[{"id":13868,"href":"https:\/\/www.gardaseezeitung.it\/gardaseezeitung_new\/de\/wp-json\/wp\/v2\/posts\/13867\/revisions\/13868"}],"wp:featuredmedia":[{"embeddable":true,"href":"https:\/\/www.gardaseezeitung.it\/gardaseezeitung_new\/de\/wp-json\/wp\/v2\/media\/13866"}],"wp:attachment":[{"href":"https:\/\/www.gardaseezeitung.it\/gardaseezeitung_new\/de\/wp-json\/wp\/v2\/media?parent=13867"}],"wp:term":[{"taxonomy":"category","embeddable":true,"href":"https:\/\/www.gardaseezeitung.it\/gardaseezeitung_new\/de\/wp-json\/wp\/v2\/categories?post=13867"},{"taxonomy":"post_tag","embeddable":true,"href":"https:\/\/www.gardaseezeitung.it\/gardaseezeitung_new\/de\/wp-json\/wp\/v2\/tags?post=13867"},{"taxonomy":"news-destination","embeddable":true,"href":"https:\/\/www.gardaseezeitung.it\/gardaseezeitung_new\/de\/wp-json\/wp\/v2\/news-destination?post=13867"},{"taxonomy":"news-source","embeddable":true,"href":"https:\/\/www.gardaseezeitung.it\/gardaseezeitung_new\/de\/wp-json\/wp\/v2\/news-source?post=13867"},{"taxonomy":"is_homepage","embeddable":true,"href":"https:\/\/www.gardaseezeitung.it\/gardaseezeitung_new\/de\/wp-json\/wp\/v2\/is_homepage?post=13867"},{"taxonomy":"ta_other","embeddable":true,"href":"https:\/\/www.gardaseezeitung.it\/gardaseezeitung_new\/de\/wp-json\/wp\/v2\/ta_other?post=13867"}],"curies":[{"name":"wp","href":"https:\/\/api.w.org\/{rel}","templated":true}]}}