{"id":13881,"date":"2023-06-08T00:16:13","date_gmt":"2023-06-07T22:16:13","guid":{"rendered":"http:\/\/www-gardaseezeitung-it-euwp*.sitenm.com\/2023\/06\/08\/die-regenfaelle-der-letzten-tage-lassen-den-pegel-des-gardasees-wieder-ansteigen\/"},"modified":"2023-06-08T00:18:17","modified_gmt":"2022-08-12T00:18:17","slug":"die-regenfaelle-der-letzten-tage-lassen-den-pegel-des-gardasees-wieder-ansteigen","status":"publish","type":"post","link":"https:\/\/www.gardaseezeitung.it\/2023\/06\/08\/die-regenfaelle-der-letzten-tage-lassen-den-pegel-des-gardasees-wieder-ansteigen\/","title":{"rendered":"Die Regenf\u00e4lle der letzten Tage lassen den Pegel des Gardasees wieder ansteigen"},"content":{"rendered":"<p>In der letzten Woche ist der Gardasee um 10 Zentimeter gestiegen &#8211; mehr als ein Zentimeter pro Tag &#8211; und zwar von 89 Zentimetern am hydrometrischen Nullpunkt in Peschiera vom 30. Mai auf 99 Zentimeter gestern Nachmittag (Quelle: Laghi.net). Wenn man bedenkt, dass jeder Zentimeter an der Oberfl\u00e4che 3,7 Millionen Kubikmeter Wasser entspricht, ist die Rechnung schnell gemacht: 37 Millionen Kubikmeter sind in sieben Tagen eingedrungen. Ein unverhoffter Anstieg, wenn man die Situation im M\u00e4rz und April betrachtet, als Trockenheit herrschte und der Wasserstand zwischen 46 und 53 Zentimetern schwankte, also etwa halb so viel wie im gleichen Zeitraum 2022. Um die 99 Zentimeter von gestern zu erreichen, m\u00fcssen wir bis zum 13. April vor einem Jahr zur\u00fcckgehen, w\u00e4hrend der See am 6. Juni 2022 bei 82 Zentimetern lag und wir bereits mit den ersten kritischen Situationen und Sorgen f\u00fcr die Sommersaison rechneten. Die derzeitige Situation ist ein Geschenk der Regenf\u00e4lle der letzten Wochen, die das monatelange Niederschlagsdefizit teilweise wettgemacht haben. Aber es ist auch das Verdienst eines umsichtigeren Managements der Gardaseepegel als je zuvor. Jenseits aller erdachten Szenarien und Vorhersagen erreicht der See jetzt eine H\u00f6he von 100 Zentimetern \u00fcber dem Wasserspiegel. Das ist den Regenf\u00e4llen zu verdanken, aber auch den Wassereinsparungen, die durch die Begrenzung der Wasserabgabe an die bew\u00e4sserten Felder in der Gegend von Mantua erzielt wurden. Die Wettervorhersage f\u00fcr die n\u00e4chsten Tage ist noch unbest\u00e4ndig, aber selbst wenn es bis Juli nicht regnen sollte, erlaubt der aktuelle Wasserstand des Gardasees eine gewisse Gelassenheit.<\/p>\n<p>&nbsp;<\/p>\n","protected":false},"excerpt":{"rendered":"<p>In der letzten Woche ist der Wasserstand um weitere zehn Zentimeter gestiegen: Das bedeutet, dass sich in nur sieben Tagen 37 Millionen Kubikmeter Wasser gef\u00fcllt haben<\/p>\n","protected":false},"author":9,"featured_media":12757,"comment_status":"open","ping_status":"open","sticky":false,"template":"","format":"standard","meta":[],"categories":[2,3],"tags":[502,23,26,3883,2005,3752,3747,765],"news-destination":[],"news-source":[],"is_homepage":[],"ta_other":[],"featured_media_details":{"width":1080,"height":810,"file":"2023\/01\/Toscolano-Maderno_Lido-degli-Ulivi-1080x810.jpg","sizes":{"thumbnail":{"file":"Toscolano-Maderno_Lido-degli-Ulivi-1080x810-150x150.jpg","width":150,"height":150,"mime-type":"image\/jpeg","source_url":"https:\/\/www.gardaseezeitung.it\/gardaseezeitung_new\/de\/wp-content\/uploads\/sites\/2\/2023\/01\/Toscolano-Maderno_Lido-degli-Ulivi-1080x810-150x150.jpg"},"medium":{"file":"Toscolano-Maderno_Lido-degli-Ulivi-1080x810-300x225.jpg","width":300,"height":225,"mime-type":"image\/jpeg","source_url":"https:\/\/www.gardaseezeitung.it\/gardaseezeitung_new\/de\/wp-content\/uploads\/sites\/2\/2023\/01\/Toscolano-Maderno_Lido-degli-Ulivi-1080x810-300x225.jpg"},"medium_large":{"file":"Toscolano-Maderno_Lido-degli-Ulivi-1080x810-768x576.jpg","width":768,"height":576,"mime-type":"image\/jpeg","source_url":"https:\/\/www.gardaseezeitung.it\/gardaseezeitung_new\/de\/wp-content\/uploads\/sites\/2\/2023\/01\/Toscolano-Maderno_Lido-degli-Ulivi-1080x810-768x576.jpg"},"large":{"file":"Toscolano-Maderno_Lido-degli-Ulivi-1080x810-1024x768.jpg","width":1024,"height":768,"mime-type":"image\/jpeg","source_url":"https:\/\/www.gardaseezeitung.it\/gardaseezeitung_new\/de\/wp-content\/uploads\/sites\/2\/2023\/01\/Toscolano-Maderno_Lido-degli-Ulivi-1080x810-1024x768.jpg"},"big_image":{"file":"Toscolano-Maderno_Lido-degli-Ulivi-1080x810-750x563.jpg","width":750,"height":563,"mime-type":"image\/jpeg","source_url":"https:\/\/www.gardaseezeitung.it\/gardaseezeitung_new\/de\/wp-content\/uploads\/sites\/2\/2023\/01\/Toscolano-Maderno_Lido-degli-Ulivi-1080x810-750x563.jpg"},"guest-author-32":{"file":"Toscolano-Maderno_Lido-degli-Ulivi-1080x810-32x32.jpg","width":32,"height":32,"mime-type":"image\/jpeg","source_url":"https:\/\/www.gardaseezeitung.it\/gardaseezeitung_new\/de\/wp-content\/uploads\/sites\/2\/2023\/01\/Toscolano-Maderno_Lido-degli-Ulivi-1080x810-32x32.jpg"},"guest-author-50":{"file":"Toscolano-Maderno_Lido-degli-Ulivi-1080x810-50x50.jpg","width":50,"height":50,"mime-type":"image\/jpeg","source_url":"https:\/\/www.gardaseezeitung.it\/gardaseezeitung_new\/de\/wp-content\/uploads\/sites\/2\/2023\/01\/Toscolano-Maderno_Lido-degli-Ulivi-1080x810-50x50.jpg"},"guest-author-64":{"file":"Toscolano-Maderno_Lido-degli-Ulivi-1080x810-64x64.jpg","width":64,"height":64,"mime-type":"image\/jpeg","source_url":"https:\/\/www.gardaseezeitung.it\/gardaseezeitung_new\/de\/wp-content\/uploads\/sites\/2\/2023\/01\/Toscolano-Maderno_Lido-degli-Ulivi-1080x810-64x64.jpg"},"guest-author-96":{"file":"Toscolano-Maderno_Lido-degli-Ulivi-1080x810-96x96.jpg","width":96,"height":96,"mime-type":"image\/jpeg","source_url":"https:\/\/www.gardaseezeitung.it\/gardaseezeitung_new\/de\/wp-content\/uploads\/sites\/2\/2023\/01\/Toscolano-Maderno_Lido-degli-Ulivi-1080x810-96x96.jpg"},"guest-author-128":{"file":"Toscolano-Maderno_Lido-degli-Ulivi-1080x810-128x128.jpg","width":128,"height":128,"mime-type":"image\/jpeg","source_url":"https:\/\/www.gardaseezeitung.it\/gardaseezeitung_new\/de\/wp-content\/uploads\/sites\/2\/2023\/01\/Toscolano-Maderno_Lido-degli-Ulivi-1080x810-128x128.jpg"},"full":{"file":"Toscolano-Maderno_Lido-degli-Ulivi-1080x810.jpg","width":1080,"height":810,"mime_type":"","source_url":"https:\/\/www.gardaseezeitung.it\/gardaseezeitung_new\/de\/wp-content\/uploads\/sites\/2\/2023\/01\/Toscolano-Maderno_Lido-degli-Ulivi-1080x810.jpg"}},"image_meta":{"aperture":"0","credit":"","camera":"","caption":"","created_timestamp":"0","copyright":"","focal_length":"0","iso":"0","shutter_speed":"0","title":"","orientation":"0","keywords":[]}},"_links":{"self":[{"href":"https:\/\/www.gardaseezeitung.it\/gardaseezeitung_new\/de\/wp-json\/wp\/v2\/posts\/13881"}],"collection":[{"href":"https:\/\/www.gardaseezeitung.it\/gardaseezeitung_new\/de\/wp-json\/wp\/v2\/posts"}],"about":[{"href":"https:\/\/www.gardaseezeitung.it\/gardaseezeitung_new\/de\/wp-json\/wp\/v2\/types\/post"}],"author":[{"embeddable":true,"href":"https:\/\/www.gardaseezeitung.it\/gardaseezeitung_new\/de\/wp-json\/wp\/v2\/users\/9"}],"replies":[{"embeddable":true,"href":"https:\/\/www.gardaseezeitung.it\/gardaseezeitung_new\/de\/wp-json\/wp\/v2\/comments?post=13881"}],"version-history":[{"count":1,"href":"https:\/\/www.gardaseezeitung.it\/gardaseezeitung_new\/de\/wp-json\/wp\/v2\/posts\/13881\/revisions"}],"predecessor-version":[{"id":13882,"href":"https:\/\/www.gardaseezeitung.it\/gardaseezeitung_new\/de\/wp-json\/wp\/v2\/posts\/13881\/revisions\/13882"}],"wp:featuredmedia":[{"embeddable":true,"href":"https:\/\/www.gardaseezeitung.it\/gardaseezeitung_new\/de\/wp-json\/wp\/v2\/media\/12757"}],"wp:attachment":[{"href":"https:\/\/www.gardaseezeitung.it\/gardaseezeitung_new\/de\/wp-json\/wp\/v2\/media?parent=13881"}],"wp:term":[{"taxonomy":"category","embeddable":true,"href":"https:\/\/www.gardaseezeitung.it\/gardaseezeitung_new\/de\/wp-json\/wp\/v2\/categories?post=13881"},{"taxonomy":"post_tag","embeddable":true,"href":"https:\/\/www.gardaseezeitung.it\/gardaseezeitung_new\/de\/wp-json\/wp\/v2\/tags?post=13881"},{"taxonomy":"news-destination","embeddable":true,"href":"https:\/\/www.gardaseezeitung.it\/gardaseezeitung_new\/de\/wp-json\/wp\/v2\/news-destination?post=13881"},{"taxonomy":"news-source","embeddable":true,"href":"https:\/\/www.gardaseezeitung.it\/gardaseezeitung_new\/de\/wp-json\/wp\/v2\/news-source?post=13881"},{"taxonomy":"is_homepage","embeddable":true,"href":"https:\/\/www.gardaseezeitung.it\/gardaseezeitung_new\/de\/wp-json\/wp\/v2\/is_homepage?post=13881"},{"taxonomy":"ta_other","embeddable":true,"href":"https:\/\/www.gardaseezeitung.it\/gardaseezeitung_new\/de\/wp-json\/wp\/v2\/ta_other?post=13881"}],"curies":[{"name":"wp","href":"https:\/\/api.w.org\/{rel}","templated":true}]}}