{"id":13903,"date":"2023-06-19T14:27:16","date_gmt":"2023-06-19T12:27:16","guid":{"rendered":"http:\/\/www-gardaseezeitung-it-euwp*.sitenm.com\/2023\/06\/19\/valeggio-das-spektakulaere-abendessen-auf-der-visconteo-bruecke-wartet-auf-sie\/"},"modified":"2023-06-19T14:30:21","modified_gmt":"2022-08-23T14:30:21","slug":"valeggio-das-spektakulaere-abendessen-auf-der-visconteo-bruecke-wartet-auf-sie","status":"publish","type":"post","link":"https:\/\/www.gardaseezeitung.it\/2023\/06\/19\/valeggio-das-spektakulaere-abendessen-auf-der-visconteo-bruecke-wartet-auf-sie\/","title":{"rendered":"Valeggio, 20. Juni: Das spektakul\u00e4re Abendessen auf der Visconteo Br\u00fccke wartet auf Sie"},"content":{"rendered":"<p>Erleben Sie das Wunder des Festes am meisten bewundert in Europa teilnehmen einem multisensorischen Ereignis, unter die Sterne von Borghetto, das Sie auf der Entdeckung des echten Tortellino von Valeggio, der Nodo d\u2019Amore, begleiten wird.<\/p>\n<p>DAS PROGRAMM<br \/>\nEine Abendveranstaltung, die Sie vom Aperitif bis sp\u00e4t in die Nacht durch die Geschichte des Nodo d\u2019Amore von Valeggio f\u00fchrt.<br \/>\n18.00 Uhr APERITIF IM ZENTRUM Dieses Jahr beginnt das Fest auf der historischen Piazza Carlo Alberto in Valeggio sul Mincio, die sich in ein elegantes Wohnzimmer mit Licht- und Musikeffekten verwandelt. W\u00e4hrend Sie regionale K\u00f6stlichkeiten wie den Monte Veronese DOP K\u00e4se und den &#8222;Generale&#8220; Perlwein des Predomo Weinkellers probieren, k\u00f6nnen Sie die handwerkliche Zubereitung des Nodo d&#8217;Amore direkt aus den H\u00e4nden unserer &#8222;sfogline&#8220; beobachten.<br \/>\n19.30 \u00d6FFNUNG DER BR\u00dcCKE Nach dem Aperitif werden Sie die beeindruckende Ponte Visconteo erreichen. Sie k\u00f6nnen zu Fu\u00df durch die romantischen G\u00e4rten von Borghetto spazieren oder die Shuttlebusse\/Touristenz\u00fcge nehmen, die von Carlo Alberto Platz und von den Parkpl\u00e4tzen abfahren. Wir erinnern Sie daran, dass es verboten ist, in der N\u00e4he der Ponte Visconteo zu parken.<br \/>\n20.00 HISTORISCHE NACHSTELLUNG Sie k\u00f6nnen alle Protagonisten der Legende von Nodo d&#8217;Amore aus n\u00e4chster N\u00e4he sehen wie: die wundersch\u00f6ne Nymphe Silvia, den tapferen Hauptmann Malco, den Graf von Virt\u00f9, den Witzbold Gonnella und die eifers\u00fcchtige Isabella, alle von ihrem Hofstaat begleitet. Die Legende der Liebe wird vor Ihren Augen zum Leben erweckt!<br \/>\n20.30 BEGINN DES ABENDESSENS Sie werden hier hochwertige Gerichte der veronesischen und italienischen K\u00fcche finden. Der Nodo d&#8217;Amore ist der Protagonist , der mit Produkten gepaart wird, die aufgrund ihrer unbestrittenen Qualit\u00e4t einen Platz in den Rezepten der Gastronomen von Valeggio sul Mincio verdient haben. P\u00fcnktlichkeit wird aus organisatorischen Gr\u00fcnden empfohlen.<br \/>\n23.30 ENDE DES ABENDS Eine fesselnde und multisensorische Erfahrung, die Sie atemlos machen wird. Der ganze Abend wird von Lichtspielen, Farben und Musik begleitet. Am Ende des Abends erh\u00e4lt jeder Gast ein besonderes Geschenk, das man bekommen kann, durch Vorzeigen des entsprechenden Gutscheins auf dem Ticket.<\/p>\n","protected":false},"excerpt":{"rendered":"<p>1.300 Meter gedeckter Tisch, 900.000 handgemachte Tortellini, 74.000 Teilnehmer in den vergangenen Ausgaben<\/p>\n","protected":false},"author":9,"featured_media":13902,"comment_status":"open","ping_status":"open","sticky":false,"template":"","format":"standard","meta":[],"categories":[2,4,5],"tags":[3926,3927,23,26,3928,3929,3930,3931,269],"news-destination":[],"news-source":[],"is_homepage":[],"ta_other":[],"featured_media_details":{"width":3000,"height":2000,"file":"2023\/06\/OV5A1586.jpg","sizes":{"thumbnail":{"file":"OV5A1586-150x150.jpg","width":150,"height":150,"mime-type":"image\/jpeg","source_url":"https:\/\/www.gardaseezeitung.it\/gardaseezeitung_new\/de\/wp-content\/uploads\/sites\/2\/2023\/06\/OV5A1586-150x150.jpg"},"medium":{"file":"OV5A1586-300x200.jpg","width":300,"height":200,"mime-type":"image\/jpeg","source_url":"https:\/\/www.gardaseezeitung.it\/gardaseezeitung_new\/de\/wp-content\/uploads\/sites\/2\/2023\/06\/OV5A1586-300x200.jpg"},"medium_large":{"file":"OV5A1586-768x512.jpg","width":768,"height":512,"mime-type":"image\/jpeg","source_url":"https:\/\/www.gardaseezeitung.it\/gardaseezeitung_new\/de\/wp-content\/uploads\/sites\/2\/2023\/06\/OV5A1586-768x512.jpg"},"large":{"file":"OV5A1586-1024x683.jpg","width":1024,"height":683,"mime-type":"image\/jpeg","source_url":"https:\/\/www.gardaseezeitung.it\/gardaseezeitung_new\/de\/wp-content\/uploads\/sites\/2\/2023\/06\/OV5A1586-1024x683.jpg"},"big_image":{"file":"OV5A1586-750x500.jpg","width":750,"height":500,"mime-type":"image\/jpeg","source_url":"https:\/\/www.gardaseezeitung.it\/gardaseezeitung_new\/de\/wp-content\/uploads\/sites\/2\/2023\/06\/OV5A1586-750x500.jpg"},"guest-author-32":{"file":"OV5A1586-32x32.jpg","width":32,"height":32,"mime-type":"image\/jpeg","source_url":"https:\/\/www.gardaseezeitung.it\/gardaseezeitung_new\/de\/wp-content\/uploads\/sites\/2\/2023\/06\/OV5A1586-32x32.jpg"},"guest-author-50":{"file":"OV5A1586-50x50.jpg","width":50,"height":50,"mime-type":"image\/jpeg","source_url":"https:\/\/www.gardaseezeitung.it\/gardaseezeitung_new\/de\/wp-content\/uploads\/sites\/2\/2023\/06\/OV5A1586-50x50.jpg"},"guest-author-64":{"file":"OV5A1586-64x64.jpg","width":64,"height":64,"mime-type":"image\/jpeg","source_url":"https:\/\/www.gardaseezeitung.it\/gardaseezeitung_new\/de\/wp-content\/uploads\/sites\/2\/2023\/06\/OV5A1586-64x64.jpg"},"guest-author-96":{"file":"OV5A1586-96x96.jpg","width":96,"height":96,"mime-type":"image\/jpeg","source_url":"https:\/\/www.gardaseezeitung.it\/gardaseezeitung_new\/de\/wp-content\/uploads\/sites\/2\/2023\/06\/OV5A1586-96x96.jpg"},"guest-author-128":{"file":"OV5A1586-128x128.jpg","width":128,"height":128,"mime-type":"image\/jpeg","source_url":"https:\/\/www.gardaseezeitung.it\/gardaseezeitung_new\/de\/wp-content\/uploads\/sites\/2\/2023\/06\/OV5A1586-128x128.jpg"},"full":{"file":"OV5A1586.jpg","width":3000,"height":2000,"mime_type":"","source_url":"https:\/\/www.gardaseezeitung.it\/gardaseezeitung_new\/de\/wp-content\/uploads\/sites\/2\/2023\/06\/OV5A1586.jpg"}},"image_meta":{"aperture":"0","credit":"","camera":"","caption":"","created_timestamp":"0","copyright":"","focal_length":"0","iso":"0","shutter_speed":"0","title":"","orientation":"0","keywords":[]}},"_links":{"self":[{"href":"https:\/\/www.gardaseezeitung.it\/gardaseezeitung_new\/de\/wp-json\/wp\/v2\/posts\/13903"}],"collection":[{"href":"https:\/\/www.gardaseezeitung.it\/gardaseezeitung_new\/de\/wp-json\/wp\/v2\/posts"}],"about":[{"href":"https:\/\/www.gardaseezeitung.it\/gardaseezeitung_new\/de\/wp-json\/wp\/v2\/types\/post"}],"author":[{"embeddable":true,"href":"https:\/\/www.gardaseezeitung.it\/gardaseezeitung_new\/de\/wp-json\/wp\/v2\/users\/9"}],"replies":[{"embeddable":true,"href":"https:\/\/www.gardaseezeitung.it\/gardaseezeitung_new\/de\/wp-json\/wp\/v2\/comments?post=13903"}],"version-history":[{"count":1,"href":"https:\/\/www.gardaseezeitung.it\/gardaseezeitung_new\/de\/wp-json\/wp\/v2\/posts\/13903\/revisions"}],"predecessor-version":[{"id":13904,"href":"https:\/\/www.gardaseezeitung.it\/gardaseezeitung_new\/de\/wp-json\/wp\/v2\/posts\/13903\/revisions\/13904"}],"wp:featuredmedia":[{"embeddable":true,"href":"https:\/\/www.gardaseezeitung.it\/gardaseezeitung_new\/de\/wp-json\/wp\/v2\/media\/13902"}],"wp:attachment":[{"href":"https:\/\/www.gardaseezeitung.it\/gardaseezeitung_new\/de\/wp-json\/wp\/v2\/media?parent=13903"}],"wp:term":[{"taxonomy":"category","embeddable":true,"href":"https:\/\/www.gardaseezeitung.it\/gardaseezeitung_new\/de\/wp-json\/wp\/v2\/categories?post=13903"},{"taxonomy":"post_tag","embeddable":true,"href":"https:\/\/www.gardaseezeitung.it\/gardaseezeitung_new\/de\/wp-json\/wp\/v2\/tags?post=13903"},{"taxonomy":"news-destination","embeddable":true,"href":"https:\/\/www.gardaseezeitung.it\/gardaseezeitung_new\/de\/wp-json\/wp\/v2\/news-destination?post=13903"},{"taxonomy":"news-source","embeddable":true,"href":"https:\/\/www.gardaseezeitung.it\/gardaseezeitung_new\/de\/wp-json\/wp\/v2\/news-source?post=13903"},{"taxonomy":"is_homepage","embeddable":true,"href":"https:\/\/www.gardaseezeitung.it\/gardaseezeitung_new\/de\/wp-json\/wp\/v2\/is_homepage?post=13903"},{"taxonomy":"ta_other","embeddable":true,"href":"https:\/\/www.gardaseezeitung.it\/gardaseezeitung_new\/de\/wp-json\/wp\/v2\/ta_other?post=13903"}],"curies":[{"name":"wp","href":"https:\/\/api.w.org\/{rel}","templated":true}]}}