{"id":13913,"date":"2023-06-24T09:48:53","date_gmt":"2023-06-24T07:48:53","guid":{"rendered":"http:\/\/www-gardaseezeitung-it-euwp*.sitenm.com\/2023\/06\/24\/24-und-25-juni-im-parco-sigurta-die-historische-nachstellung-der-schlacht-von-1859\/"},"modified":"2023-06-24T09:51:07","modified_gmt":"2022-08-28T09:51:07","slug":"24-und-25-juni-im-parco-sigurta-die-historische-nachstellung-der-schlacht-von-1859","status":"publish","type":"post","link":"https:\/\/www.gardaseezeitung.it\/2023\/06\/24\/24-und-25-juni-im-parco-sigurta-die-historische-nachstellung-der-schlacht-von-1859\/","title":{"rendered":"Am 24. und 25. Juni im Parco Sigurt\u00e0 die historische Nachstellung der Schlacht von 1859"},"content":{"rendered":"<p>Ja, denn dieser Ort hat neben seiner nat\u00fcrlichen Sch\u00f6nheit mit vielen verschiedenen Bl\u00fcten, die jedes Jahr Hunderttausende von Besuchern anzieht, auch eine historische Bedeutung: Tats\u00e4chlich hatte hier Kaiser Franz Joseph vor der Schlacht von Solferino und San Martino sein Hauptquartier, und auch Napoleon III lie\u00df sich hier am darauffolgenden Tag, den 25. Juni 1859, bis zum Vorabend des Vertrags von Villafranca nieder. Zum Gedenken an diese gro\u00dfe Schlacht, die zur Gr\u00fcndung des Internationalen Roten Kreuzes f\u00fchrte, findet im Park an denselben Tagen, dem 24. und 25. Juni, eine einzigartige Vorf\u00fchrung statt die an die Schlacht von Solferino und San Martino erinnert. Die Veranstaltung findet in Zusammenarbeit mit \u201eI Volti del Risorgimento\u201c statt. An diesem Wochenende wird ein Teil des Parks mit Hunderten von Soldaten in historischen Uniformen, Kanonen und Pferden zum Leben erweckt die interessante Aktivit\u00e4ten f\u00fcr Jung und Alt mit Spielm\u00f6glichkeiten und T\u00e4nzen vorschlagen. Die Veranstaltung ist gegen Bezahlung der Eintrittskarte f\u00fcr den Garten kostenlos. Es ist keine Reservierung erforderlich.<\/p>\n<p>&nbsp;<\/p>\n<p>&nbsp;<\/p>\n","protected":false},"excerpt":{"rendered":"<p>Valeggio sul Mincio: Hunderte von Soldaten werden in historischen Uniformen, Kanonen, Pferden, Damen und Zivilisten &#8222;k\u00e4mpfen&#8220;<\/p>\n","protected":false},"author":9,"featured_media":13912,"comment_status":"open","ping_status":"open","sticky":false,"template":"","format":"standard","meta":[],"categories":[2,4,5],"tags":[3936,23,26,3937,3938,3939,3940,648,3941],"news-destination":[],"news-source":[],"is_homepage":[],"ta_other":[],"featured_media_details":{"width":960,"height":641,"file":"2023\/06\/3593_IMG_2012-desenzano.jpg","sizes":{"thumbnail":{"file":"3593_IMG_2012-desenzano-150x150.jpg","width":150,"height":150,"mime-type":"image\/jpeg","source_url":"https:\/\/www.gardaseezeitung.it\/gardaseezeitung_new\/de\/wp-content\/uploads\/sites\/2\/2023\/06\/3593_IMG_2012-desenzano-150x150.jpg"},"medium":{"file":"3593_IMG_2012-desenzano-300x200.jpg","width":300,"height":200,"mime-type":"image\/jpeg","source_url":"https:\/\/www.gardaseezeitung.it\/gardaseezeitung_new\/de\/wp-content\/uploads\/sites\/2\/2023\/06\/3593_IMG_2012-desenzano-300x200.jpg"},"medium_large":{"file":"3593_IMG_2012-desenzano-768x513.jpg","width":768,"height":513,"mime-type":"image\/jpeg","source_url":"https:\/\/www.gardaseezeitung.it\/gardaseezeitung_new\/de\/wp-content\/uploads\/sites\/2\/2023\/06\/3593_IMG_2012-desenzano-768x513.jpg"},"big_image":{"file":"3593_IMG_2012-desenzano-750x501.jpg","width":750,"height":501,"mime-type":"image\/jpeg","source_url":"https:\/\/www.gardaseezeitung.it\/gardaseezeitung_new\/de\/wp-content\/uploads\/sites\/2\/2023\/06\/3593_IMG_2012-desenzano-750x501.jpg"},"guest-author-32":{"file":"3593_IMG_2012-desenzano-32x32.jpg","width":32,"height":32,"mime-type":"image\/jpeg","source_url":"https:\/\/www.gardaseezeitung.it\/gardaseezeitung_new\/de\/wp-content\/uploads\/sites\/2\/2023\/06\/3593_IMG_2012-desenzano-32x32.jpg"},"guest-author-50":{"file":"3593_IMG_2012-desenzano-50x50.jpg","width":50,"height":50,"mime-type":"image\/jpeg","source_url":"https:\/\/www.gardaseezeitung.it\/gardaseezeitung_new\/de\/wp-content\/uploads\/sites\/2\/2023\/06\/3593_IMG_2012-desenzano-50x50.jpg"},"guest-author-64":{"file":"3593_IMG_2012-desenzano-64x64.jpg","width":64,"height":64,"mime-type":"image\/jpeg","source_url":"https:\/\/www.gardaseezeitung.it\/gardaseezeitung_new\/de\/wp-content\/uploads\/sites\/2\/2023\/06\/3593_IMG_2012-desenzano-64x64.jpg"},"guest-author-96":{"file":"3593_IMG_2012-desenzano-96x96.jpg","width":96,"height":96,"mime-type":"image\/jpeg","source_url":"https:\/\/www.gardaseezeitung.it\/gardaseezeitung_new\/de\/wp-content\/uploads\/sites\/2\/2023\/06\/3593_IMG_2012-desenzano-96x96.jpg"},"guest-author-128":{"file":"3593_IMG_2012-desenzano-128x128.jpg","width":128,"height":128,"mime-type":"image\/jpeg","source_url":"https:\/\/www.gardaseezeitung.it\/gardaseezeitung_new\/de\/wp-content\/uploads\/sites\/2\/2023\/06\/3593_IMG_2012-desenzano-128x128.jpg"},"full":{"file":"3593_IMG_2012-desenzano.jpg","width":960,"height":641,"mime_type":"","source_url":"https:\/\/www.gardaseezeitung.it\/gardaseezeitung_new\/de\/wp-content\/uploads\/sites\/2\/2023\/06\/3593_IMG_2012-desenzano.jpg"}},"image_meta":{"aperture":"0","credit":"","camera":"","caption":"","created_timestamp":"0","copyright":"","focal_length":"0","iso":"0","shutter_speed":"0","title":"","orientation":"0","keywords":[]}},"_links":{"self":[{"href":"https:\/\/www.gardaseezeitung.it\/gardaseezeitung_new\/de\/wp-json\/wp\/v2\/posts\/13913"}],"collection":[{"href":"https:\/\/www.gardaseezeitung.it\/gardaseezeitung_new\/de\/wp-json\/wp\/v2\/posts"}],"about":[{"href":"https:\/\/www.gardaseezeitung.it\/gardaseezeitung_new\/de\/wp-json\/wp\/v2\/types\/post"}],"author":[{"embeddable":true,"href":"https:\/\/www.gardaseezeitung.it\/gardaseezeitung_new\/de\/wp-json\/wp\/v2\/users\/9"}],"replies":[{"embeddable":true,"href":"https:\/\/www.gardaseezeitung.it\/gardaseezeitung_new\/de\/wp-json\/wp\/v2\/comments?post=13913"}],"version-history":[{"count":1,"href":"https:\/\/www.gardaseezeitung.it\/gardaseezeitung_new\/de\/wp-json\/wp\/v2\/posts\/13913\/revisions"}],"predecessor-version":[{"id":13914,"href":"https:\/\/www.gardaseezeitung.it\/gardaseezeitung_new\/de\/wp-json\/wp\/v2\/posts\/13913\/revisions\/13914"}],"wp:featuredmedia":[{"embeddable":true,"href":"https:\/\/www.gardaseezeitung.it\/gardaseezeitung_new\/de\/wp-json\/wp\/v2\/media\/13912"}],"wp:attachment":[{"href":"https:\/\/www.gardaseezeitung.it\/gardaseezeitung_new\/de\/wp-json\/wp\/v2\/media?parent=13913"}],"wp:term":[{"taxonomy":"category","embeddable":true,"href":"https:\/\/www.gardaseezeitung.it\/gardaseezeitung_new\/de\/wp-json\/wp\/v2\/categories?post=13913"},{"taxonomy":"post_tag","embeddable":true,"href":"https:\/\/www.gardaseezeitung.it\/gardaseezeitung_new\/de\/wp-json\/wp\/v2\/tags?post=13913"},{"taxonomy":"news-destination","embeddable":true,"href":"https:\/\/www.gardaseezeitung.it\/gardaseezeitung_new\/de\/wp-json\/wp\/v2\/news-destination?post=13913"},{"taxonomy":"news-source","embeddable":true,"href":"https:\/\/www.gardaseezeitung.it\/gardaseezeitung_new\/de\/wp-json\/wp\/v2\/news-source?post=13913"},{"taxonomy":"is_homepage","embeddable":true,"href":"https:\/\/www.gardaseezeitung.it\/gardaseezeitung_new\/de\/wp-json\/wp\/v2\/is_homepage?post=13913"},{"taxonomy":"ta_other","embeddable":true,"href":"https:\/\/www.gardaseezeitung.it\/gardaseezeitung_new\/de\/wp-json\/wp\/v2\/ta_other?post=13913"}],"curies":[{"name":"wp","href":"https:\/\/api.w.org\/{rel}","templated":true}]}}