{"id":13932,"date":"2023-06-29T23:26:38","date_gmt":"2023-06-29T21:26:38","guid":{"rendered":"http:\/\/www-gardaseezeitung-it-euwp*.sitenm.com\/2023\/06\/29\/samstag-1-und-sonntag-2-juli-punta-san-vigilio-eine-ortsspezifische-tanzshow\/"},"modified":"2023-06-29T23:29:29","modified_gmt":"2022-09-02T23:29:29","slug":"samstag-1-und-sonntag-2-juli-punta-san-vigilio-eine-ortsspezifische-tanzshow","status":"publish","type":"post","link":"https:\/\/www.gardaseezeitung.it\/2023\/06\/29\/samstag-1-und-sonntag-2-juli-punta-san-vigilio-eine-ortsspezifische-tanzshow\/","title":{"rendered":"Samstag 1. und Sonntag 2. Juli in Punta San Vigilio eine ortsspezifische Tanzshow"},"content":{"rendered":"<p>Du bist zu einer Show eingeladen, in der sich Tanz und Natur zu einem Erlebnis vereinen, das alle Sinne anspricht. In der atemberaubenden Umgebung von Punta San Vigilio empf\u00e4ngt der Olivengarten mit Blick auf den smaragdgr\u00fcnen See die G\u00e4ste in einer wahren Oase der Ruhe. Mit Hilfe von Kopfh\u00f6rern k\u00f6nnen die Zuschauer vier T\u00e4nzerinnen und T\u00e4nzer in ein einzigartiges Erlebnis eintauchen und zusammen mit der visuellen Landschaft eine echte &#8222;Klanglandschaft&#8220; genie\u00dfen: Die Melodie von Streichinstrumenten vermischt sich mit Umwelt- und Unterwasseraufnahmen, die an Nymphen, Najaden und Sirenen erinnern. Die Auff\u00fchrung (begrenzte Kapazit\u00e4t: Vorbestellung wird daher empfohlen) beginnt an der Kasse am Eingang zur Cala delle Sirene. Sie befindet sich an der Stra\u00dfe SR249, auf derrechts f\u00fcr diejenigen, die aus Richtung Garda kommen. Tickets (\u20ac 20,00 plus \u20ac 2,00 im Vorverkauf) online unter www.boxol.it\/BoxOfficelive. Alle Teilnehmer der Show erhalten eine Karte mit 20% Rabatt auf Sonnenliegen und Cabanas in Cala delle Sirene, damit sie den ganzen Sommer \u00fcber die Poesie der magischsten Bucht des Gardasees genie\u00dfen k\u00f6nnen.<\/p>\n<p>Infos:<br \/>\nwww.teatrostabileverona.it<br \/>\nwww.comune.garda.vr.it<br \/>\nwww.rivierasanvigilio.com<\/p>\n<p>&nbsp;<\/p>\n<p>&nbsp;<\/p>\n<p>&nbsp;<\/p>\n","protected":false},"excerpt":{"rendered":"<p>Die Show, die der Cala delle Sirene an der Riviera von San Vigilio gewidmet ist, hei\u00dft &#8222;Silent Garden&#8220;<\/p>\n","protected":false},"author":9,"featured_media":13931,"comment_status":"open","ping_status":"open","sticky":false,"template":"","format":"standard","meta":[],"categories":[2,5,6,3],"tags":[3956,1094,3954,3957,3958,3959,23,26,3960,179,3955,3961,980,3962],"news-destination":[],"news-source":[],"is_homepage":[],"ta_other":[],"featured_media_details":{"width":800,"height":629,"file":"2023\/06\/silent_garden_manifesto.png","sizes":{"thumbnail":{"file":"silent_garden_manifesto-150x150.png","width":150,"height":150,"mime-type":"image\/png","source_url":"https:\/\/www.gardaseezeitung.it\/gardaseezeitung_new\/de\/wp-content\/uploads\/sites\/2\/2023\/06\/silent_garden_manifesto-150x150.png"},"medium":{"file":"silent_garden_manifesto-300x236.png","width":300,"height":236,"mime-type":"image\/png","source_url":"https:\/\/www.gardaseezeitung.it\/gardaseezeitung_new\/de\/wp-content\/uploads\/sites\/2\/2023\/06\/silent_garden_manifesto-300x236.png"},"medium_large":{"file":"silent_garden_manifesto-768x604.png","width":768,"height":604,"mime-type":"image\/png","source_url":"https:\/\/www.gardaseezeitung.it\/gardaseezeitung_new\/de\/wp-content\/uploads\/sites\/2\/2023\/06\/silent_garden_manifesto-768x604.png"},"big_image":{"file":"silent_garden_manifesto-750x590.png","width":750,"height":590,"mime-type":"image\/png","source_url":"https:\/\/www.gardaseezeitung.it\/gardaseezeitung_new\/de\/wp-content\/uploads\/sites\/2\/2023\/06\/silent_garden_manifesto-750x590.png"},"guest-author-32":{"file":"silent_garden_manifesto-32x32.png","width":32,"height":32,"mime-type":"image\/png","source_url":"https:\/\/www.gardaseezeitung.it\/gardaseezeitung_new\/de\/wp-content\/uploads\/sites\/2\/2023\/06\/silent_garden_manifesto-32x32.png"},"guest-author-50":{"file":"silent_garden_manifesto-50x50.png","width":50,"height":50,"mime-type":"image\/png","source_url":"https:\/\/www.gardaseezeitung.it\/gardaseezeitung_new\/de\/wp-content\/uploads\/sites\/2\/2023\/06\/silent_garden_manifesto-50x50.png"},"guest-author-64":{"file":"silent_garden_manifesto-64x64.png","width":64,"height":64,"mime-type":"image\/png","source_url":"https:\/\/www.gardaseezeitung.it\/gardaseezeitung_new\/de\/wp-content\/uploads\/sites\/2\/2023\/06\/silent_garden_manifesto-64x64.png"},"guest-author-96":{"file":"silent_garden_manifesto-96x96.png","width":96,"height":96,"mime-type":"image\/png","source_url":"https:\/\/www.gardaseezeitung.it\/gardaseezeitung_new\/de\/wp-content\/uploads\/sites\/2\/2023\/06\/silent_garden_manifesto-96x96.png"},"guest-author-128":{"file":"silent_garden_manifesto-128x128.png","width":128,"height":128,"mime-type":"image\/png","source_url":"https:\/\/www.gardaseezeitung.it\/gardaseezeitung_new\/de\/wp-content\/uploads\/sites\/2\/2023\/06\/silent_garden_manifesto-128x128.png"},"full":{"file":"silent_garden_manifesto.png","width":800,"height":629,"mime_type":"","source_url":"https:\/\/www.gardaseezeitung.it\/gardaseezeitung_new\/de\/wp-content\/uploads\/sites\/2\/2023\/06\/silent_garden_manifesto.png"}},"image_meta":{"aperture":"0","credit":"","camera":"","caption":"","created_timestamp":"0","copyright":"","focal_length":"0","iso":"0","shutter_speed":"0","title":"","orientation":"0","keywords":[]}},"_links":{"self":[{"href":"https:\/\/www.gardaseezeitung.it\/gardaseezeitung_new\/de\/wp-json\/wp\/v2\/posts\/13932"}],"collection":[{"href":"https:\/\/www.gardaseezeitung.it\/gardaseezeitung_new\/de\/wp-json\/wp\/v2\/posts"}],"about":[{"href":"https:\/\/www.gardaseezeitung.it\/gardaseezeitung_new\/de\/wp-json\/wp\/v2\/types\/post"}],"author":[{"embeddable":true,"href":"https:\/\/www.gardaseezeitung.it\/gardaseezeitung_new\/de\/wp-json\/wp\/v2\/users\/9"}],"replies":[{"embeddable":true,"href":"https:\/\/www.gardaseezeitung.it\/gardaseezeitung_new\/de\/wp-json\/wp\/v2\/comments?post=13932"}],"version-history":[{"count":1,"href":"https:\/\/www.gardaseezeitung.it\/gardaseezeitung_new\/de\/wp-json\/wp\/v2\/posts\/13932\/revisions"}],"predecessor-version":[{"id":13933,"href":"https:\/\/www.gardaseezeitung.it\/gardaseezeitung_new\/de\/wp-json\/wp\/v2\/posts\/13932\/revisions\/13933"}],"wp:featuredmedia":[{"embeddable":true,"href":"https:\/\/www.gardaseezeitung.it\/gardaseezeitung_new\/de\/wp-json\/wp\/v2\/media\/13931"}],"wp:attachment":[{"href":"https:\/\/www.gardaseezeitung.it\/gardaseezeitung_new\/de\/wp-json\/wp\/v2\/media?parent=13932"}],"wp:term":[{"taxonomy":"category","embeddable":true,"href":"https:\/\/www.gardaseezeitung.it\/gardaseezeitung_new\/de\/wp-json\/wp\/v2\/categories?post=13932"},{"taxonomy":"post_tag","embeddable":true,"href":"https:\/\/www.gardaseezeitung.it\/gardaseezeitung_new\/de\/wp-json\/wp\/v2\/tags?post=13932"},{"taxonomy":"news-destination","embeddable":true,"href":"https:\/\/www.gardaseezeitung.it\/gardaseezeitung_new\/de\/wp-json\/wp\/v2\/news-destination?post=13932"},{"taxonomy":"news-source","embeddable":true,"href":"https:\/\/www.gardaseezeitung.it\/gardaseezeitung_new\/de\/wp-json\/wp\/v2\/news-source?post=13932"},{"taxonomy":"is_homepage","embeddable":true,"href":"https:\/\/www.gardaseezeitung.it\/gardaseezeitung_new\/de\/wp-json\/wp\/v2\/is_homepage?post=13932"},{"taxonomy":"ta_other","embeddable":true,"href":"https:\/\/www.gardaseezeitung.it\/gardaseezeitung_new\/de\/wp-json\/wp\/v2\/ta_other?post=13932"}],"curies":[{"name":"wp","href":"https:\/\/api.w.org\/{rel}","templated":true}]}}