{"id":13950,"date":"2023-07-03T00:50:39","date_gmt":"2023-07-02T22:50:39","guid":{"rendered":"http:\/\/www-gardaseezeitung-it-euwp*.sitenm.com\/2023\/07\/03\/riva-del-garda-der-apponale-turm-bleibt-auch-nachts-geoeffnet\/"},"modified":"2023-07-03T00:50:50","modified_gmt":"2022-09-06T00:50:50","slug":"riva-del-garda-der-apponale-turm-bleibt-auch-nachts-geoeffnet","status":"publish","type":"post","link":"https:\/\/www.gardaseezeitung.it\/2023\/07\/03\/riva-del-garda-der-apponale-turm-bleibt-auch-nachts-geoeffnet\/","title":{"rendered":"Riva del Garda: Der Apponale-Turm bleibt auch nachts ge\u00f6ffnet"},"content":{"rendered":"<p>Bereits im 13. Jahrhundert in den Chroniken erw\u00e4hnt, hatte der Apponale-Turm mit seinen 34 Metern H\u00f6he vor allem eine Funktion zur \u00dcberwachung und Verteidigung der Stadt. Wenn du die 165 Stufen zur Spitze des Turms hinaufsteigst, kannst du auch den Anzolin de la tor bewundern, die goldene engelsf\u00f6rmige Windfahne, die zu einem der Symbole der Stadt geworden ist. Tickets f\u00fcr die Turmbesteigung kannst du im MAG, dem Stadtmuseum, kaufen: 2,00 \u20ac f\u00fcr den vollen Preis (1,00 \u20ac f\u00fcr den erm\u00e4\u00dfigten Preis, freier Eintritt unter 14 Jahren).<\/p>\n","protected":false},"excerpt":{"rendered":"<p>Bis zum 31. August ist es m\u00f6glich, aus 34 Metern H\u00f6he bis 22 Uhr Riva und den See zu beobachten<\/p>\n","protected":false},"author":9,"featured_media":10198,"comment_status":"open","ping_status":"open","sticky":false,"template":"","format":"standard","meta":[],"categories":[2,4,3],"tags":[23,26,221,852],"news-destination":[],"news-source":[],"is_homepage":[],"ta_other":[],"featured_media_details":{"width":750,"height":430,"file":"2022\/04\/2021_Ascensore_Bastione_Riva_BONAVIDA_Poi_06-750x430.jpg","sizes":{"thumbnail":{"file":"2021_Ascensore_Bastione_Riva_BONAVIDA_Poi_06-750x430-150x150.jpg","width":150,"height":150,"mime-type":"image\/jpeg","source_url":"https:\/\/www.gardaseezeitung.it\/gardaseezeitung_new\/de\/wp-content\/uploads\/sites\/2\/2022\/04\/2021_Ascensore_Bastione_Riva_BONAVIDA_Poi_06-750x430-150x150.jpg"},"medium":{"file":"2021_Ascensore_Bastione_Riva_BONAVIDA_Poi_06-750x430-300x172.jpg","width":300,"height":172,"mime-type":"image\/jpeg","source_url":"https:\/\/www.gardaseezeitung.it\/gardaseezeitung_new\/de\/wp-content\/uploads\/sites\/2\/2022\/04\/2021_Ascensore_Bastione_Riva_BONAVIDA_Poi_06-750x430-300x172.jpg"},"big_image":{"file":"2021_Ascensore_Bastione_Riva_BONAVIDA_Poi_06-750x430-750x430.jpg","width":750,"height":430,"mime-type":"image\/jpeg","source_url":"https:\/\/www.gardaseezeitung.it\/gardaseezeitung_new\/de\/wp-content\/uploads\/sites\/2\/2022\/04\/2021_Ascensore_Bastione_Riva_BONAVIDA_Poi_06-750x430-750x430.jpg"},"guest-author-32":{"file":"2021_Ascensore_Bastione_Riva_BONAVIDA_Poi_06-750x430-32x32.jpg","width":32,"height":32,"mime-type":"image\/jpeg","source_url":"https:\/\/www.gardaseezeitung.it\/gardaseezeitung_new\/de\/wp-content\/uploads\/sites\/2\/2022\/04\/2021_Ascensore_Bastione_Riva_BONAVIDA_Poi_06-750x430-32x32.jpg"},"guest-author-50":{"file":"2021_Ascensore_Bastione_Riva_BONAVIDA_Poi_06-750x430-50x50.jpg","width":50,"height":50,"mime-type":"image\/jpeg","source_url":"https:\/\/www.gardaseezeitung.it\/gardaseezeitung_new\/de\/wp-content\/uploads\/sites\/2\/2022\/04\/2021_Ascensore_Bastione_Riva_BONAVIDA_Poi_06-750x430-50x50.jpg"},"guest-author-64":{"file":"2021_Ascensore_Bastione_Riva_BONAVIDA_Poi_06-750x430-64x64.jpg","width":64,"height":64,"mime-type":"image\/jpeg","source_url":"https:\/\/www.gardaseezeitung.it\/gardaseezeitung_new\/de\/wp-content\/uploads\/sites\/2\/2022\/04\/2021_Ascensore_Bastione_Riva_BONAVIDA_Poi_06-750x430-64x64.jpg"},"guest-author-96":{"file":"2021_Ascensore_Bastione_Riva_BONAVIDA_Poi_06-750x430-96x96.jpg","width":96,"height":96,"mime-type":"image\/jpeg","source_url":"https:\/\/www.gardaseezeitung.it\/gardaseezeitung_new\/de\/wp-content\/uploads\/sites\/2\/2022\/04\/2021_Ascensore_Bastione_Riva_BONAVIDA_Poi_06-750x430-96x96.jpg"},"guest-author-128":{"file":"2021_Ascensore_Bastione_Riva_BONAVIDA_Poi_06-750x430-128x128.jpg","width":128,"height":128,"mime-type":"image\/jpeg","source_url":"https:\/\/www.gardaseezeitung.it\/gardaseezeitung_new\/de\/wp-content\/uploads\/sites\/2\/2022\/04\/2021_Ascensore_Bastione_Riva_BONAVIDA_Poi_06-750x430-128x128.jpg"},"full":{"file":"2021_Ascensore_Bastione_Riva_BONAVIDA_Poi_06-750x430.jpg","width":750,"height":430,"mime_type":"","source_url":"https:\/\/www.gardaseezeitung.it\/gardaseezeitung_new\/de\/wp-content\/uploads\/sites\/2\/2022\/04\/2021_Ascensore_Bastione_Riva_BONAVIDA_Poi_06-750x430.jpg"}},"image_meta":{"aperture":"0","credit":"","camera":"","caption":"","created_timestamp":"0","copyright":"","focal_length":"0","iso":"0","shutter_speed":"0","title":"","orientation":"0","keywords":[]}},"_links":{"self":[{"href":"https:\/\/www.gardaseezeitung.it\/gardaseezeitung_new\/de\/wp-json\/wp\/v2\/posts\/13950"}],"collection":[{"href":"https:\/\/www.gardaseezeitung.it\/gardaseezeitung_new\/de\/wp-json\/wp\/v2\/posts"}],"about":[{"href":"https:\/\/www.gardaseezeitung.it\/gardaseezeitung_new\/de\/wp-json\/wp\/v2\/types\/post"}],"author":[{"embeddable":true,"href":"https:\/\/www.gardaseezeitung.it\/gardaseezeitung_new\/de\/wp-json\/wp\/v2\/users\/9"}],"replies":[{"embeddable":true,"href":"https:\/\/www.gardaseezeitung.it\/gardaseezeitung_new\/de\/wp-json\/wp\/v2\/comments?post=13950"}],"version-history":[{"count":1,"href":"https:\/\/www.gardaseezeitung.it\/gardaseezeitung_new\/de\/wp-json\/wp\/v2\/posts\/13950\/revisions"}],"predecessor-version":[{"id":13951,"href":"https:\/\/www.gardaseezeitung.it\/gardaseezeitung_new\/de\/wp-json\/wp\/v2\/posts\/13950\/revisions\/13951"}],"wp:featuredmedia":[{"embeddable":true,"href":"https:\/\/www.gardaseezeitung.it\/gardaseezeitung_new\/de\/wp-json\/wp\/v2\/media\/10198"}],"wp:attachment":[{"href":"https:\/\/www.gardaseezeitung.it\/gardaseezeitung_new\/de\/wp-json\/wp\/v2\/media?parent=13950"}],"wp:term":[{"taxonomy":"category","embeddable":true,"href":"https:\/\/www.gardaseezeitung.it\/gardaseezeitung_new\/de\/wp-json\/wp\/v2\/categories?post=13950"},{"taxonomy":"post_tag","embeddable":true,"href":"https:\/\/www.gardaseezeitung.it\/gardaseezeitung_new\/de\/wp-json\/wp\/v2\/tags?post=13950"},{"taxonomy":"news-destination","embeddable":true,"href":"https:\/\/www.gardaseezeitung.it\/gardaseezeitung_new\/de\/wp-json\/wp\/v2\/news-destination?post=13950"},{"taxonomy":"news-source","embeddable":true,"href":"https:\/\/www.gardaseezeitung.it\/gardaseezeitung_new\/de\/wp-json\/wp\/v2\/news-source?post=13950"},{"taxonomy":"is_homepage","embeddable":true,"href":"https:\/\/www.gardaseezeitung.it\/gardaseezeitung_new\/de\/wp-json\/wp\/v2\/is_homepage?post=13950"},{"taxonomy":"ta_other","embeddable":true,"href":"https:\/\/www.gardaseezeitung.it\/gardaseezeitung_new\/de\/wp-json\/wp\/v2\/ta_other?post=13950"}],"curies":[{"name":"wp","href":"https:\/\/api.w.org\/{rel}","templated":true}]}}