{"id":13956,"date":"2023-07-04T16:18:48","date_gmt":"2023-07-04T14:18:48","guid":{"rendered":"http:\/\/www-gardaseezeitung-it-euwp*.sitenm.com\/2023\/07\/04\/e-bikes-zum-mieten-sind-auf-der-malga-san-giorgio-angekommen\/"},"modified":"2023-07-04T16:19:03","modified_gmt":"2022-09-07T16:19:03","slug":"e-bikes-zum-mieten-sind-auf-der-malga-san-giorgio-angekommen","status":"publish","type":"post","link":"https:\/\/www.gardaseezeitung.it\/2023\/07\/04\/e-bikes-zum-mieten-sind-auf-der-malga-san-giorgio-angekommen\/","title":{"rendered":"E-Bikes zum Mieten sind auf der Malga San Giorgio angekommen"},"content":{"rendered":"<p>Skifahren im Winter, zwei R\u00e4der f\u00fcr die Stra\u00dfen und Wege der Veroneser Berge im Sommer. F\u00fcr die neue Aktivit\u00e4t, die im Winter am Ausgangspunkt der Langlaufloipen der Alta Lessinia, in Malga San Giorgio di Bosco Chiesanuova, angeboten wird, wurden moderate Preise gew\u00e4hlt. F\u00fcr E-Biker stehen 20 Mountainbikes mit Tretunterst\u00fctzung zur Verf\u00fcgung. Eine zus\u00e4tzliche Verleihm\u00f6glichkeit f\u00fcr diejenigen, die die Hochebene mit diesem erleichterten Fortbewegungsmittel erkunden wollen, mit dem sie ein Panorama genie\u00dfen k\u00f6nnen, das von den Dolomiten \u00fcber die Poebene bis hin zu den Apenninen reicht, und nat\u00fcrlich den Gardasee nicht vergessen. Nachdem vor zwei Jahren die Tennispl\u00e4tze in der Hochebene er\u00f6ffnet wurden, ist es das Ziel von Lessinia Turistsport, &#8222;den Touristen einen weiteren Service zu bieten&#8220;, so der Pr\u00e4sident Elio Venturelli. Zus\u00e4tzlich zu Fahrr\u00e4dern und Helmen bietet Alta Lessinia verschiedene Routen durch D\u00f6rfer, Weiden und Weiler an, die zum Beispiel in Podesteria, Branchetto, Malera und Fittanze Halt machen. Es gibt Ausflugsvorschl\u00e4ge f\u00fcr jedes Fitnessniveau: Du kannst sie abrufen, indem du die auf der Website von Alta Lessinia angegebene Anwendung auf dein Smartphone herunterl\u00e4dst; alternativ kannst du einem Track oder Gpx-Tracks folgen.&#8220;Hier oben&#8220;, betont Venturelli, &#8222;. Spa\u00df f\u00fcr Jung und Alt ist also garantiert. Mit dem Vorteil, dass man sich nicht zu sehr anstrengen muss und die Sch\u00f6nheit der Landschaft bewundern kann.<\/p>\n<p>&nbsp;<\/p>\n","protected":false},"excerpt":{"rendered":"<p>G\u00fcnstige Preise f\u00fcr das Radfahren in Alta Lessinia<\/p>\n","protected":false},"author":9,"featured_media":13955,"comment_status":"open","ping_status":"open","sticky":false,"template":"","format":"standard","meta":[],"categories":[4,6],"tags":[3976,3977,3978,3979,3980,23,26,3981,3982,3983],"news-destination":[],"news-source":[],"is_homepage":[],"ta_other":[],"featured_media_details":{"width":960,"height":720,"file":"2023\/07\/malga-san-giorgio.jpg","sizes":{"thumbnail":{"file":"malga-san-giorgio-150x150.jpg","width":150,"height":150,"mime-type":"image\/jpeg","source_url":"https:\/\/www.gardaseezeitung.it\/gardaseezeitung_new\/de\/wp-content\/uploads\/sites\/2\/2023\/07\/malga-san-giorgio-150x150.jpg"},"medium":{"file":"malga-san-giorgio-300x225.jpg","width":300,"height":225,"mime-type":"image\/jpeg","source_url":"https:\/\/www.gardaseezeitung.it\/gardaseezeitung_new\/de\/wp-content\/uploads\/sites\/2\/2023\/07\/malga-san-giorgio-300x225.jpg"},"medium_large":{"file":"malga-san-giorgio-768x576.jpg","width":768,"height":576,"mime-type":"image\/jpeg","source_url":"https:\/\/www.gardaseezeitung.it\/gardaseezeitung_new\/de\/wp-content\/uploads\/sites\/2\/2023\/07\/malga-san-giorgio-768x576.jpg"},"big_image":{"file":"malga-san-giorgio-750x563.jpg","width":750,"height":563,"mime-type":"image\/jpeg","source_url":"https:\/\/www.gardaseezeitung.it\/gardaseezeitung_new\/de\/wp-content\/uploads\/sites\/2\/2023\/07\/malga-san-giorgio-750x563.jpg"},"guest-author-32":{"file":"malga-san-giorgio-32x32.jpg","width":32,"height":32,"mime-type":"image\/jpeg","source_url":"https:\/\/www.gardaseezeitung.it\/gardaseezeitung_new\/de\/wp-content\/uploads\/sites\/2\/2023\/07\/malga-san-giorgio-32x32.jpg"},"guest-author-50":{"file":"malga-san-giorgio-50x50.jpg","width":50,"height":50,"mime-type":"image\/jpeg","source_url":"https:\/\/www.gardaseezeitung.it\/gardaseezeitung_new\/de\/wp-content\/uploads\/sites\/2\/2023\/07\/malga-san-giorgio-50x50.jpg"},"guest-author-64":{"file":"malga-san-giorgio-64x64.jpg","width":64,"height":64,"mime-type":"image\/jpeg","source_url":"https:\/\/www.gardaseezeitung.it\/gardaseezeitung_new\/de\/wp-content\/uploads\/sites\/2\/2023\/07\/malga-san-giorgio-64x64.jpg"},"guest-author-96":{"file":"malga-san-giorgio-96x96.jpg","width":96,"height":96,"mime-type":"image\/jpeg","source_url":"https:\/\/www.gardaseezeitung.it\/gardaseezeitung_new\/de\/wp-content\/uploads\/sites\/2\/2023\/07\/malga-san-giorgio-96x96.jpg"},"guest-author-128":{"file":"malga-san-giorgio-128x128.jpg","width":128,"height":128,"mime-type":"image\/jpeg","source_url":"https:\/\/www.gardaseezeitung.it\/gardaseezeitung_new\/de\/wp-content\/uploads\/sites\/2\/2023\/07\/malga-san-giorgio-128x128.jpg"},"full":{"file":"malga-san-giorgio.jpg","width":960,"height":720,"mime_type":"","source_url":"https:\/\/www.gardaseezeitung.it\/gardaseezeitung_new\/de\/wp-content\/uploads\/sites\/2\/2023\/07\/malga-san-giorgio.jpg"}},"image_meta":{"aperture":"0","credit":"","camera":"","caption":"","created_timestamp":"0","copyright":"","focal_length":"0","iso":"0","shutter_speed":"0","title":"","orientation":"1","keywords":[]}},"_links":{"self":[{"href":"https:\/\/www.gardaseezeitung.it\/gardaseezeitung_new\/de\/wp-json\/wp\/v2\/posts\/13956"}],"collection":[{"href":"https:\/\/www.gardaseezeitung.it\/gardaseezeitung_new\/de\/wp-json\/wp\/v2\/posts"}],"about":[{"href":"https:\/\/www.gardaseezeitung.it\/gardaseezeitung_new\/de\/wp-json\/wp\/v2\/types\/post"}],"author":[{"embeddable":true,"href":"https:\/\/www.gardaseezeitung.it\/gardaseezeitung_new\/de\/wp-json\/wp\/v2\/users\/9"}],"replies":[{"embeddable":true,"href":"https:\/\/www.gardaseezeitung.it\/gardaseezeitung_new\/de\/wp-json\/wp\/v2\/comments?post=13956"}],"version-history":[{"count":1,"href":"https:\/\/www.gardaseezeitung.it\/gardaseezeitung_new\/de\/wp-json\/wp\/v2\/posts\/13956\/revisions"}],"predecessor-version":[{"id":13957,"href":"https:\/\/www.gardaseezeitung.it\/gardaseezeitung_new\/de\/wp-json\/wp\/v2\/posts\/13956\/revisions\/13957"}],"wp:featuredmedia":[{"embeddable":true,"href":"https:\/\/www.gardaseezeitung.it\/gardaseezeitung_new\/de\/wp-json\/wp\/v2\/media\/13955"}],"wp:attachment":[{"href":"https:\/\/www.gardaseezeitung.it\/gardaseezeitung_new\/de\/wp-json\/wp\/v2\/media?parent=13956"}],"wp:term":[{"taxonomy":"category","embeddable":true,"href":"https:\/\/www.gardaseezeitung.it\/gardaseezeitung_new\/de\/wp-json\/wp\/v2\/categories?post=13956"},{"taxonomy":"post_tag","embeddable":true,"href":"https:\/\/www.gardaseezeitung.it\/gardaseezeitung_new\/de\/wp-json\/wp\/v2\/tags?post=13956"},{"taxonomy":"news-destination","embeddable":true,"href":"https:\/\/www.gardaseezeitung.it\/gardaseezeitung_new\/de\/wp-json\/wp\/v2\/news-destination?post=13956"},{"taxonomy":"news-source","embeddable":true,"href":"https:\/\/www.gardaseezeitung.it\/gardaseezeitung_new\/de\/wp-json\/wp\/v2\/news-source?post=13956"},{"taxonomy":"is_homepage","embeddable":true,"href":"https:\/\/www.gardaseezeitung.it\/gardaseezeitung_new\/de\/wp-json\/wp\/v2\/is_homepage?post=13956"},{"taxonomy":"ta_other","embeddable":true,"href":"https:\/\/www.gardaseezeitung.it\/gardaseezeitung_new\/de\/wp-json\/wp\/v2\/ta_other?post=13956"}],"curies":[{"name":"wp","href":"https:\/\/api.w.org\/{rel}","templated":true}]}}