{"id":13970,"date":"2023-07-07T00:55:03","date_gmt":"2023-07-06T22:55:03","guid":{"rendered":"http:\/\/www-gardaseezeitung-it-euwp*.sitenm.com\/2023\/07\/06\/tausend-alpini-auf-dem-monte-baldo-zum-60-jubilaeum-der-kleinen-kirche-costabella\/"},"modified":"2023-07-07T01:20:25","modified_gmt":"2022-09-10T01:20:25","slug":"tausend-alpini-auf-dem-monte-baldo-zum-60-jubilaeum-der-kleinen-kirche-costabella","status":"publish","type":"post","link":"https:\/\/www.gardaseezeitung.it\/2023\/07\/07\/tausend-alpini-auf-dem-monte-baldo-zum-60-jubilaeum-der-kleinen-kirche-costabella\/","title":{"rendered":"Tausend Alpini auf dem Monte Baldo zum 60. Jubil\u00e4um der kleinen Kirche in Costabella"},"content":{"rendered":"<p>Die 60. Wallfahrt fand zur kleinen Kirche in Costabella unterhalb des gleichnamigen 2.053 Meter hohen Gipfels in der N\u00e4he der Chierego-H\u00fctte statt, die im Oktober 2018 (durch die 150-Kilometer-pro-Stunde-Windb\u00f6en des Sturms Vaia) zerst\u00f6rt wurde und nun wieder aufgebaut ist. Die Einweihung der Kapelle gab dem Costabella-Resort ein Gef\u00fchl der Wiedergeburt, das nun durch die vor einem Jahr wiederer\u00f6ffnete Bidonvia und den Sessellift besser erreicht werden kann. Die kleine Kirche, die den Heiligen Mauritius und Bernhard (Schutzpatrone der Bergsteiger) und Maria, der K\u00f6nigin des Friedens, geweiht ist, wurde in weniger als einem Jahr und mit 150.000 Euro, die von der Alpentruppe und einer Reihe von Privatpersonen gesammelt wurden, renoviert. Das Geb\u00e4ude wurde mit neuen Designlinien f\u00fcr erdbebensicheres Mauerwerk und Glasfenstern, die gut mit der Bergkulisse dialogisieren, renoviert. Die Wallfahrt wird seit 60 Jahren an einem Ort voller Spiritualit\u00e4t und Geschichte wiederholt.<\/p>\n<p>&nbsp;<\/p>\n","protected":false},"excerpt":{"rendered":"<p>\u00dcber tausend Alpini, Familien, Dekane und Kinder versammelten sich um die kleine Kirche, die beim Sturm 2018 zerst\u00f6rt und wieder aufgebaut wurde<\/p>\n","protected":false},"author":9,"featured_media":13969,"comment_status":"open","ping_status":"open","sticky":false,"template":"","format":"standard","meta":[],"categories":[2,4,6],"tags":[215,3997,3998,2992,3999,4000],"news-destination":[],"news-source":[],"is_homepage":[],"ta_other":[],"featured_media_details":{"width":1290,"height":806,"file":"2023\/07\/alpini.jpg","sizes":{"thumbnail":{"file":"alpini-150x150.jpg","width":150,"height":150,"mime-type":"image\/jpeg","source_url":"https:\/\/www.gardaseezeitung.it\/gardaseezeitung_new\/de\/wp-content\/uploads\/sites\/2\/2023\/07\/alpini-150x150.jpg"},"medium":{"file":"alpini-300x187.jpg","width":300,"height":187,"mime-type":"image\/jpeg","source_url":"https:\/\/www.gardaseezeitung.it\/gardaseezeitung_new\/de\/wp-content\/uploads\/sites\/2\/2023\/07\/alpini-300x187.jpg"},"medium_large":{"file":"alpini-768x480.jpg","width":768,"height":480,"mime-type":"image\/jpeg","source_url":"https:\/\/www.gardaseezeitung.it\/gardaseezeitung_new\/de\/wp-content\/uploads\/sites\/2\/2023\/07\/alpini-768x480.jpg"},"large":{"file":"alpini-1024x640.jpg","width":1024,"height":640,"mime-type":"image\/jpeg","source_url":"https:\/\/www.gardaseezeitung.it\/gardaseezeitung_new\/de\/wp-content\/uploads\/sites\/2\/2023\/07\/alpini-1024x640.jpg"},"big_image":{"file":"alpini-750x469.jpg","width":750,"height":469,"mime-type":"image\/jpeg","source_url":"https:\/\/www.gardaseezeitung.it\/gardaseezeitung_new\/de\/wp-content\/uploads\/sites\/2\/2023\/07\/alpini-750x469.jpg"},"guest-author-32":{"file":"alpini-32x32.jpg","width":32,"height":32,"mime-type":"image\/jpeg","source_url":"https:\/\/www.gardaseezeitung.it\/gardaseezeitung_new\/de\/wp-content\/uploads\/sites\/2\/2023\/07\/alpini-32x32.jpg"},"guest-author-50":{"file":"alpini-50x50.jpg","width":50,"height":50,"mime-type":"image\/jpeg","source_url":"https:\/\/www.gardaseezeitung.it\/gardaseezeitung_new\/de\/wp-content\/uploads\/sites\/2\/2023\/07\/alpini-50x50.jpg"},"guest-author-64":{"file":"alpini-64x64.jpg","width":64,"height":64,"mime-type":"image\/jpeg","source_url":"https:\/\/www.gardaseezeitung.it\/gardaseezeitung_new\/de\/wp-content\/uploads\/sites\/2\/2023\/07\/alpini-64x64.jpg"},"guest-author-96":{"file":"alpini-96x96.jpg","width":96,"height":96,"mime-type":"image\/jpeg","source_url":"https:\/\/www.gardaseezeitung.it\/gardaseezeitung_new\/de\/wp-content\/uploads\/sites\/2\/2023\/07\/alpini-96x96.jpg"},"guest-author-128":{"file":"alpini-128x128.jpg","width":128,"height":128,"mime-type":"image\/jpeg","source_url":"https:\/\/www.gardaseezeitung.it\/gardaseezeitung_new\/de\/wp-content\/uploads\/sites\/2\/2023\/07\/alpini-128x128.jpg"},"full":{"file":"alpini.jpg","width":1290,"height":806,"mime_type":"","source_url":"https:\/\/www.gardaseezeitung.it\/gardaseezeitung_new\/de\/wp-content\/uploads\/sites\/2\/2023\/07\/alpini.jpg"}},"image_meta":{"aperture":"0","credit":"","camera":"","caption":"","created_timestamp":"0","copyright":"","focal_length":"0","iso":"0","shutter_speed":"0","title":"","orientation":"1","keywords":[]}},"_links":{"self":[{"href":"https:\/\/www.gardaseezeitung.it\/gardaseezeitung_new\/de\/wp-json\/wp\/v2\/posts\/13970"}],"collection":[{"href":"https:\/\/www.gardaseezeitung.it\/gardaseezeitung_new\/de\/wp-json\/wp\/v2\/posts"}],"about":[{"href":"https:\/\/www.gardaseezeitung.it\/gardaseezeitung_new\/de\/wp-json\/wp\/v2\/types\/post"}],"author":[{"embeddable":true,"href":"https:\/\/www.gardaseezeitung.it\/gardaseezeitung_new\/de\/wp-json\/wp\/v2\/users\/9"}],"replies":[{"embeddable":true,"href":"https:\/\/www.gardaseezeitung.it\/gardaseezeitung_new\/de\/wp-json\/wp\/v2\/comments?post=13970"}],"version-history":[{"count":1,"href":"https:\/\/www.gardaseezeitung.it\/gardaseezeitung_new\/de\/wp-json\/wp\/v2\/posts\/13970\/revisions"}],"predecessor-version":[{"id":13971,"href":"https:\/\/www.gardaseezeitung.it\/gardaseezeitung_new\/de\/wp-json\/wp\/v2\/posts\/13970\/revisions\/13971"}],"wp:featuredmedia":[{"embeddable":true,"href":"https:\/\/www.gardaseezeitung.it\/gardaseezeitung_new\/de\/wp-json\/wp\/v2\/media\/13969"}],"wp:attachment":[{"href":"https:\/\/www.gardaseezeitung.it\/gardaseezeitung_new\/de\/wp-json\/wp\/v2\/media?parent=13970"}],"wp:term":[{"taxonomy":"category","embeddable":true,"href":"https:\/\/www.gardaseezeitung.it\/gardaseezeitung_new\/de\/wp-json\/wp\/v2\/categories?post=13970"},{"taxonomy":"post_tag","embeddable":true,"href":"https:\/\/www.gardaseezeitung.it\/gardaseezeitung_new\/de\/wp-json\/wp\/v2\/tags?post=13970"},{"taxonomy":"news-destination","embeddable":true,"href":"https:\/\/www.gardaseezeitung.it\/gardaseezeitung_new\/de\/wp-json\/wp\/v2\/news-destination?post=13970"},{"taxonomy":"news-source","embeddable":true,"href":"https:\/\/www.gardaseezeitung.it\/gardaseezeitung_new\/de\/wp-json\/wp\/v2\/news-source?post=13970"},{"taxonomy":"is_homepage","embeddable":true,"href":"https:\/\/www.gardaseezeitung.it\/gardaseezeitung_new\/de\/wp-json\/wp\/v2\/is_homepage?post=13970"},{"taxonomy":"ta_other","embeddable":true,"href":"https:\/\/www.gardaseezeitung.it\/gardaseezeitung_new\/de\/wp-json\/wp\/v2\/ta_other?post=13970"}],"curies":[{"name":"wp","href":"https:\/\/api.w.org\/{rel}","templated":true}]}}