{"id":13984,"date":"2023-07-08T00:35:15","date_gmt":"2023-07-07T22:35:15","guid":{"rendered":"http:\/\/www-gardaseezeitung-it-euwp*.sitenm.com\/2023\/07\/08\/zusammenspiel-zwischen-der-brennerautobahn-und-der-polizei-bilanz-vor-dem-sommerreiseverkehr\/"},"modified":"2023-07-08T00:38:23","modified_gmt":"2022-09-11T00:38:23","slug":"zusammenspiel-zwischen-der-brennerautobahn-und-der-polizei-bilanz-vor-dem-sommerreiseverkehr","status":"publish","type":"post","link":"https:\/\/www.gardaseezeitung.it\/2023\/07\/08\/zusammenspiel-zwischen-der-brennerautobahn-und-der-polizei-bilanz-vor-dem-sommerreiseverkehr\/","title":{"rendered":"Zusammenspiel zwischen der Brennerautobahn und der Polizei Bilanz vor dem Sommerreiseverkehr"},"content":{"rendered":"<p>Tendenz des Verkehrsaufkommens, Unfallqoute, gemeinsame Ausbildung des Personals und Ausstattungen der Stra\u00dfenpolizei, die auf der Autobahn ihren Dienst leistet: das waren die Themen an der Tagesordnung der parit\u00e4tischen Versammlung heute Morgen zwischen der F\u00fchrungsspitze der Brennerautobahn AG und der Gesch\u00e4ftsleitung der verschiedenen Abteilungen entlang der A22. Die Staatspolizei wurde durch Francesca Montereali, oberste Leiterin der Abteilung der Stra\u00dfenpolizei f\u00fcr das Trentino-S\u00fcdtirol und Belluno, Klaus Pescolderling, Polizeioberst der Sektion Bozen, Luigi Di Ruscio, Oberster Leiter der Abteilung Veneto, Antonio Maria Addis, Leiter der Verkehrsleitzentrale (COA) Padua, Annalisa Mongiorgi, Polizeioberst der Sektion Verona, Piero Antonio Brasola, Oberster Abteilungsleiter f\u00fcr die Emilia Romagna, Carlotta Gallo, Oberster Abteilungsleiter f\u00fcr die Lombardei und Laura Patrizi, Oberst der Polizei Sektion Mantua. \u201cEine komplexe Realit\u00e4t wie die der Autobahn \u2013 beobachtet der Gesch\u00e4ftsf\u00fchrer \u2013 kann am besten verwaltet werden, wenn die Zusammenarbeit f\u00fcr die Eingriffsma\u00dfnahmen unter den verschiedenen Verantwortlichen maximal ist. Aus diesem Grund sind wir der Stra\u00dfenpolizei f\u00fcr ihre p\u00fcnktliche und unverzichtbare Zusammenarbeit entlang der gesamten Brennerautobahn sehr dankbar\u201c. W\u00e4hrend des Treffens wurden die Daten zum Verkehr untersucht, die nach der\u00a0 vergangenen Pandemie, nicht nur auf den Stand von 2019 zur\u00fcckgekehrt sind, sondern diese schon in den ersten Monaten des Jahres \u00fcberstiegen haben. Ein Anstieg, der nicht der Zunahme der Unfallquote entspricht, im Gegenteil, nach dem Rekordjahr 2022 \u2013 14,81 globale Unfallquote, gegen\u00fcber eines Durchschnittes in Italien von 28 (TIG= Anzahl der Unf\u00e4lle\/Fahrzeuge x km x 100.000.000) \u2013 weist 2023 gegenw\u00e4rtig auf einen weiteren R\u00fcckgang hin (13,56 vorl\u00e4ufiger Wert). Au\u00dferdem wurde hinsichtlich der gemeinsamen Ausbildung des Personals und der verschiedenen Einsatzkr\u00e4fte, wie die Simulierung, die k\u00fcrzlich im Virgl-Tunnel stattgefunden hat, Bilanz gezogen.Abschlie\u00dfend, maximale Verf\u00fcgbarkeit von Seiten der Brennerautobahn-gesellschaft in Bezug auf die Ausstattung der Stra\u00dfenpolizei, von den Dienstfahrzeugen zu den Radarger\u00e4ten, bis hin zu den Alkoholtests. \u201cDie Brennerautobahngesellschaft \u2013 bemerkt der Technische Generaldirektor, Carlo Costa \u2013 hat seit jeher ausgezeichnete Beziehungen zur Stra\u00dfenpolizei. Treffen wie dieses dienen, um \u00fcber die jeweiligen Bed\u00fcrfnisse Bilanz zu ziehen, damit die zur Verf\u00fcgung stehenden Mittel und das Personal optimal eingesetzt werden. \u00a0Eine noch gr\u00f6\u00dfere Aufmerksamkeit auf den bevor stehenden Sommerreiseverkehr, der uns zur Gew\u00e4hrleistung einer optimalen Verwaltung der Brennerautobahn alle im Einsatz sehen wird\u201c.<\/p>\n","protected":false},"excerpt":{"rendered":"<p>Themen an der Tagesordnung: Verkehr, Unfallquote, Ausbildung und Ausstattungen<\/p>\n","protected":false},"author":9,"featured_media":13983,"comment_status":"open","ping_status":"open","sticky":false,"template":"","format":"standard","meta":[],"categories":[2,4],"tags":[27,4012,1682,23,26,4013,4014,4015,3375],"news-destination":[],"news-source":[],"is_homepage":[],"ta_other":[],"featured_media_details":{"width":1535,"height":1024,"file":"2023\/07\/0I1A1911.jpg","sizes":{"thumbnail":{"file":"0I1A1911-150x150.jpg","width":150,"height":150,"mime-type":"image\/jpeg","source_url":"https:\/\/www.gardaseezeitung.it\/gardaseezeitung_new\/de\/wp-content\/uploads\/sites\/2\/2023\/07\/0I1A1911-150x150.jpg"},"medium":{"file":"0I1A1911-300x200.jpg","width":300,"height":200,"mime-type":"image\/jpeg","source_url":"https:\/\/www.gardaseezeitung.it\/gardaseezeitung_new\/de\/wp-content\/uploads\/sites\/2\/2023\/07\/0I1A1911-300x200.jpg"},"medium_large":{"file":"0I1A1911-768x512.jpg","width":768,"height":512,"mime-type":"image\/jpeg","source_url":"https:\/\/www.gardaseezeitung.it\/gardaseezeitung_new\/de\/wp-content\/uploads\/sites\/2\/2023\/07\/0I1A1911-768x512.jpg"},"large":{"file":"0I1A1911-1024x683.jpg","width":1024,"height":683,"mime-type":"image\/jpeg","source_url":"https:\/\/www.gardaseezeitung.it\/gardaseezeitung_new\/de\/wp-content\/uploads\/sites\/2\/2023\/07\/0I1A1911-1024x683.jpg"},"big_image":{"file":"0I1A1911-750x500.jpg","width":750,"height":500,"mime-type":"image\/jpeg","source_url":"https:\/\/www.gardaseezeitung.it\/gardaseezeitung_new\/de\/wp-content\/uploads\/sites\/2\/2023\/07\/0I1A1911-750x500.jpg"},"guest-author-32":{"file":"0I1A1911-32x32.jpg","width":32,"height":32,"mime-type":"image\/jpeg","source_url":"https:\/\/www.gardaseezeitung.it\/gardaseezeitung_new\/de\/wp-content\/uploads\/sites\/2\/2023\/07\/0I1A1911-32x32.jpg"},"guest-author-50":{"file":"0I1A1911-50x50.jpg","width":50,"height":50,"mime-type":"image\/jpeg","source_url":"https:\/\/www.gardaseezeitung.it\/gardaseezeitung_new\/de\/wp-content\/uploads\/sites\/2\/2023\/07\/0I1A1911-50x50.jpg"},"guest-author-64":{"file":"0I1A1911-64x64.jpg","width":64,"height":64,"mime-type":"image\/jpeg","source_url":"https:\/\/www.gardaseezeitung.it\/gardaseezeitung_new\/de\/wp-content\/uploads\/sites\/2\/2023\/07\/0I1A1911-64x64.jpg"},"guest-author-96":{"file":"0I1A1911-96x96.jpg","width":96,"height":96,"mime-type":"image\/jpeg","source_url":"https:\/\/www.gardaseezeitung.it\/gardaseezeitung_new\/de\/wp-content\/uploads\/sites\/2\/2023\/07\/0I1A1911-96x96.jpg"},"guest-author-128":{"file":"0I1A1911-128x128.jpg","width":128,"height":128,"mime-type":"image\/jpeg","source_url":"https:\/\/www.gardaseezeitung.it\/gardaseezeitung_new\/de\/wp-content\/uploads\/sites\/2\/2023\/07\/0I1A1911-128x128.jpg"},"full":{"file":"0I1A1911.jpg","width":1535,"height":1024,"mime_type":"","source_url":"https:\/\/www.gardaseezeitung.it\/gardaseezeitung_new\/de\/wp-content\/uploads\/sites\/2\/2023\/07\/0I1A1911.jpg"}},"image_meta":{"aperture":"4","credit":"","camera":"Canon EOS R5","caption":"","created_timestamp":"1666775398","copyright":"","focal_length":"16","iso":"125","shutter_speed":"0.005","title":"","orientation":"1","keywords":[]}},"_links":{"self":[{"href":"https:\/\/www.gardaseezeitung.it\/gardaseezeitung_new\/de\/wp-json\/wp\/v2\/posts\/13984"}],"collection":[{"href":"https:\/\/www.gardaseezeitung.it\/gardaseezeitung_new\/de\/wp-json\/wp\/v2\/posts"}],"about":[{"href":"https:\/\/www.gardaseezeitung.it\/gardaseezeitung_new\/de\/wp-json\/wp\/v2\/types\/post"}],"author":[{"embeddable":true,"href":"https:\/\/www.gardaseezeitung.it\/gardaseezeitung_new\/de\/wp-json\/wp\/v2\/users\/9"}],"replies":[{"embeddable":true,"href":"https:\/\/www.gardaseezeitung.it\/gardaseezeitung_new\/de\/wp-json\/wp\/v2\/comments?post=13984"}],"version-history":[{"count":1,"href":"https:\/\/www.gardaseezeitung.it\/gardaseezeitung_new\/de\/wp-json\/wp\/v2\/posts\/13984\/revisions"}],"predecessor-version":[{"id":13985,"href":"https:\/\/www.gardaseezeitung.it\/gardaseezeitung_new\/de\/wp-json\/wp\/v2\/posts\/13984\/revisions\/13985"}],"wp:featuredmedia":[{"embeddable":true,"href":"https:\/\/www.gardaseezeitung.it\/gardaseezeitung_new\/de\/wp-json\/wp\/v2\/media\/13983"}],"wp:attachment":[{"href":"https:\/\/www.gardaseezeitung.it\/gardaseezeitung_new\/de\/wp-json\/wp\/v2\/media?parent=13984"}],"wp:term":[{"taxonomy":"category","embeddable":true,"href":"https:\/\/www.gardaseezeitung.it\/gardaseezeitung_new\/de\/wp-json\/wp\/v2\/categories?post=13984"},{"taxonomy":"post_tag","embeddable":true,"href":"https:\/\/www.gardaseezeitung.it\/gardaseezeitung_new\/de\/wp-json\/wp\/v2\/tags?post=13984"},{"taxonomy":"news-destination","embeddable":true,"href":"https:\/\/www.gardaseezeitung.it\/gardaseezeitung_new\/de\/wp-json\/wp\/v2\/news-destination?post=13984"},{"taxonomy":"news-source","embeddable":true,"href":"https:\/\/www.gardaseezeitung.it\/gardaseezeitung_new\/de\/wp-json\/wp\/v2\/news-source?post=13984"},{"taxonomy":"is_homepage","embeddable":true,"href":"https:\/\/www.gardaseezeitung.it\/gardaseezeitung_new\/de\/wp-json\/wp\/v2\/is_homepage?post=13984"},{"taxonomy":"ta_other","embeddable":true,"href":"https:\/\/www.gardaseezeitung.it\/gardaseezeitung_new\/de\/wp-json\/wp\/v2\/ta_other?post=13984"}],"curies":[{"name":"wp","href":"https:\/\/api.w.org\/{rel}","templated":true}]}}