{"id":13990,"date":"2023-07-21T08:40:21","date_gmt":"2023-07-21T06:40:21","guid":{"rendered":"http:\/\/www-gardaseezeitung-it-euwp*.sitenm.com\/2023\/07\/13\/land-fashion-villages-bringt-den-sommer-mit-summer-nights-zum-leuchten\/"},"modified":"2023-07-21T08:40:55","modified_gmt":"2022-09-24T08:40:55","slug":"land-fashion-villages-bringt-den-sommer-mit-summer-nights-zum-leuchten","status":"publish","type":"post","link":"https:\/\/www.gardaseezeitung.it\/2023\/07\/21\/land-fashion-villages-bringt-den-sommer-mit-summer-nights-zum-leuchten\/","title":{"rendered":"Land of Fashion Villages bringt den Sommer mit &#8222;Summer Nights&#8220; zum Leuchten"},"content":{"rendered":"<p>Franciacorta Village und Mantova Village &#8211; die beiden Zentren von Land of Fashion Villages, die nicht weit vom Gardasee entfernt liegen &#8211; bieten, um die Ankunft der Sommersaison unvergesslich zu machen, die &#8222;Summer Nights signed Land of Fashion Villages&#8220; an, eine Gelegenheit, die Shopping Villages auf eine ungew\u00f6hnliche Art zu erleben. Jedes Dorf wird sich f\u00fcr diesen Anlass herausputzen und die G\u00e4ste in Lounges empfangen, die von den Farben und der Atmosph\u00e4re des Sommers inspiriert sind, elegant und mit einem umh\u00fcllenden Geist, der die Sch\u00f6nheit der Gebiete widerspiegelt, die alle Zentren von Land of Fashion Villages auszeichnen. An den Freitagabenden des 14., 21. und 28. Juli bleiben alle Gesch\u00e4fte in den D\u00f6rfern bis 23 Uhr ge\u00f6ffnet. So entstehen Abende, die ad hoc f\u00fcr Besucher\/innen geschaffen wurden, die das Nachtleben genie\u00dfen und sich von einem Hauch frischer Luft, Shopping bis sp\u00e4t in die Nacht und guter Musik mitrei\u00dfen lassen wollen. Bei diesen Gelegenheiten bleiben auch die Gastronomiebetriebe bis Mitternacht ge\u00f6ffnet. All das wird von Live-Musik und vielseitigen DJ-Sets begleitet. Die Musik im Franciacorta Village wird von Signature- und klassischen Drinks der Dialogue Lounge Bar begleitet (einer renommierten Cocktailbar in Brescia, die f\u00fcr diese Abende vom Stadtzentrum ins Herz des Village umzieht). Mantova Village wird Stationen f\u00fcr DJ-Sets und Live-Musik mit au\u00dfergew\u00f6hnlichen Saxophonisten, Pianisten und Perkussionisten einrichten, die ein musikalisches Repertoire mit neuen Arrangements f\u00fcr Jazz- und Bluesliebhaber anbieten. &#8222;Summer Nights&#8220; ist also die Veranstaltung, die die sommerliche Abendszene im Land der Mode-D\u00f6rfer beleben soll, um den Besuchern der f\u00fcnf D\u00f6rfer, aus denen sich das Netzwerk zusammensetzt, weiterhin einzigartige und unvergessliche Erlebnisse zu bescheren: Neben dem bereits erw\u00e4hnten Mantua Village und Franciacorta Village gibt es noch Palmanova Village, Valdichiana Village und Puglia Village.<\/p>\n<p>&nbsp;<\/p>\n","protected":false},"excerpt":{"rendered":"<p>In Franciacorta Village und Mantua Villages gibt es wieder ein Sommerfestival mit Live-Abenden, Konzerten und DJ-Sets, Shopping bis sp\u00e4t in die Nacht und Verkostungen von Speisen und Weinen<\/p>\n","protected":false},"author":9,"featured_media":13989,"comment_status":"open","ping_status":"open","sticky":false,"template":"","format":"standard","meta":[],"categories":[4,5],"tags":[],"news-destination":[],"news-source":[],"is_homepage":[],"ta_other":[],"featured_media_details":{"width":6720,"height":4480,"file":"2023\/07\/11-_FOV_2023_JPEG_BASSA_380A3870-A-passeggio-in-2-in-galleria-vert.jpg","sizes":{"thumbnail":{"file":"11-_FOV_2023_JPEG_BASSA_380A3870-A-passeggio-in-2-in-galleria-vert-150x150.jpg","width":150,"height":150,"mime-type":"image\/jpeg","source_url":"https:\/\/www.gardaseezeitung.it\/gardaseezeitung_new\/de\/wp-content\/uploads\/sites\/2\/2023\/07\/11-_FOV_2023_JPEG_BASSA_380A3870-A-passeggio-in-2-in-galleria-vert-150x150.jpg"},"medium":{"file":"11-_FOV_2023_JPEG_BASSA_380A3870-A-passeggio-in-2-in-galleria-vert-300x200.jpg","width":300,"height":200,"mime-type":"image\/jpeg","source_url":"https:\/\/www.gardaseezeitung.it\/gardaseezeitung_new\/de\/wp-content\/uploads\/sites\/2\/2023\/07\/11-_FOV_2023_JPEG_BASSA_380A3870-A-passeggio-in-2-in-galleria-vert-300x200.jpg"},"medium_large":{"file":"11-_FOV_2023_JPEG_BASSA_380A3870-A-passeggio-in-2-in-galleria-vert-768x512.jpg","width":768,"height":512,"mime-type":"image\/jpeg","source_url":"https:\/\/www.gardaseezeitung.it\/gardaseezeitung_new\/de\/wp-content\/uploads\/sites\/2\/2023\/07\/11-_FOV_2023_JPEG_BASSA_380A3870-A-passeggio-in-2-in-galleria-vert-768x512.jpg"},"large":{"file":"11-_FOV_2023_JPEG_BASSA_380A3870-A-passeggio-in-2-in-galleria-vert-1024x683.jpg","width":1024,"height":683,"mime-type":"image\/jpeg","source_url":"https:\/\/www.gardaseezeitung.it\/gardaseezeitung_new\/de\/wp-content\/uploads\/sites\/2\/2023\/07\/11-_FOV_2023_JPEG_BASSA_380A3870-A-passeggio-in-2-in-galleria-vert-1024x683.jpg"},"big_image":{"file":"11-_FOV_2023_JPEG_BASSA_380A3870-A-passeggio-in-2-in-galleria-vert-750x500.jpg","width":750,"height":500,"mime-type":"image\/jpeg","source_url":"https:\/\/www.gardaseezeitung.it\/gardaseezeitung_new\/de\/wp-content\/uploads\/sites\/2\/2023\/07\/11-_FOV_2023_JPEG_BASSA_380A3870-A-passeggio-in-2-in-galleria-vert-750x500.jpg"},"guest-author-32":{"file":"11-_FOV_2023_JPEG_BASSA_380A3870-A-passeggio-in-2-in-galleria-vert-32x32.jpg","width":32,"height":32,"mime-type":"image\/jpeg","source_url":"https:\/\/www.gardaseezeitung.it\/gardaseezeitung_new\/de\/wp-content\/uploads\/sites\/2\/2023\/07\/11-_FOV_2023_JPEG_BASSA_380A3870-A-passeggio-in-2-in-galleria-vert-32x32.jpg"},"guest-author-50":{"file":"11-_FOV_2023_JPEG_BASSA_380A3870-A-passeggio-in-2-in-galleria-vert-50x50.jpg","width":50,"height":50,"mime-type":"image\/jpeg","source_url":"https:\/\/www.gardaseezeitung.it\/gardaseezeitung_new\/de\/wp-content\/uploads\/sites\/2\/2023\/07\/11-_FOV_2023_JPEG_BASSA_380A3870-A-passeggio-in-2-in-galleria-vert-50x50.jpg"},"guest-author-64":{"file":"11-_FOV_2023_JPEG_BASSA_380A3870-A-passeggio-in-2-in-galleria-vert-64x64.jpg","width":64,"height":64,"mime-type":"image\/jpeg","source_url":"https:\/\/www.gardaseezeitung.it\/gardaseezeitung_new\/de\/wp-content\/uploads\/sites\/2\/2023\/07\/11-_FOV_2023_JPEG_BASSA_380A3870-A-passeggio-in-2-in-galleria-vert-64x64.jpg"},"guest-author-96":{"file":"11-_FOV_2023_JPEG_BASSA_380A3870-A-passeggio-in-2-in-galleria-vert-96x96.jpg","width":96,"height":96,"mime-type":"image\/jpeg","source_url":"https:\/\/www.gardaseezeitung.it\/gardaseezeitung_new\/de\/wp-content\/uploads\/sites\/2\/2023\/07\/11-_FOV_2023_JPEG_BASSA_380A3870-A-passeggio-in-2-in-galleria-vert-96x96.jpg"},"guest-author-128":{"file":"11-_FOV_2023_JPEG_BASSA_380A3870-A-passeggio-in-2-in-galleria-vert-128x128.jpg","width":128,"height":128,"mime-type":"image\/jpeg","source_url":"https:\/\/www.gardaseezeitung.it\/gardaseezeitung_new\/de\/wp-content\/uploads\/sites\/2\/2023\/07\/11-_FOV_2023_JPEG_BASSA_380A3870-A-passeggio-in-2-in-galleria-vert-128x128.jpg"},"full":{"file":"11-_FOV_2023_JPEG_BASSA_380A3870-A-passeggio-in-2-in-galleria-vert.jpg","width":6720,"height":4480,"mime_type":"","source_url":"https:\/\/www.gardaseezeitung.it\/gardaseezeitung_new\/de\/wp-content\/uploads\/sites\/2\/2023\/07\/11-_FOV_2023_JPEG_BASSA_380A3870-A-passeggio-in-2-in-galleria-vert.jpg"}},"image_meta":{"aperture":"5.6","credit":"","camera":"Canon EOS 5D Mark IV","caption":"","created_timestamp":"1682504858","copyright":"","focal_length":"35","iso":"320","shutter_speed":"0.002","title":"","orientation":"0","keywords":[]}},"_links":{"self":[{"href":"https:\/\/www.gardaseezeitung.it\/gardaseezeitung_new\/de\/wp-json\/wp\/v2\/posts\/13990"}],"collection":[{"href":"https:\/\/www.gardaseezeitung.it\/gardaseezeitung_new\/de\/wp-json\/wp\/v2\/posts"}],"about":[{"href":"https:\/\/www.gardaseezeitung.it\/gardaseezeitung_new\/de\/wp-json\/wp\/v2\/types\/post"}],"author":[{"embeddable":true,"href":"https:\/\/www.gardaseezeitung.it\/gardaseezeitung_new\/de\/wp-json\/wp\/v2\/users\/9"}],"replies":[{"embeddable":true,"href":"https:\/\/www.gardaseezeitung.it\/gardaseezeitung_new\/de\/wp-json\/wp\/v2\/comments?post=13990"}],"version-history":[{"count":1,"href":"https:\/\/www.gardaseezeitung.it\/gardaseezeitung_new\/de\/wp-json\/wp\/v2\/posts\/13990\/revisions"}],"predecessor-version":[{"id":13996,"href":"https:\/\/www.gardaseezeitung.it\/gardaseezeitung_new\/de\/wp-json\/wp\/v2\/posts\/13990\/revisions\/13996"}],"wp:featuredmedia":[{"embeddable":true,"href":"https:\/\/www.gardaseezeitung.it\/gardaseezeitung_new\/de\/wp-json\/wp\/v2\/media\/13989"}],"wp:attachment":[{"href":"https:\/\/www.gardaseezeitung.it\/gardaseezeitung_new\/de\/wp-json\/wp\/v2\/media?parent=13990"}],"wp:term":[{"taxonomy":"category","embeddable":true,"href":"https:\/\/www.gardaseezeitung.it\/gardaseezeitung_new\/de\/wp-json\/wp\/v2\/categories?post=13990"},{"taxonomy":"post_tag","embeddable":true,"href":"https:\/\/www.gardaseezeitung.it\/gardaseezeitung_new\/de\/wp-json\/wp\/v2\/tags?post=13990"},{"taxonomy":"news-destination","embeddable":true,"href":"https:\/\/www.gardaseezeitung.it\/gardaseezeitung_new\/de\/wp-json\/wp\/v2\/news-destination?post=13990"},{"taxonomy":"news-source","embeddable":true,"href":"https:\/\/www.gardaseezeitung.it\/gardaseezeitung_new\/de\/wp-json\/wp\/v2\/news-source?post=13990"},{"taxonomy":"is_homepage","embeddable":true,"href":"https:\/\/www.gardaseezeitung.it\/gardaseezeitung_new\/de\/wp-json\/wp\/v2\/is_homepage?post=13990"},{"taxonomy":"ta_other","embeddable":true,"href":"https:\/\/www.gardaseezeitung.it\/gardaseezeitung_new\/de\/wp-json\/wp\/v2\/ta_other?post=13990"}],"curies":[{"name":"wp","href":"https:\/\/api.w.org\/{rel}","templated":true}]}}