{"id":1404,"date":"2013-12-17T16:40:15","date_gmt":"2013-12-17T16:40:15","guid":{"rendered":"http:\/\/euwp08.newsmemory.com\/gardaseezeitung_new\/de\/2013\/12\/17\/der-internationale-garten-des-jahres-beendet-eine-erfolgreiche-saison-2013\/"},"modified":"2019-05-28T20:51:14","modified_gmt":"2019-05-28T20:51:14","slug":"der-internationale-garten-des-jahres-beendet-eine-erfolgreiche-saison-2013","status":"publish","type":"post","link":"https:\/\/www.gardaseezeitung.it\/2013\/12\/17\/der-internationale-garten-des-jahres-beendet-eine-erfolgreiche-saison-2013\/","title":{"rendered":"Der \u201eInternationale Garten des Jahres\u201c beendet eine erfolgreiche Saison 2013"},"content":{"rendered":"","protected":false},"excerpt":{"rendered":"<p>Vor wenigen Tagen beendeten die G\u00e4rten von Schloss Trauttmansdorff und das Touriseum ihre Saison 2013. Knapp 400.000 BesucherInnen in den G\u00e4rten \u2013 wobei ein Zuwachs bei den G\u00e4sten aus S\u00fcdtirol zu verzeichnen war \u2013 sowie die Auszeichnung als \u201eInternationaler Garten des Jahres 2013&#8243; lassen auf eine rundum gelungene Saison zur\u00fcckblicken.Kurz vor Beginn der Gartensaison 2013 konnten die G\u00e4rten von Schloss Trauttmansdorff die h\u00f6chste zu vergebende Auszeichnung im Gartentourismus entgegennehmen: Nachdem 2012 der Singapore Botanical Garden pr\u00e4miert wurde, k\u00fcrte die international besetzte Jury des Garden Tourism Council in Toronto (Kanada) die G\u00e4rten von Schloss Trauttmansdorff zum International Garden of the Year 2013. Begr\u00fcndet wurde die Vergabe des Preises mit der au\u00dferordentlichen touristischen Bedeutung der G\u00e4rten von Schloss Trauttmansdorff, mit ihrer Vielfalt, Sch\u00f6nheit und Qualit\u00e4t sowie mit ihrer Rolle als Impulsgeber und ihrem Vorbildcharakter f\u00fcr den Gartentourismus.<br \/>\nKnapp 400.000 Menschen haben die G\u00e4rten von Schloss Trauttmansdorff in der Gartensaison 2013 (29. M\u00e4rz bis 15. November) besucht und sie damit als das beliebteste Ausflugsziel S\u00fcdtirols best\u00e4tigt; im Schnitt sind das 1700 G\u00e4ste pro \u00d6ffnungstag! \u201eDer besucherst\u00e4rkste Monat der Saison war mit 68.224 G\u00e4sten der Mai, aber auch noch im Oktober wurden \u00fcber 41.000 G\u00e4ste empfangen.&#8220; Daniel Bedin, Direktor der G\u00e4rten von Schloss Trauttmansdorff, sieht darin einen Beleg, dass Trauttmansdorff das gesamte Gartenjahr \u00fcber als attraktives Ausflugsziel wahrgenommen wird: \u201eDas freut mich sehr und belohnt die harte Arbeit des gesamten Trauttmansdorff-Teams.&#8220;<br \/>\nEin deutlicher Aufw\u00e4rtstrend ist bei den G\u00e4sten aus S\u00fcdtirol zu verzeichnen: Beinahe 42.000 haben in diesem Jahr die G\u00e4rten von Schloss Trauttmansdorff besichtigt. Gleichzeitig ist die Besucherstruktur internationaler geworden: G\u00e4ste aus Japan, S\u00fcdafrika, Australien, Israel, Russland und Saudi Arabien haben die G\u00e4rten besichtigt \u2013 eine Entwicklung, die mit der Auszeichnung als \u201eInternationaler Garten des Jahres 2013&#8243; einhergeht und nur den Auftakt einer verst\u00e4rkten internationalen Wahrnehmung und Vernetzung bilden wird. So sind die G\u00e4rten von Schloss Trauttmansdorff in diesen Tagen erstmals zum World Tulip Summit in Istanbul eingeladen. Sie vertreten dort Italien und pr\u00e4sentieren die Tulipa &#8218;Trauttmansdorff&#8216;, mit der 2009 das Trauttmansdorff-Pflanzensortiment begr\u00fcndet wurde.Am 15. November beendete Trauttmansdorff die Saison 2013. Nun wird es aber nur vermeintlich ruhig in Trauttmansdorff, denn die Vorbereitungen f\u00fcr die Saison 2014 laufen bereits auf Hochtouren. Im kommenden Jahr erwartet alle Trauttmansdorff-Fans eine aufregende und fulminante Saison: Wie Heike Platter, Marketingleiterin der G\u00e4rten von Schloss Trauttmansdorff, verr\u00e4t, werden hunderttausende Fr\u00fchjahrsbl\u00fcher die G\u00e4ste begr\u00fc\u00dfen. Au\u00dferdem wird das neue Glashaus in den Waldg\u00e4rten offiziell er\u00f6ffnet, und die Besucher und Besucherinnen erwartet die \u00e4u\u00dferst spannende Sonderausstellung \u201eBl\u00fcmchensex? Eine botanische Aufkl\u00e4rung&#8220;. Frech, verspielt bis geheimnisvoll, mystisch wird sich diese pr\u00e4sentieren und dar\u00fcber aufkl\u00e4ren, wie es die Pflanzen \u201emachen&#8220; und welch vielf\u00e4ltige Erwartungen wir Menschen an sie kn\u00fcpfen.<\/p>\n","protected":false},"author":1,"featured_media":1405,"comment_status":"open","ping_status":"open","sticky":false,"template":"","format":"standard","meta":[],"categories":[6],"tags":[],"news-destination":[],"news-source":[],"is_homepage":[],"ta_other":[],"featured_media_details":{"width":2126,"height":1412,"file":"2019\/05\/74628321819ed51e49ec6ce8771cdf38.jpg","sizes":{"thumbnail":{"file":"74628321819ed51e49ec6ce8771cdf38-150x150.jpg","width":150,"height":150,"mime-type":"image\/jpeg","source_url":"https:\/\/www.gardaseezeitung.it\/gardaseezeitung_new\/de\/wp-content\/uploads\/sites\/2\/2019\/05\/74628321819ed51e49ec6ce8771cdf38-150x150.jpg"},"medium":{"file":"74628321819ed51e49ec6ce8771cdf38-300x199.jpg","width":300,"height":199,"mime-type":"image\/jpeg","source_url":"https:\/\/www.gardaseezeitung.it\/gardaseezeitung_new\/de\/wp-content\/uploads\/sites\/2\/2019\/05\/74628321819ed51e49ec6ce8771cdf38-300x199.jpg"},"medium_large":{"file":"74628321819ed51e49ec6ce8771cdf38-768x510.jpg","width":768,"height":510,"mime-type":"image\/jpeg","source_url":"https:\/\/www.gardaseezeitung.it\/gardaseezeitung_new\/de\/wp-content\/uploads\/sites\/2\/2019\/05\/74628321819ed51e49ec6ce8771cdf38-768x510.jpg"},"large":{"file":"74628321819ed51e49ec6ce8771cdf38-1024x680.jpg","width":1024,"height":680,"mime-type":"image\/jpeg","source_url":"https:\/\/www.gardaseezeitung.it\/gardaseezeitung_new\/de\/wp-content\/uploads\/sites\/2\/2019\/05\/74628321819ed51e49ec6ce8771cdf38-1024x680.jpg"},"big_image":{"file":"74628321819ed51e49ec6ce8771cdf38-750x498.jpg","width":750,"height":498,"mime-type":"image\/jpeg","source_url":"https:\/\/www.gardaseezeitung.it\/gardaseezeitung_new\/de\/wp-content\/uploads\/sites\/2\/2019\/05\/74628321819ed51e49ec6ce8771cdf38-750x498.jpg"},"full":{"file":"74628321819ed51e49ec6ce8771cdf38.jpg","width":2126,"height":1412,"mime_type":"","source_url":"https:\/\/www.gardaseezeitung.it\/gardaseezeitung_new\/de\/wp-content\/uploads\/sites\/2\/2019\/05\/74628321819ed51e49ec6ce8771cdf38.jpg"}},"image_meta":{"aperture":"0","credit":"","camera":"","caption":"","created_timestamp":"0","copyright":"","focal_length":"0","iso":"0","shutter_speed":"0","title":"","orientation":"0","keywords":[]}},"_links":{"self":[{"href":"https:\/\/www.gardaseezeitung.it\/gardaseezeitung_new\/de\/wp-json\/wp\/v2\/posts\/1404"}],"collection":[{"href":"https:\/\/www.gardaseezeitung.it\/gardaseezeitung_new\/de\/wp-json\/wp\/v2\/posts"}],"about":[{"href":"https:\/\/www.gardaseezeitung.it\/gardaseezeitung_new\/de\/wp-json\/wp\/v2\/types\/post"}],"author":[{"embeddable":true,"href":"https:\/\/www.gardaseezeitung.it\/gardaseezeitung_new\/de\/wp-json\/wp\/v2\/users\/1"}],"replies":[{"embeddable":true,"href":"https:\/\/www.gardaseezeitung.it\/gardaseezeitung_new\/de\/wp-json\/wp\/v2\/comments?post=1404"}],"version-history":[{"count":0,"href":"https:\/\/www.gardaseezeitung.it\/gardaseezeitung_new\/de\/wp-json\/wp\/v2\/posts\/1404\/revisions"}],"wp:featuredmedia":[{"embeddable":true,"href":"https:\/\/www.gardaseezeitung.it\/gardaseezeitung_new\/de\/wp-json\/wp\/v2\/media\/1405"}],"wp:attachment":[{"href":"https:\/\/www.gardaseezeitung.it\/gardaseezeitung_new\/de\/wp-json\/wp\/v2\/media?parent=1404"}],"wp:term":[{"taxonomy":"category","embeddable":true,"href":"https:\/\/www.gardaseezeitung.it\/gardaseezeitung_new\/de\/wp-json\/wp\/v2\/categories?post=1404"},{"taxonomy":"post_tag","embeddable":true,"href":"https:\/\/www.gardaseezeitung.it\/gardaseezeitung_new\/de\/wp-json\/wp\/v2\/tags?post=1404"},{"taxonomy":"news-destination","embeddable":true,"href":"https:\/\/www.gardaseezeitung.it\/gardaseezeitung_new\/de\/wp-json\/wp\/v2\/news-destination?post=1404"},{"taxonomy":"news-source","embeddable":true,"href":"https:\/\/www.gardaseezeitung.it\/gardaseezeitung_new\/de\/wp-json\/wp\/v2\/news-source?post=1404"},{"taxonomy":"is_homepage","embeddable":true,"href":"https:\/\/www.gardaseezeitung.it\/gardaseezeitung_new\/de\/wp-json\/wp\/v2\/is_homepage?post=1404"},{"taxonomy":"ta_other","embeddable":true,"href":"https:\/\/www.gardaseezeitung.it\/gardaseezeitung_new\/de\/wp-json\/wp\/v2\/ta_other?post=1404"}],"curies":[{"name":"wp","href":"https:\/\/api.w.org\/{rel}","templated":true}]}}