{"id":1416,"date":"2014-11-19T14:28:43","date_gmt":"2014-11-19T14:28:43","guid":{"rendered":"http:\/\/euwp08.newsmemory.com\/gardaseezeitung_new\/de\/2014\/11\/19\/relais-fra-lorenzo-erholung-in-einmaliger-location\/"},"modified":"2019-05-28T20:51:13","modified_gmt":"2019-05-28T20:51:13","slug":"relais-fra-lorenzo-erholung-in-einmaliger-location","status":"publish","type":"post","link":"https:\/\/www.gardaseezeitung.it\/2014\/11\/19\/relais-fra-lorenzo-erholung-in-einmaliger-location\/","title":{"rendered":"Relais Fr\u00e0 Lorenzo: Erholung in einmaliger Location"},"content":{"rendered":"<p>Inmitten der jahrhundertealten Olivenhaine des alten und wertvollen Gartens verweilte einst Fr\u00e0 Lorenzo und meditierte. Es wird erz\u00e4hlt, dass der Franziskanerm\u00f6nch Fr\u00e0 Lorenzo (Freund und Vertrauter von Romeo und Julia) ein bekannter Kr\u00e4uterexperte war. Die Heilkr\u00e4uter soll er auf den gr\u00fcnen H\u00fcgeln von Verona, die auch als Torricelle bekannt sind, gesammelt haben. Mit den Kr\u00e4utern bereitete er dann Tees zu, die vielen Kranken Linderung brachten.<br \/>Im Relais Fr\u00e0 Lorenzo scheint die Zeit still zu stehen. In der Anlage erwartet die G\u00e4ste eine ganz besondere Atmosph\u00e4re. F\u00fcr einen erholsamen und angenehmen Aufenthalt wird auch mit den kleinsten Details gesorgt.<br \/>Das Relais befindet sich, wie bereits erw\u00e4hnt, nicht weit von der Altstadt von Verona. Dem Gast bietet sich ein herrlicher Panoramablick \u00fcber die Scaliger-Stadt. Die Zimmer, die alle mit dem Komfort eines F\u00fcnf-Sterne-Hotels ausgestattet sind, sind gem\u00fctlich und gleichzeitig elegant. Dem Gast steht ein Au\u00dfenpool zur Verf\u00fcgung, der der Wellness (Thalassotherapie) und der Entspannung gewidmet ist. Das Relais verf\u00fcgt au\u00dferdem \u00fcber einen Meeting-Saal, der nicht nur wundersch\u00f6n verziert, sondern auch f\u00fcr Firmentreffen ausgestattet ist. Bis zu f\u00fcnfzig Personen finden in ihm Platz. Des weiteren verf\u00fcgt die Anlage \u00fcber einen gro\u00dfen Parkplatz mit Video\u00fcberwachung und einen Shuttle-Service (nach Voranmeldung). Die G\u00e4ste k\u00f6nnen des weiteren Fahrr\u00e4der nutzen, mit denen sie die Stadt und das H\u00fcgelgebiet erkunden k\u00f6nnen. Nat\u00fcrlich steht auch ein Buchungsservice f\u00fcr Opern- und Konzertabende zur Verf\u00fcgung.<br \/>Das Relais Fr\u00e0 Lorenzo befindet sich in der Via Castello San Felice 11 in Verona. Infos: www.fralorenzo.com; info@fralorenzo.com; Tel. +39 0458302362; Fax +39 0458308826.<\/p>\n","protected":false},"excerpt":{"rendered":"<p>Ein einmaliges Panorama inmitten der Natur, eine wundersch\u00f6ne Atmosph\u00e4re und auch ein wenig Geschichte und Legende \u2013 im Relais Fr\u00e0 Lorenzo nicht weit von der Altstadt von Verona erwartet man die Ferieng\u00e4ste mit einer ganz besonderen Mischung.&nbsp;Das Relais ist die ideale Location f\u00fcr unvergessliche Ferientage. Ruhe und unber\u00fchrte Natur zeichnen den Ort aus.<\/p>\n","protected":false},"author":1,"featured_media":1417,"comment_status":"open","ping_status":"open","sticky":false,"template":"","format":"standard","meta":[],"categories":[6],"tags":[],"news-destination":[],"news-source":[],"is_homepage":[],"ta_other":[],"featured_media_details":{"width":972,"height":740,"file":"2019\/05\/7e24818a1b2e3612e4bede0db327cd90.jpg","sizes":{"thumbnail":{"file":"7e24818a1b2e3612e4bede0db327cd90-150x150.jpg","width":150,"height":150,"mime-type":"image\/jpeg","source_url":"https:\/\/www.gardaseezeitung.it\/gardaseezeitung_new\/de\/wp-content\/uploads\/sites\/2\/2019\/05\/7e24818a1b2e3612e4bede0db327cd90-150x150.jpg"},"medium":{"file":"7e24818a1b2e3612e4bede0db327cd90-300x228.jpg","width":300,"height":228,"mime-type":"image\/jpeg","source_url":"https:\/\/www.gardaseezeitung.it\/gardaseezeitung_new\/de\/wp-content\/uploads\/sites\/2\/2019\/05\/7e24818a1b2e3612e4bede0db327cd90-300x228.jpg"},"medium_large":{"file":"7e24818a1b2e3612e4bede0db327cd90-768x585.jpg","width":768,"height":585,"mime-type":"image\/jpeg","source_url":"https:\/\/www.gardaseezeitung.it\/gardaseezeitung_new\/de\/wp-content\/uploads\/sites\/2\/2019\/05\/7e24818a1b2e3612e4bede0db327cd90-768x585.jpg"},"big_image":{"file":"7e24818a1b2e3612e4bede0db327cd90-750x571.jpg","width":750,"height":571,"mime-type":"image\/jpeg","source_url":"https:\/\/www.gardaseezeitung.it\/gardaseezeitung_new\/de\/wp-content\/uploads\/sites\/2\/2019\/05\/7e24818a1b2e3612e4bede0db327cd90-750x571.jpg"},"full":{"file":"7e24818a1b2e3612e4bede0db327cd90.jpg","width":972,"height":740,"mime_type":"","source_url":"https:\/\/www.gardaseezeitung.it\/gardaseezeitung_new\/de\/wp-content\/uploads\/sites\/2\/2019\/05\/7e24818a1b2e3612e4bede0db327cd90.jpg"}},"image_meta":{"aperture":"0","credit":"","camera":"","caption":"","created_timestamp":"0","copyright":"","focal_length":"0","iso":"0","shutter_speed":"0","title":"","orientation":"0","keywords":[]}},"_links":{"self":[{"href":"https:\/\/www.gardaseezeitung.it\/gardaseezeitung_new\/de\/wp-json\/wp\/v2\/posts\/1416"}],"collection":[{"href":"https:\/\/www.gardaseezeitung.it\/gardaseezeitung_new\/de\/wp-json\/wp\/v2\/posts"}],"about":[{"href":"https:\/\/www.gardaseezeitung.it\/gardaseezeitung_new\/de\/wp-json\/wp\/v2\/types\/post"}],"author":[{"embeddable":true,"href":"https:\/\/www.gardaseezeitung.it\/gardaseezeitung_new\/de\/wp-json\/wp\/v2\/users\/1"}],"replies":[{"embeddable":true,"href":"https:\/\/www.gardaseezeitung.it\/gardaseezeitung_new\/de\/wp-json\/wp\/v2\/comments?post=1416"}],"version-history":[{"count":0,"href":"https:\/\/www.gardaseezeitung.it\/gardaseezeitung_new\/de\/wp-json\/wp\/v2\/posts\/1416\/revisions"}],"wp:featuredmedia":[{"embeddable":true,"href":"https:\/\/www.gardaseezeitung.it\/gardaseezeitung_new\/de\/wp-json\/wp\/v2\/media\/1417"}],"wp:attachment":[{"href":"https:\/\/www.gardaseezeitung.it\/gardaseezeitung_new\/de\/wp-json\/wp\/v2\/media?parent=1416"}],"wp:term":[{"taxonomy":"category","embeddable":true,"href":"https:\/\/www.gardaseezeitung.it\/gardaseezeitung_new\/de\/wp-json\/wp\/v2\/categories?post=1416"},{"taxonomy":"post_tag","embeddable":true,"href":"https:\/\/www.gardaseezeitung.it\/gardaseezeitung_new\/de\/wp-json\/wp\/v2\/tags?post=1416"},{"taxonomy":"news-destination","embeddable":true,"href":"https:\/\/www.gardaseezeitung.it\/gardaseezeitung_new\/de\/wp-json\/wp\/v2\/news-destination?post=1416"},{"taxonomy":"news-source","embeddable":true,"href":"https:\/\/www.gardaseezeitung.it\/gardaseezeitung_new\/de\/wp-json\/wp\/v2\/news-source?post=1416"},{"taxonomy":"is_homepage","embeddable":true,"href":"https:\/\/www.gardaseezeitung.it\/gardaseezeitung_new\/de\/wp-json\/wp\/v2\/is_homepage?post=1416"},{"taxonomy":"ta_other","embeddable":true,"href":"https:\/\/www.gardaseezeitung.it\/gardaseezeitung_new\/de\/wp-json\/wp\/v2\/ta_other?post=1416"}],"curies":[{"name":"wp","href":"https:\/\/api.w.org\/{rel}","templated":true}]}}