{"id":14291,"date":"2023-07-09T09:11:42","date_gmt":"2023-07-09T07:11:42","guid":{"rendered":"http:\/\/www-gardaseezeitung-it-euwp*.sitenm.com\/2023\/07\/09\/9-juli-tremosine-festa-kunst-musik-und-kunst-auf-dem-dorf\/"},"modified":"2023-07-09T15:24:17","modified_gmt":"2022-09-12T15:24:17","slug":"9-juli-tremosine-festa-kunst-musik-und-kunst-auf-dem-dorf","status":"publish","type":"post","link":"https:\/\/www.gardaseezeitung.it\/2023\/07\/09\/9-juli-tremosine-festa-kunst-musik-und-kunst-auf-dem-dorf\/","title":{"rendered":"Am 9. Juli &#8222;Tremosine in festa&#8220;: Natur, Musik und Kunst auf dem Dorf"},"content":{"rendered":"<p>In den kommenden Tagen stehen in Tremosine noch zwei weitere interessante Veranstaltungen auf dem Programm. So l\u00e4dt man am 9. Juli im Ortsteil Pieve im Rahmen des nationalen Tages der Kulturverb\u00e4nde Pro Loco zu \u201eTremosine in Festa\u201c. Los geht es am Vormittag mit einer Trekking-Tour auf Entdeckung der Schluchtstra\u00dfe und mit einer weiteren Tour, die durch Pieve f\u00fchrt. Von 10 bis 17 Uhr bietet sich die M\u00f6glichkeit, auf der Piazza Marconi \u00fcber einen Markt mit Kunsthandwerk und typischen Produkten zu bummeln und von 14 bis 17 Uhr l\u00e4dt man dazu ein, im \u201eMUST \u2013 Museum f\u00fcr Geschichte und Territorium\u201c mehr \u00fcber das Gebiet zu erfahren. Am Abend l\u00e4dt man dann ab 20.30 Uhr zu \u201eCandy Circus\u201c und Auff\u00fchrungen f\u00fcr Gro\u00df und Klein. Weiter geht es am 16. Juli mit ArtVILLAge 2023. Im Dorf Villa stehen von 10 bis 19 Uhr Kunstausstellungen und auch ein Kunsthandwerkermarkt auf dem Programm. Ab 11.30 Uhr sind gastronomische St\u00e4nde ge\u00f6ffnet. Am Nachmittag sind Buchvorstellungen. Von 17.30 bis 19.45 Uhr geht es weiter mit Live Music und am Abend l\u00e4dt man ab 20.30 Uhr auf dem Kirchhof zum Konzertreigen \u201eTremosine Classica\u201c.\u00a0 Weitere Infos: <i>www.infotremosine.com; www.tremosinesulgarda.it; info@infotremosine.com<\/i>; Tel. +39 0365 953185.<\/p>\n<p>&nbsp;<\/p>\n","protected":false},"excerpt":{"rendered":"<p>Weiter geht es am 16. Juli mit ArtVillage 2023<\/p>\n","protected":false},"author":9,"featured_media":7511,"comment_status":"open","ping_status":"open","sticky":false,"template":"","format":"standard","meta":[],"categories":[2,4,5],"tags":[256,23,26,4032,2260,205,4033],"news-destination":[],"news-source":[],"is_homepage":[],"ta_other":[],"featured_media_details":{"width":750,"height":430,"file":"2021\/10\/prodotti-tremosine-750x430.jpg","sizes":{"thumbnail":{"file":"prodotti-tremosine-750x430-150x150.jpg","width":150,"height":150,"mime-type":"image\/jpeg","source_url":"https:\/\/www.gardaseezeitung.it\/gardaseezeitung_new\/de\/wp-content\/uploads\/sites\/2\/2021\/10\/prodotti-tremosine-750x430-150x150.jpg"},"medium":{"file":"prodotti-tremosine-750x430-300x172.jpg","width":300,"height":172,"mime-type":"image\/jpeg","source_url":"https:\/\/www.gardaseezeitung.it\/gardaseezeitung_new\/de\/wp-content\/uploads\/sites\/2\/2021\/10\/prodotti-tremosine-750x430-300x172.jpg"},"big_image":{"file":"prodotti-tremosine-750x430-750x430.jpg","width":750,"height":430,"mime-type":"image\/jpeg","source_url":"https:\/\/www.gardaseezeitung.it\/gardaseezeitung_new\/de\/wp-content\/uploads\/sites\/2\/2021\/10\/prodotti-tremosine-750x430-750x430.jpg"},"guest-author-32":{"file":"prodotti-tremosine-750x430-32x32.jpg","width":32,"height":32,"mime-type":"image\/jpeg","source_url":"https:\/\/www.gardaseezeitung.it\/gardaseezeitung_new\/de\/wp-content\/uploads\/sites\/2\/2021\/10\/prodotti-tremosine-750x430-32x32.jpg"},"guest-author-50":{"file":"prodotti-tremosine-750x430-50x50.jpg","width":50,"height":50,"mime-type":"image\/jpeg","source_url":"https:\/\/www.gardaseezeitung.it\/gardaseezeitung_new\/de\/wp-content\/uploads\/sites\/2\/2021\/10\/prodotti-tremosine-750x430-50x50.jpg"},"guest-author-64":{"file":"prodotti-tremosine-750x430-64x64.jpg","width":64,"height":64,"mime-type":"image\/jpeg","source_url":"https:\/\/www.gardaseezeitung.it\/gardaseezeitung_new\/de\/wp-content\/uploads\/sites\/2\/2021\/10\/prodotti-tremosine-750x430-64x64.jpg"},"guest-author-96":{"file":"prodotti-tremosine-750x430-96x96.jpg","width":96,"height":96,"mime-type":"image\/jpeg","source_url":"https:\/\/www.gardaseezeitung.it\/gardaseezeitung_new\/de\/wp-content\/uploads\/sites\/2\/2021\/10\/prodotti-tremosine-750x430-96x96.jpg"},"guest-author-128":{"file":"prodotti-tremosine-750x430-128x128.jpg","width":128,"height":128,"mime-type":"image\/jpeg","source_url":"https:\/\/www.gardaseezeitung.it\/gardaseezeitung_new\/de\/wp-content\/uploads\/sites\/2\/2021\/10\/prodotti-tremosine-750x430-128x128.jpg"},"full":{"file":"prodotti-tremosine-750x430.jpg","width":750,"height":430,"mime_type":"","source_url":"https:\/\/www.gardaseezeitung.it\/gardaseezeitung_new\/de\/wp-content\/uploads\/sites\/2\/2021\/10\/prodotti-tremosine-750x430.jpg"}},"image_meta":{"aperture":"0","credit":"","camera":"","caption":"","created_timestamp":"0","copyright":"","focal_length":"0","iso":"0","shutter_speed":"0","title":"","orientation":"0","keywords":[]}},"_links":{"self":[{"href":"https:\/\/www.gardaseezeitung.it\/gardaseezeitung_new\/de\/wp-json\/wp\/v2\/posts\/14291"}],"collection":[{"href":"https:\/\/www.gardaseezeitung.it\/gardaseezeitung_new\/de\/wp-json\/wp\/v2\/posts"}],"about":[{"href":"https:\/\/www.gardaseezeitung.it\/gardaseezeitung_new\/de\/wp-json\/wp\/v2\/types\/post"}],"author":[{"embeddable":true,"href":"https:\/\/www.gardaseezeitung.it\/gardaseezeitung_new\/de\/wp-json\/wp\/v2\/users\/9"}],"replies":[{"embeddable":true,"href":"https:\/\/www.gardaseezeitung.it\/gardaseezeitung_new\/de\/wp-json\/wp\/v2\/comments?post=14291"}],"version-history":[{"count":4,"href":"https:\/\/www.gardaseezeitung.it\/gardaseezeitung_new\/de\/wp-json\/wp\/v2\/posts\/14291\/revisions"}],"predecessor-version":[{"id":14463,"href":"https:\/\/www.gardaseezeitung.it\/gardaseezeitung_new\/de\/wp-json\/wp\/v2\/posts\/14291\/revisions\/14463"}],"wp:featuredmedia":[{"embeddable":true,"href":"https:\/\/www.gardaseezeitung.it\/gardaseezeitung_new\/de\/wp-json\/wp\/v2\/media\/7511"}],"wp:attachment":[{"href":"https:\/\/www.gardaseezeitung.it\/gardaseezeitung_new\/de\/wp-json\/wp\/v2\/media?parent=14291"}],"wp:term":[{"taxonomy":"category","embeddable":true,"href":"https:\/\/www.gardaseezeitung.it\/gardaseezeitung_new\/de\/wp-json\/wp\/v2\/categories?post=14291"},{"taxonomy":"post_tag","embeddable":true,"href":"https:\/\/www.gardaseezeitung.it\/gardaseezeitung_new\/de\/wp-json\/wp\/v2\/tags?post=14291"},{"taxonomy":"news-destination","embeddable":true,"href":"https:\/\/www.gardaseezeitung.it\/gardaseezeitung_new\/de\/wp-json\/wp\/v2\/news-destination?post=14291"},{"taxonomy":"news-source","embeddable":true,"href":"https:\/\/www.gardaseezeitung.it\/gardaseezeitung_new\/de\/wp-json\/wp\/v2\/news-source?post=14291"},{"taxonomy":"is_homepage","embeddable":true,"href":"https:\/\/www.gardaseezeitung.it\/gardaseezeitung_new\/de\/wp-json\/wp\/v2\/is_homepage?post=14291"},{"taxonomy":"ta_other","embeddable":true,"href":"https:\/\/www.gardaseezeitung.it\/gardaseezeitung_new\/de\/wp-json\/wp\/v2\/ta_other?post=14291"}],"curies":[{"name":"wp","href":"https:\/\/api.w.org\/{rel}","templated":true}]}}