{"id":1444,"date":"2015-03-28T08:51:33","date_gmt":"2015-03-28T08:51:33","guid":{"rendered":"http:\/\/euwp08.newsmemory.com\/gardaseezeitung_new\/de\/2015\/03\/28\/hohe-preise-trotz-krise\/"},"modified":"2019-05-28T20:59:05","modified_gmt":"2019-05-28T20:59:05","slug":"hohe-preise-trotz-krise","status":"publish","type":"post","link":"https:\/\/www.gardaseezeitung.it\/2015\/03\/28\/hohe-preise-trotz-krise\/","title":{"rendered":"Hohe Preise trotz Krise?"},"content":{"rendered":"<p>Doch je mehr man sich in das Thema vertieft, desto schwerer scheint es, einen klaren \u00dcberblick \u00fcber die aktuelle Marktsituation zu erhalten: w\u00e4hrend ein Artikel \u00fcber steigende Kreditvergaben und eine positive Entwicklung der Anzahl an registrierten Kaufvertr\u00e4gen schreibt, liest man im n\u00e4chsten von einem weiteren zu erwartenden Preisverfall oder gar einem bereits stattgefundenem Preisr\u00fcckgang von sage und schreibe 30-40%!!<\/p>\n<p>Aber: wie ist es denn nun tats\u00e4chlich bestellt um den Immobilienmarkt am Gardasee?<\/p>\n<p>K\u00e4ufer, welche an einer bestimmten Region interessiert sind, sollten diese oft rei\u00dferisch gestalteten Artikel nicht zu w\u00f6rtlich nehmen, denn fast immer wird hier ein allgemeiner \u00dcberblick \u00fcber den generellen Immobilienmarkt in ganz Italien abgegeben. Ver\u00f6ffentlichte Statistiken beziehen sich nur selten auf eine bestimmte Region, sondern spiegeln immer die Situation ganz Italiens wieder.<br \/>Gerade der Gardasee ist und bleibt jedoch ein sehr beliebtes Urlaubsziel und hat trotz der nun bereits seit einigen Jahren anhaltenden Immobilienkrise nichts von seiner Attraktivit\u00e4t verloren. Preisverf\u00e4lle von bis zu 40% bleiben hier also auch weiterhin f\u00fcr K\u00e4ufer nur ein sch\u00f6ner Traum!<br \/>Der zum Teil noch immer recht verhaltene Immobilienmarkt am Gardasee beruht weniger auf einer instabilen politischen Lage oder den schlechten Aussichten auf eine Kreditvergabe, als vielmehr auf zu hohen Erwartungen der Kaufinteressenten aufgrund von Fehlinterpretierung der allgemeinen Berichterstattung. Von \u201eSchn\u00e4ppchenpreisen&#8220; sind Immobilien am Gardasee noch immer weit entfernt!<\/p>\n<p>Die Immobilienpreise am Gardasee sind im Laufe der letzten Jahre vielmehr auf ein gesundes Ma\u00df gesunken, so dass zahlreiche Immobilien aktuell zu sehr vern\u00fcnftigen Preisen erworben werden k\u00f6nnen. In Kombination mit den historisch niedrigen Kreditzinsen stellt ein Immobilienerwerb am Gardasee also gerade jetzt eine hervorragende Geldanlage dar!<br \/>Ihr unabh\u00e4ngiges Gardasee-Immobilienportal:<br \/>www.garda-living.com<\/p>\n","protected":false},"excerpt":{"rendered":"<p>[von Carolin Herberg]&nbsp;Gerade jetzt zu Saisonbeginn wird in zahlreichen in- und ausl\u00e4ndischen Medien wieder verst\u00e4rkt \u00fcber Italiens Immobilienkrise diskutiert.<\/p>\n","protected":false},"author":1,"featured_media":1445,"comment_status":"open","ping_status":"open","sticky":false,"template":"","format":"standard","meta":[],"categories":[6],"tags":[],"news-destination":[],"news-source":[],"is_homepage":[],"ta_other":[],"featured_media_details":{"width":1024,"height":557,"file":"2019\/05\/109b36f00e7b8dba9e231b99f05f39bc.jpg","sizes":{"thumbnail":{"file":"109b36f00e7b8dba9e231b99f05f39bc-150x150.jpg","width":150,"height":150,"mime-type":"image\/jpeg","source_url":"https:\/\/www.gardaseezeitung.it\/gardaseezeitung_new\/de\/wp-content\/uploads\/sites\/2\/2019\/05\/109b36f00e7b8dba9e231b99f05f39bc-150x150.jpg"},"medium":{"file":"109b36f00e7b8dba9e231b99f05f39bc-300x163.jpg","width":300,"height":163,"mime-type":"image\/jpeg","source_url":"https:\/\/www.gardaseezeitung.it\/gardaseezeitung_new\/de\/wp-content\/uploads\/sites\/2\/2019\/05\/109b36f00e7b8dba9e231b99f05f39bc-300x163.jpg"},"medium_large":{"file":"109b36f00e7b8dba9e231b99f05f39bc-768x418.jpg","width":768,"height":418,"mime-type":"image\/jpeg","source_url":"https:\/\/www.gardaseezeitung.it\/gardaseezeitung_new\/de\/wp-content\/uploads\/sites\/2\/2019\/05\/109b36f00e7b8dba9e231b99f05f39bc-768x418.jpg"},"large":{"file":"109b36f00e7b8dba9e231b99f05f39bc-1024x557.jpg","width":1024,"height":557,"mime-type":"image\/jpeg","source_url":"https:\/\/www.gardaseezeitung.it\/gardaseezeitung_new\/de\/wp-content\/uploads\/sites\/2\/2019\/05\/109b36f00e7b8dba9e231b99f05f39bc-1024x557.jpg"},"big_image":{"file":"109b36f00e7b8dba9e231b99f05f39bc-750x408.jpg","width":750,"height":408,"mime-type":"image\/jpeg","source_url":"https:\/\/www.gardaseezeitung.it\/gardaseezeitung_new\/de\/wp-content\/uploads\/sites\/2\/2019\/05\/109b36f00e7b8dba9e231b99f05f39bc-750x408.jpg"},"full":{"file":"109b36f00e7b8dba9e231b99f05f39bc.jpg","width":1024,"height":557,"mime_type":"","source_url":"https:\/\/www.gardaseezeitung.it\/gardaseezeitung_new\/de\/wp-content\/uploads\/sites\/2\/2019\/05\/109b36f00e7b8dba9e231b99f05f39bc.jpg"}},"image_meta":{"aperture":"0","credit":"","camera":"","caption":"","created_timestamp":"0","copyright":"","focal_length":"0","iso":"0","shutter_speed":"0","title":"","orientation":"0","keywords":[]}},"_links":{"self":[{"href":"https:\/\/www.gardaseezeitung.it\/gardaseezeitung_new\/de\/wp-json\/wp\/v2\/posts\/1444"}],"collection":[{"href":"https:\/\/www.gardaseezeitung.it\/gardaseezeitung_new\/de\/wp-json\/wp\/v2\/posts"}],"about":[{"href":"https:\/\/www.gardaseezeitung.it\/gardaseezeitung_new\/de\/wp-json\/wp\/v2\/types\/post"}],"author":[{"embeddable":true,"href":"https:\/\/www.gardaseezeitung.it\/gardaseezeitung_new\/de\/wp-json\/wp\/v2\/users\/1"}],"replies":[{"embeddable":true,"href":"https:\/\/www.gardaseezeitung.it\/gardaseezeitung_new\/de\/wp-json\/wp\/v2\/comments?post=1444"}],"version-history":[{"count":0,"href":"https:\/\/www.gardaseezeitung.it\/gardaseezeitung_new\/de\/wp-json\/wp\/v2\/posts\/1444\/revisions"}],"wp:featuredmedia":[{"embeddable":true,"href":"https:\/\/www.gardaseezeitung.it\/gardaseezeitung_new\/de\/wp-json\/wp\/v2\/media\/1445"}],"wp:attachment":[{"href":"https:\/\/www.gardaseezeitung.it\/gardaseezeitung_new\/de\/wp-json\/wp\/v2\/media?parent=1444"}],"wp:term":[{"taxonomy":"category","embeddable":true,"href":"https:\/\/www.gardaseezeitung.it\/gardaseezeitung_new\/de\/wp-json\/wp\/v2\/categories?post=1444"},{"taxonomy":"post_tag","embeddable":true,"href":"https:\/\/www.gardaseezeitung.it\/gardaseezeitung_new\/de\/wp-json\/wp\/v2\/tags?post=1444"},{"taxonomy":"news-destination","embeddable":true,"href":"https:\/\/www.gardaseezeitung.it\/gardaseezeitung_new\/de\/wp-json\/wp\/v2\/news-destination?post=1444"},{"taxonomy":"news-source","embeddable":true,"href":"https:\/\/www.gardaseezeitung.it\/gardaseezeitung_new\/de\/wp-json\/wp\/v2\/news-source?post=1444"},{"taxonomy":"is_homepage","embeddable":true,"href":"https:\/\/www.gardaseezeitung.it\/gardaseezeitung_new\/de\/wp-json\/wp\/v2\/is_homepage?post=1444"},{"taxonomy":"ta_other","embeddable":true,"href":"https:\/\/www.gardaseezeitung.it\/gardaseezeitung_new\/de\/wp-json\/wp\/v2\/ta_other?post=1444"}],"curies":[{"name":"wp","href":"https:\/\/api.w.org\/{rel}","templated":true}]}}