{"id":14604,"date":"2023-07-15T12:12:41","date_gmt":"2023-07-15T10:12:41","guid":{"rendered":"http:\/\/www-gardaseezeitung-it-euwp*.sitenm.com\/2023\/07\/14\/die-bruecke-von-sirmione-wird-der-nacht-zum-14-juli-fuer-den-autoverkehr-gesperrt\/"},"modified":"2023-07-15T12:13:51","modified_gmt":"2022-09-18T12:13:51","slug":"die-bruecke-von-sirmione-wird-der-nacht-zum-14-juli-fuer-den-autoverkehr-gesperrt","status":"publish","type":"post","link":"https:\/\/www.gardaseezeitung.it\/2023\/07\/15\/die-bruecke-von-sirmione-wird-der-nacht-zum-14-juli-fuer-den-autoverkehr-gesperrt\/","title":{"rendered":"16. Juli, Castiglione delle Stiviere: &#8222;Unter den Sternen des Jazz&#8220;"},"content":{"rendered":"<p>Das Blue Jazz Trio (Fabrizio Palermo am Klavier, Aroldo Balleri am Kontrabass und Pietro Benucci am Schlagzeug) hat die S\u00e4ngerin Cecilia Carta zu Gast, um einen kurzen R\u00fcckblick auf Jazzsongs aus den 1930er- bis 40er-Jahren zu geben: dem goldenen Zeitalter des amerikanischen Swing. Ber\u00fchmte Songs mit einem mitrei\u00dfenden Rhythmus, akustisch vorgetragen, werden den Abend angenehm, lustig und interessant machen. Die Stadtbibliothek befindet sich in der Via Ascoli 31 in Castiglione delle Stiviere. Kostenlose Vorstellung. Infos:www.valorecastiglione.it &#8211; www.comune.castiglione.mn.it<\/p>\n<p>&nbsp;<\/p>\n","protected":false},"excerpt":{"rendered":"<p>Diesen Sonntag um 21 Uhr tritt das Blue Jazz Trio mit Cecilia Carta im Innenhof der Stadtbibliothek auf<\/p>\n","protected":false},"author":9,"featured_media":14635,"comment_status":"open","ping_status":"open","sticky":false,"template":"","format":"standard","meta":[],"categories":[2,4,5],"tags":[4076,4077,351,4078,4079,4080,23,26,2255,4081],"news-destination":[],"news-source":[],"is_homepage":[],"ta_other":[],"featured_media_details":{"width":1569,"height":486,"file":"2023\/07\/4.jpg","sizes":{"thumbnail":{"file":"4-150x150.jpg","width":150,"height":150,"mime-type":"image\/jpeg","source_url":"https:\/\/www.gardaseezeitung.it\/gardaseezeitung_new\/de\/wp-content\/uploads\/sites\/2\/2023\/07\/4-150x150.jpg"},"medium":{"file":"4-300x93.jpg","width":300,"height":93,"mime-type":"image\/jpeg","source_url":"https:\/\/www.gardaseezeitung.it\/gardaseezeitung_new\/de\/wp-content\/uploads\/sites\/2\/2023\/07\/4-300x93.jpg"},"medium_large":{"file":"4-768x238.jpg","width":768,"height":238,"mime-type":"image\/jpeg","source_url":"https:\/\/www.gardaseezeitung.it\/gardaseezeitung_new\/de\/wp-content\/uploads\/sites\/2\/2023\/07\/4-768x238.jpg"},"large":{"file":"4-1024x317.jpg","width":1024,"height":317,"mime-type":"image\/jpeg","source_url":"https:\/\/www.gardaseezeitung.it\/gardaseezeitung_new\/de\/wp-content\/uploads\/sites\/2\/2023\/07\/4-1024x317.jpg"},"big_image":{"file":"4-750x232.jpg","width":750,"height":232,"mime-type":"image\/jpeg","source_url":"https:\/\/www.gardaseezeitung.it\/gardaseezeitung_new\/de\/wp-content\/uploads\/sites\/2\/2023\/07\/4-750x232.jpg"},"guest-author-32":{"file":"4-32x32.jpg","width":32,"height":32,"mime-type":"image\/jpeg","source_url":"https:\/\/www.gardaseezeitung.it\/gardaseezeitung_new\/de\/wp-content\/uploads\/sites\/2\/2023\/07\/4-32x32.jpg"},"guest-author-50":{"file":"4-50x50.jpg","width":50,"height":50,"mime-type":"image\/jpeg","source_url":"https:\/\/www.gardaseezeitung.it\/gardaseezeitung_new\/de\/wp-content\/uploads\/sites\/2\/2023\/07\/4-50x50.jpg"},"guest-author-64":{"file":"4-64x64.jpg","width":64,"height":64,"mime-type":"image\/jpeg","source_url":"https:\/\/www.gardaseezeitung.it\/gardaseezeitung_new\/de\/wp-content\/uploads\/sites\/2\/2023\/07\/4-64x64.jpg"},"guest-author-96":{"file":"4-96x96.jpg","width":96,"height":96,"mime-type":"image\/jpeg","source_url":"https:\/\/www.gardaseezeitung.it\/gardaseezeitung_new\/de\/wp-content\/uploads\/sites\/2\/2023\/07\/4-96x96.jpg"},"guest-author-128":{"file":"4-128x128.jpg","width":128,"height":128,"mime-type":"image\/jpeg","source_url":"https:\/\/www.gardaseezeitung.it\/gardaseezeitung_new\/de\/wp-content\/uploads\/sites\/2\/2023\/07\/4-128x128.jpg"},"full":{"file":"4.jpg","width":1569,"height":486,"mime_type":"","source_url":"https:\/\/www.gardaseezeitung.it\/gardaseezeitung_new\/de\/wp-content\/uploads\/sites\/2\/2023\/07\/4.jpg"}},"image_meta":{"aperture":"0","credit":"","camera":"","caption":"","created_timestamp":"0","copyright":"","focal_length":"0","iso":"0","shutter_speed":"0","title":"","orientation":"1","keywords":[]}},"_links":{"self":[{"href":"https:\/\/www.gardaseezeitung.it\/gardaseezeitung_new\/de\/wp-json\/wp\/v2\/posts\/14604"}],"collection":[{"href":"https:\/\/www.gardaseezeitung.it\/gardaseezeitung_new\/de\/wp-json\/wp\/v2\/posts"}],"about":[{"href":"https:\/\/www.gardaseezeitung.it\/gardaseezeitung_new\/de\/wp-json\/wp\/v2\/types\/post"}],"author":[{"embeddable":true,"href":"https:\/\/www.gardaseezeitung.it\/gardaseezeitung_new\/de\/wp-json\/wp\/v2\/users\/9"}],"replies":[{"embeddable":true,"href":"https:\/\/www.gardaseezeitung.it\/gardaseezeitung_new\/de\/wp-json\/wp\/v2\/comments?post=14604"}],"version-history":[{"count":3,"href":"https:\/\/www.gardaseezeitung.it\/gardaseezeitung_new\/de\/wp-json\/wp\/v2\/posts\/14604\/revisions"}],"predecessor-version":[{"id":14638,"href":"https:\/\/www.gardaseezeitung.it\/gardaseezeitung_new\/de\/wp-json\/wp\/v2\/posts\/14604\/revisions\/14638"}],"wp:featuredmedia":[{"embeddable":true,"href":"https:\/\/www.gardaseezeitung.it\/gardaseezeitung_new\/de\/wp-json\/wp\/v2\/media\/14635"}],"wp:attachment":[{"href":"https:\/\/www.gardaseezeitung.it\/gardaseezeitung_new\/de\/wp-json\/wp\/v2\/media?parent=14604"}],"wp:term":[{"taxonomy":"category","embeddable":true,"href":"https:\/\/www.gardaseezeitung.it\/gardaseezeitung_new\/de\/wp-json\/wp\/v2\/categories?post=14604"},{"taxonomy":"post_tag","embeddable":true,"href":"https:\/\/www.gardaseezeitung.it\/gardaseezeitung_new\/de\/wp-json\/wp\/v2\/tags?post=14604"},{"taxonomy":"news-destination","embeddable":true,"href":"https:\/\/www.gardaseezeitung.it\/gardaseezeitung_new\/de\/wp-json\/wp\/v2\/news-destination?post=14604"},{"taxonomy":"news-source","embeddable":true,"href":"https:\/\/www.gardaseezeitung.it\/gardaseezeitung_new\/de\/wp-json\/wp\/v2\/news-source?post=14604"},{"taxonomy":"is_homepage","embeddable":true,"href":"https:\/\/www.gardaseezeitung.it\/gardaseezeitung_new\/de\/wp-json\/wp\/v2\/is_homepage?post=14604"},{"taxonomy":"ta_other","embeddable":true,"href":"https:\/\/www.gardaseezeitung.it\/gardaseezeitung_new\/de\/wp-json\/wp\/v2\/ta_other?post=14604"}],"curies":[{"name":"wp","href":"https:\/\/api.w.org\/{rel}","templated":true}]}}