{"id":14633,"date":"2023-07-14T13:58:12","date_gmt":"2023-07-14T11:58:12","guid":{"rendered":"http:\/\/www-gardaseezeitung-it-euwp*.sitenm.com\/2023\/07\/14\/vom-14-bis-17-juli-gibt-es-beim-salionze-festival-musik-essen-und-wein\/"},"modified":"2023-07-14T14:03:19","modified_gmt":"2022-09-17T14:03:19","slug":"vom-14-bis-17-juli-gibt-es-beim-salionze-festival-musik-essen-und-wein","status":"publish","type":"post","link":"https:\/\/www.gardaseezeitung.it\/2023\/07\/14\/vom-14-bis-17-juli-gibt-es-beim-salionze-festival-musik-essen-und-wein\/","title":{"rendered":"Vom 14. bis 17. Juli gibt es beim Salionze-Festival Musik, Essen und Wein"},"content":{"rendered":"<p>Das traditionelle Sommerfest von Salionze ist wieder da, nur einen Steinwurf von Valeggio sul Mincio entfernt. Es wird Essensst\u00e4nde und Musik geben: Hits aus den 80er und 90er Jahren am ersten Abend, an dem Sin Flower mit Live-Musik auftritt; Volkstanzmusik an den \u00fcbrigen Abenden. Am 17. schlie\u00dft das Fest im gro\u00dfen Stil mit der historischen Nachstellung eines Ereignisses, das in Salionze stattfand: Papst Leo der Gro\u00dfe trifft Attila, den K\u00f6nig der Hunnen (der ab dem Nachmittag ein Lager aufschlagen wird) und \u00fcberzeugt ihn, nicht in Italien einzufallen.<\/p>\n<p>&nbsp;<\/p>\n","protected":false},"excerpt":{"rendered":"<p>Ab 20 Uhr vier Abende lang Festlichkeiten mit Musikveranstaltungen und Essensst\u00e4nden <\/p>\n","protected":false},"author":9,"featured_media":14632,"comment_status":"open","ping_status":"open","sticky":false,"template":"","format":"standard","meta":[],"categories":[2,4,5],"tags":[4086,23,26,919,4087,4088,4089,269],"news-destination":[],"news-source":[],"is_homepage":[],"ta_other":[],"featured_media_details":{"width":1000,"height":662,"file":"2023\/07\/Sagra-di-Salionze.jpg","sizes":{"thumbnail":{"file":"Sagra-di-Salionze-150x150.jpg","width":150,"height":150,"mime-type":"image\/jpeg","source_url":"https:\/\/www.gardaseezeitung.it\/gardaseezeitung_new\/de\/wp-content\/uploads\/sites\/2\/2023\/07\/Sagra-di-Salionze-150x150.jpg"},"medium":{"file":"Sagra-di-Salionze-300x199.jpg","width":300,"height":199,"mime-type":"image\/jpeg","source_url":"https:\/\/www.gardaseezeitung.it\/gardaseezeitung_new\/de\/wp-content\/uploads\/sites\/2\/2023\/07\/Sagra-di-Salionze-300x199.jpg"},"medium_large":{"file":"Sagra-di-Salionze-768x508.jpg","width":768,"height":508,"mime-type":"image\/jpeg","source_url":"https:\/\/www.gardaseezeitung.it\/gardaseezeitung_new\/de\/wp-content\/uploads\/sites\/2\/2023\/07\/Sagra-di-Salionze-768x508.jpg"},"big_image":{"file":"Sagra-di-Salionze-750x497.jpg","width":750,"height":497,"mime-type":"image\/jpeg","source_url":"https:\/\/www.gardaseezeitung.it\/gardaseezeitung_new\/de\/wp-content\/uploads\/sites\/2\/2023\/07\/Sagra-di-Salionze-750x497.jpg"},"guest-author-32":{"file":"Sagra-di-Salionze-32x32.jpg","width":32,"height":32,"mime-type":"image\/jpeg","source_url":"https:\/\/www.gardaseezeitung.it\/gardaseezeitung_new\/de\/wp-content\/uploads\/sites\/2\/2023\/07\/Sagra-di-Salionze-32x32.jpg"},"guest-author-50":{"file":"Sagra-di-Salionze-50x50.jpg","width":50,"height":50,"mime-type":"image\/jpeg","source_url":"https:\/\/www.gardaseezeitung.it\/gardaseezeitung_new\/de\/wp-content\/uploads\/sites\/2\/2023\/07\/Sagra-di-Salionze-50x50.jpg"},"guest-author-64":{"file":"Sagra-di-Salionze-64x64.jpg","width":64,"height":64,"mime-type":"image\/jpeg","source_url":"https:\/\/www.gardaseezeitung.it\/gardaseezeitung_new\/de\/wp-content\/uploads\/sites\/2\/2023\/07\/Sagra-di-Salionze-64x64.jpg"},"guest-author-96":{"file":"Sagra-di-Salionze-96x96.jpg","width":96,"height":96,"mime-type":"image\/jpeg","source_url":"https:\/\/www.gardaseezeitung.it\/gardaseezeitung_new\/de\/wp-content\/uploads\/sites\/2\/2023\/07\/Sagra-di-Salionze-96x96.jpg"},"guest-author-128":{"file":"Sagra-di-Salionze-128x128.jpg","width":128,"height":128,"mime-type":"image\/jpeg","source_url":"https:\/\/www.gardaseezeitung.it\/gardaseezeitung_new\/de\/wp-content\/uploads\/sites\/2\/2023\/07\/Sagra-di-Salionze-128x128.jpg"},"full":{"file":"Sagra-di-Salionze.jpg","width":1000,"height":662,"mime_type":"","source_url":"https:\/\/www.gardaseezeitung.it\/gardaseezeitung_new\/de\/wp-content\/uploads\/sites\/2\/2023\/07\/Sagra-di-Salionze.jpg"}},"image_meta":{"aperture":"0","credit":"","camera":"","caption":"","created_timestamp":"0","copyright":"","focal_length":"0","iso":"0","shutter_speed":"0","title":"","orientation":"0","keywords":[]}},"_links":{"self":[{"href":"https:\/\/www.gardaseezeitung.it\/gardaseezeitung_new\/de\/wp-json\/wp\/v2\/posts\/14633"}],"collection":[{"href":"https:\/\/www.gardaseezeitung.it\/gardaseezeitung_new\/de\/wp-json\/wp\/v2\/posts"}],"about":[{"href":"https:\/\/www.gardaseezeitung.it\/gardaseezeitung_new\/de\/wp-json\/wp\/v2\/types\/post"}],"author":[{"embeddable":true,"href":"https:\/\/www.gardaseezeitung.it\/gardaseezeitung_new\/de\/wp-json\/wp\/v2\/users\/9"}],"replies":[{"embeddable":true,"href":"https:\/\/www.gardaseezeitung.it\/gardaseezeitung_new\/de\/wp-json\/wp\/v2\/comments?post=14633"}],"version-history":[{"count":1,"href":"https:\/\/www.gardaseezeitung.it\/gardaseezeitung_new\/de\/wp-json\/wp\/v2\/posts\/14633\/revisions"}],"predecessor-version":[{"id":14638,"href":"https:\/\/www.gardaseezeitung.it\/gardaseezeitung_new\/de\/wp-json\/wp\/v2\/posts\/14633\/revisions\/14638"}],"wp:featuredmedia":[{"embeddable":true,"href":"https:\/\/www.gardaseezeitung.it\/gardaseezeitung_new\/de\/wp-json\/wp\/v2\/media\/14632"}],"wp:attachment":[{"href":"https:\/\/www.gardaseezeitung.it\/gardaseezeitung_new\/de\/wp-json\/wp\/v2\/media?parent=14633"}],"wp:term":[{"taxonomy":"category","embeddable":true,"href":"https:\/\/www.gardaseezeitung.it\/gardaseezeitung_new\/de\/wp-json\/wp\/v2\/categories?post=14633"},{"taxonomy":"post_tag","embeddable":true,"href":"https:\/\/www.gardaseezeitung.it\/gardaseezeitung_new\/de\/wp-json\/wp\/v2\/tags?post=14633"},{"taxonomy":"news-destination","embeddable":true,"href":"https:\/\/www.gardaseezeitung.it\/gardaseezeitung_new\/de\/wp-json\/wp\/v2\/news-destination?post=14633"},{"taxonomy":"news-source","embeddable":true,"href":"https:\/\/www.gardaseezeitung.it\/gardaseezeitung_new\/de\/wp-json\/wp\/v2\/news-source?post=14633"},{"taxonomy":"is_homepage","embeddable":true,"href":"https:\/\/www.gardaseezeitung.it\/gardaseezeitung_new\/de\/wp-json\/wp\/v2\/is_homepage?post=14633"},{"taxonomy":"ta_other","embeddable":true,"href":"https:\/\/www.gardaseezeitung.it\/gardaseezeitung_new\/de\/wp-json\/wp\/v2\/ta_other?post=14633"}],"curies":[{"name":"wp","href":"https:\/\/api.w.org\/{rel}","templated":true}]}}