{"id":14654,"date":"2023-07-17T09:24:40","date_gmt":"2023-07-17T07:24:40","guid":{"rendered":"http:\/\/www-gardaseezeitung-it-euwp*.sitenm.com\/2023\/07\/17\/ultraleichtflugzeug-stuerzt-baldo-ab-der-pilot-ein-deutscher-stirbt\/"},"modified":"2023-07-17T09:24:55","modified_gmt":"2022-09-20T09:24:55","slug":"ultraleichtflugzeug-stuerzt-baldo-ab-der-pilot-ein-deutscher-stirbt","status":"publish","type":"post","link":"https:\/\/www.gardaseezeitung.it\/2023\/07\/17\/ultraleichtflugzeug-stuerzt-baldo-ab-der-pilot-ein-deutscher-stirbt\/","title":{"rendered":"Ultraleichtflugzeug st\u00fcrzt am Baldo ab: Der Pilot, ein Deutscher, stirbt"},"content":{"rendered":"<p>Gestern Nachmittag st\u00fcrzte ein Touristenflugzeug vom Typ Cessna FR 182, das einem 57-j\u00e4hrigen Deutschen geh\u00f6rte und von ihm gesteuert wurde, kurz vor 14 Uhr vom Flughafen &#8222;Gianni Caproni&#8220; in Trient auf dem Weg nach Verona Boscomantico auf den H\u00f6hen des Monte Baldo in Fraine di Sotto in der Gemeinde Ferrara di Monte Baldo ab. An Bord war der einzige Pilot, der beim Aufprall starb. Die Absturzstelle liegt in einem besonders unwegsamen Gebiet und wurde von den Rettungskr\u00e4ften nur schwer erreicht. Die italienische Justiz hat die Beschlagnahmung des Gebiets und des Flugzeugwracks angeordnet, bis das Ergebnis der Autopsie vorliegt.<\/p>\n<p>&nbsp;<\/p>\n","protected":false},"excerpt":{"rendered":"<p>Gestern st\u00fcrzte in der Gegend von Vajo dell&#8217;Orsa ein Ultraleichtflugzeug aus noch nicht gekl\u00e4rter Ursache ab. F\u00fcr den Piloten, der sein Leben verlor, gibt es nichts zu tun<\/p>\n","protected":false},"author":9,"featured_media":14653,"comment_status":"open","ping_status":"open","sticky":false,"template":"","format":"standard","meta":[],"categories":[2],"tags":[4091,615,4092,23,26,35],"news-destination":[],"news-source":[],"is_homepage":[],"ta_other":[],"featured_media_details":{"width":1200,"height":674,"file":"2023\/07\/Baldo.jpg","sizes":{"thumbnail":{"file":"Baldo-150x150.jpg","width":150,"height":150,"mime-type":"image\/jpeg","source_url":"https:\/\/www.gardaseezeitung.it\/gardaseezeitung_new\/de\/wp-content\/uploads\/sites\/2\/2023\/07\/Baldo-150x150.jpg"},"medium":{"file":"Baldo-300x169.jpg","width":300,"height":169,"mime-type":"image\/jpeg","source_url":"https:\/\/www.gardaseezeitung.it\/gardaseezeitung_new\/de\/wp-content\/uploads\/sites\/2\/2023\/07\/Baldo-300x169.jpg"},"medium_large":{"file":"Baldo-768x431.jpg","width":768,"height":431,"mime-type":"image\/jpeg","source_url":"https:\/\/www.gardaseezeitung.it\/gardaseezeitung_new\/de\/wp-content\/uploads\/sites\/2\/2023\/07\/Baldo-768x431.jpg"},"large":{"file":"Baldo-1024x575.jpg","width":1024,"height":575,"mime-type":"image\/jpeg","source_url":"https:\/\/www.gardaseezeitung.it\/gardaseezeitung_new\/de\/wp-content\/uploads\/sites\/2\/2023\/07\/Baldo-1024x575.jpg"},"big_image":{"file":"Baldo-750x421.jpg","width":750,"height":421,"mime-type":"image\/jpeg","source_url":"https:\/\/www.gardaseezeitung.it\/gardaseezeitung_new\/de\/wp-content\/uploads\/sites\/2\/2023\/07\/Baldo-750x421.jpg"},"guest-author-32":{"file":"Baldo-32x32.jpg","width":32,"height":32,"mime-type":"image\/jpeg","source_url":"https:\/\/www.gardaseezeitung.it\/gardaseezeitung_new\/de\/wp-content\/uploads\/sites\/2\/2023\/07\/Baldo-32x32.jpg"},"guest-author-50":{"file":"Baldo-50x50.jpg","width":50,"height":50,"mime-type":"image\/jpeg","source_url":"https:\/\/www.gardaseezeitung.it\/gardaseezeitung_new\/de\/wp-content\/uploads\/sites\/2\/2023\/07\/Baldo-50x50.jpg"},"guest-author-64":{"file":"Baldo-64x64.jpg","width":64,"height":64,"mime-type":"image\/jpeg","source_url":"https:\/\/www.gardaseezeitung.it\/gardaseezeitung_new\/de\/wp-content\/uploads\/sites\/2\/2023\/07\/Baldo-64x64.jpg"},"guest-author-96":{"file":"Baldo-96x96.jpg","width":96,"height":96,"mime-type":"image\/jpeg","source_url":"https:\/\/www.gardaseezeitung.it\/gardaseezeitung_new\/de\/wp-content\/uploads\/sites\/2\/2023\/07\/Baldo-96x96.jpg"},"guest-author-128":{"file":"Baldo-128x128.jpg","width":128,"height":128,"mime-type":"image\/jpeg","source_url":"https:\/\/www.gardaseezeitung.it\/gardaseezeitung_new\/de\/wp-content\/uploads\/sites\/2\/2023\/07\/Baldo-128x128.jpg"},"full":{"file":"Baldo.jpg","width":1200,"height":674,"mime_type":"","source_url":"https:\/\/www.gardaseezeitung.it\/gardaseezeitung_new\/de\/wp-content\/uploads\/sites\/2\/2023\/07\/Baldo.jpg"}},"image_meta":{"aperture":"0","credit":"Desk","camera":"","caption":"","created_timestamp":"1689579723","copyright":"","focal_length":"0","iso":"0","shutter_speed":"0","title":"","orientation":"0","keywords":[]}},"_links":{"self":[{"href":"https:\/\/www.gardaseezeitung.it\/gardaseezeitung_new\/de\/wp-json\/wp\/v2\/posts\/14654"}],"collection":[{"href":"https:\/\/www.gardaseezeitung.it\/gardaseezeitung_new\/de\/wp-json\/wp\/v2\/posts"}],"about":[{"href":"https:\/\/www.gardaseezeitung.it\/gardaseezeitung_new\/de\/wp-json\/wp\/v2\/types\/post"}],"author":[{"embeddable":true,"href":"https:\/\/www.gardaseezeitung.it\/gardaseezeitung_new\/de\/wp-json\/wp\/v2\/users\/9"}],"replies":[{"embeddable":true,"href":"https:\/\/www.gardaseezeitung.it\/gardaseezeitung_new\/de\/wp-json\/wp\/v2\/comments?post=14654"}],"version-history":[{"count":1,"href":"https:\/\/www.gardaseezeitung.it\/gardaseezeitung_new\/de\/wp-json\/wp\/v2\/posts\/14654\/revisions"}],"predecessor-version":[{"id":14655,"href":"https:\/\/www.gardaseezeitung.it\/gardaseezeitung_new\/de\/wp-json\/wp\/v2\/posts\/14654\/revisions\/14655"}],"wp:featuredmedia":[{"embeddable":true,"href":"https:\/\/www.gardaseezeitung.it\/gardaseezeitung_new\/de\/wp-json\/wp\/v2\/media\/14653"}],"wp:attachment":[{"href":"https:\/\/www.gardaseezeitung.it\/gardaseezeitung_new\/de\/wp-json\/wp\/v2\/media?parent=14654"}],"wp:term":[{"taxonomy":"category","embeddable":true,"href":"https:\/\/www.gardaseezeitung.it\/gardaseezeitung_new\/de\/wp-json\/wp\/v2\/categories?post=14654"},{"taxonomy":"post_tag","embeddable":true,"href":"https:\/\/www.gardaseezeitung.it\/gardaseezeitung_new\/de\/wp-json\/wp\/v2\/tags?post=14654"},{"taxonomy":"news-destination","embeddable":true,"href":"https:\/\/www.gardaseezeitung.it\/gardaseezeitung_new\/de\/wp-json\/wp\/v2\/news-destination?post=14654"},{"taxonomy":"news-source","embeddable":true,"href":"https:\/\/www.gardaseezeitung.it\/gardaseezeitung_new\/de\/wp-json\/wp\/v2\/news-source?post=14654"},{"taxonomy":"is_homepage","embeddable":true,"href":"https:\/\/www.gardaseezeitung.it\/gardaseezeitung_new\/de\/wp-json\/wp\/v2\/is_homepage?post=14654"},{"taxonomy":"ta_other","embeddable":true,"href":"https:\/\/www.gardaseezeitung.it\/gardaseezeitung_new\/de\/wp-json\/wp\/v2\/ta_other?post=14654"}],"curies":[{"name":"wp","href":"https:\/\/api.w.org\/{rel}","templated":true}]}}