{"id":14657,"date":"2023-07-17T16:32:48","date_gmt":"2023-07-17T14:32:48","guid":{"rendered":"http:\/\/www-gardaseezeitung-it-euwp*.sitenm.com\/2023\/07\/17\/die-veroneser-berge-werden-mit-dem-lessinia-musikfestival-lebendig\/"},"modified":"2023-07-17T16:36:09","modified_gmt":"2022-09-20T16:36:09","slug":"die-veroneser-berge-werden-mit-dem-lessinia-musikfestival-lebendig","status":"publish","type":"post","link":"https:\/\/www.gardaseezeitung.it\/2023\/07\/17\/die-veroneser-berge-werden-mit-dem-lessinia-musikfestival-lebendig\/","title":{"rendered":"Die Veroneser Berge werden mit dem Lessinia Musikfestival lebendig"},"content":{"rendered":"<p>Bis zum 23. Juli findet im PalaSport in Velo Veronese das Lessinia Musikfestival statt: Jeden Abend wird ein anderer K\u00fcnstler die Abende in den Veroneser Bergen beleben. Konzerte, Aperitifs und DJ-Sets, Shows und echte Themenpartys auf der Wiese neben dem PalaSport beleben das gro\u00dfe Musikereignis, ideal f\u00fcr Liebhaber von Live-Musik, Open-Air-Shows und f\u00fcr alle, die einfach nur die K\u00fchle der Bergbreiten bei Wein- und Essensverkostungen in einer festlichen und entspannten Atmosph\u00e4re f\u00fcr alle genie\u00dfen wollen. Auf der Rechnung stehen It&#8217;s time 90, Papeete (direkt aus Milano Marittima) und Alterego History. Au\u00dferdem werden die Folkmusik von Joe Bastianich &amp; La Terza Classe, der Singer-Songwriter Tonino Carotone und die Musik von Franchino bis hin zur unnachahmlichen Diapason Band zu h\u00f6ren sein.<\/p>\n<p>&nbsp;<\/p>\n<figure id=\"attachment_17272\" style=\"width: 640px\" class=\"wp-caption alignleft\"><img title=\"Die Veroneser Berge werden mit dem Lessinia Musikfestival lebendig\" loading=\"lazy\" class=\"wp-image-17272 size-large\" src=\"https:\/\/www.gardaseezeitung.it\/gardaseezeitung_new\/de\/wp-content\/uploads\/sites\/2\/2023\/07\/COPERTINA-LESSINIA-GENERICA.png\" alt=\"Joe Bastianich &amp; la Terza ClasseJoe Bastianich &amp; la Terza Classe\" width=\"640\" height=\"360\" srcset=\"https:\/\/euwps06.newsmemory.com\/gardaseezeitung_new\/de\/wp-content\/uploads\/sites\/2\/2023\/07\/COPERTINA-LESSINIA-GENERICA.png 1200w, https:\/\/euwps06.newsmemory.com\/gardaseezeitung_new\/de\/wp-content\/uploads\/sites\/2\/2023\/07\/COPERTINA-LESSINIA-GENERICA-300x169.png 300w, https:\/\/euwps06.newsmemory.com\/gardaseezeitung_new\/de\/wp-content\/uploads\/sites\/2\/2023\/07\/COPERTINA-LESSINIA-GENERICA-1024x576.png 1024w, https:\/\/euwps06.newsmemory.com\/gardaseezeitung_new\/de\/wp-content\/uploads\/sites\/2\/2023\/07\/COPERTINA-LESSINIA-GENERICA-768x432.png 768w, https:\/\/euwps06.newsmemory.com\/gardaseezeitung_new\/de\/wp-content\/uploads\/sites\/2\/2023\/07\/COPERTINA-LESSINIA-GENERICA-750x422.png 750w\" sizes=\"(max-width: 640px) 100vw, 640px\" \/><figcaption class=\"wp-caption-text\">Joe Bastianich &amp; la Terza Classe<\/figcaption><\/figure>\n<p>&nbsp;<\/p>\n<p>&nbsp;<\/p>\n","protected":false},"excerpt":{"rendered":"<p>Konzerte, DJ-Sets und Essens- und Weinst\u00e4nde beleben das Velo Veronese bis zum 23. Juli: Zu den Superstars geh\u00f6rt die Band Joe Bastianich &amp; La Terza Classe<\/p>\n","protected":false},"author":9,"featured_media":14656,"comment_status":"open","ping_status":"open","sticky":false,"template":"","format":"standard","meta":[],"categories":[2,5],"tags":[4093,4094,4095,4096,23,26,4097,86,4098,4099,4100],"news-destination":[],"news-source":[],"is_homepage":[],"ta_other":[],"featured_media_details":{"width":1024,"height":682,"file":"2023\/07\/1_Joe-Bastianich.jpg","sizes":{"thumbnail":{"file":"1_Joe-Bastianich-150x150.jpg","width":150,"height":150,"mime-type":"image\/jpeg","source_url":"https:\/\/www.gardaseezeitung.it\/gardaseezeitung_new\/de\/wp-content\/uploads\/sites\/2\/2023\/07\/1_Joe-Bastianich-150x150.jpg"},"medium":{"file":"1_Joe-Bastianich-300x200.jpg","width":300,"height":200,"mime-type":"image\/jpeg","source_url":"https:\/\/www.gardaseezeitung.it\/gardaseezeitung_new\/de\/wp-content\/uploads\/sites\/2\/2023\/07\/1_Joe-Bastianich-300x200.jpg"},"medium_large":{"file":"1_Joe-Bastianich-768x512.jpg","width":768,"height":512,"mime-type":"image\/jpeg","source_url":"https:\/\/www.gardaseezeitung.it\/gardaseezeitung_new\/de\/wp-content\/uploads\/sites\/2\/2023\/07\/1_Joe-Bastianich-768x512.jpg"},"large":{"file":"1_Joe-Bastianich-1024x682.jpg","width":1024,"height":682,"mime-type":"image\/jpeg","source_url":"https:\/\/www.gardaseezeitung.it\/gardaseezeitung_new\/de\/wp-content\/uploads\/sites\/2\/2023\/07\/1_Joe-Bastianich-1024x682.jpg"},"big_image":{"file":"1_Joe-Bastianich-750x500.jpg","width":750,"height":500,"mime-type":"image\/jpeg","source_url":"https:\/\/www.gardaseezeitung.it\/gardaseezeitung_new\/de\/wp-content\/uploads\/sites\/2\/2023\/07\/1_Joe-Bastianich-750x500.jpg"},"guest-author-32":{"file":"1_Joe-Bastianich-32x32.jpg","width":32,"height":32,"mime-type":"image\/jpeg","source_url":"https:\/\/www.gardaseezeitung.it\/gardaseezeitung_new\/de\/wp-content\/uploads\/sites\/2\/2023\/07\/1_Joe-Bastianich-32x32.jpg"},"guest-author-50":{"file":"1_Joe-Bastianich-50x50.jpg","width":50,"height":50,"mime-type":"image\/jpeg","source_url":"https:\/\/www.gardaseezeitung.it\/gardaseezeitung_new\/de\/wp-content\/uploads\/sites\/2\/2023\/07\/1_Joe-Bastianich-50x50.jpg"},"guest-author-64":{"file":"1_Joe-Bastianich-64x64.jpg","width":64,"height":64,"mime-type":"image\/jpeg","source_url":"https:\/\/www.gardaseezeitung.it\/gardaseezeitung_new\/de\/wp-content\/uploads\/sites\/2\/2023\/07\/1_Joe-Bastianich-64x64.jpg"},"guest-author-96":{"file":"1_Joe-Bastianich-96x96.jpg","width":96,"height":96,"mime-type":"image\/jpeg","source_url":"https:\/\/www.gardaseezeitung.it\/gardaseezeitung_new\/de\/wp-content\/uploads\/sites\/2\/2023\/07\/1_Joe-Bastianich-96x96.jpg"},"guest-author-128":{"file":"1_Joe-Bastianich-128x128.jpg","width":128,"height":128,"mime-type":"image\/jpeg","source_url":"https:\/\/www.gardaseezeitung.it\/gardaseezeitung_new\/de\/wp-content\/uploads\/sites\/2\/2023\/07\/1_Joe-Bastianich-128x128.jpg"},"full":{"file":"1_Joe-Bastianich.jpg","width":1024,"height":682,"mime_type":"","source_url":"https:\/\/www.gardaseezeitung.it\/gardaseezeitung_new\/de\/wp-content\/uploads\/sites\/2\/2023\/07\/1_Joe-Bastianich.jpg"}},"image_meta":{"aperture":"4","credit":"Luigi Reccia","camera":"ILCE-7M4","caption":"","created_timestamp":"1649072271","copyright":"Luigi Reccia","focal_length":"35","iso":"800","shutter_speed":"0.00625","title":"","orientation":"1","keywords":[]}},"_links":{"self":[{"href":"https:\/\/www.gardaseezeitung.it\/gardaseezeitung_new\/de\/wp-json\/wp\/v2\/posts\/14657"}],"collection":[{"href":"https:\/\/www.gardaseezeitung.it\/gardaseezeitung_new\/de\/wp-json\/wp\/v2\/posts"}],"about":[{"href":"https:\/\/www.gardaseezeitung.it\/gardaseezeitung_new\/de\/wp-json\/wp\/v2\/types\/post"}],"author":[{"embeddable":true,"href":"https:\/\/www.gardaseezeitung.it\/gardaseezeitung_new\/de\/wp-json\/wp\/v2\/users\/9"}],"replies":[{"embeddable":true,"href":"https:\/\/www.gardaseezeitung.it\/gardaseezeitung_new\/de\/wp-json\/wp\/v2\/comments?post=14657"}],"version-history":[{"count":2,"href":"https:\/\/www.gardaseezeitung.it\/gardaseezeitung_new\/de\/wp-json\/wp\/v2\/posts\/14657\/revisions"}],"predecessor-version":[{"id":17273,"href":"https:\/\/www.gardaseezeitung.it\/gardaseezeitung_new\/de\/wp-json\/wp\/v2\/posts\/14657\/revisions\/17273"}],"wp:featuredmedia":[{"embeddable":true,"href":"https:\/\/www.gardaseezeitung.it\/gardaseezeitung_new\/de\/wp-json\/wp\/v2\/media\/14656"}],"wp:attachment":[{"href":"https:\/\/www.gardaseezeitung.it\/gardaseezeitung_new\/de\/wp-json\/wp\/v2\/media?parent=14657"}],"wp:term":[{"taxonomy":"category","embeddable":true,"href":"https:\/\/www.gardaseezeitung.it\/gardaseezeitung_new\/de\/wp-json\/wp\/v2\/categories?post=14657"},{"taxonomy":"post_tag","embeddable":true,"href":"https:\/\/www.gardaseezeitung.it\/gardaseezeitung_new\/de\/wp-json\/wp\/v2\/tags?post=14657"},{"taxonomy":"news-destination","embeddable":true,"href":"https:\/\/www.gardaseezeitung.it\/gardaseezeitung_new\/de\/wp-json\/wp\/v2\/news-destination?post=14657"},{"taxonomy":"news-source","embeddable":true,"href":"https:\/\/www.gardaseezeitung.it\/gardaseezeitung_new\/de\/wp-json\/wp\/v2\/news-source?post=14657"},{"taxonomy":"is_homepage","embeddable":true,"href":"https:\/\/www.gardaseezeitung.it\/gardaseezeitung_new\/de\/wp-json\/wp\/v2\/is_homepage?post=14657"},{"taxonomy":"ta_other","embeddable":true,"href":"https:\/\/www.gardaseezeitung.it\/gardaseezeitung_new\/de\/wp-json\/wp\/v2\/ta_other?post=14657"}],"curies":[{"name":"wp","href":"https:\/\/api.w.org\/{rel}","templated":true}]}}