{"id":14674,"date":"2023-07-21T10:00:34","date_gmt":"2023-07-21T08:00:34","guid":{"rendered":"http:\/\/euwps06.newsmemory.com\/gardaseezeitung_new\/de\/2023\/07\/21\/vittoriale-gardone-riviera-21-juli-ausverkauft-fuer-jazz-ikone-herbie-hancock\/"},"modified":"2023-07-21T10:09:03","modified_gmt":"2022-09-24T10:09:03","slug":"vittoriale-gardone-riviera-21-juli-ausverkauft-fuer-jazz-ikone-herbie-hancock","status":"publish","type":"post","link":"https:\/\/www.gardaseezeitung.it\/2023\/07\/21\/vittoriale-gardone-riviera-21-juli-ausverkauft-fuer-jazz-ikone-herbie-hancock\/","title":{"rendered":"Vittoriale in Gardone Riviera, 21. Juli: Ausverkauft f\u00fcr Jazz-Ikone Herbie Hancock"},"content":{"rendered":"<p>Das spektakul\u00e4re Amphitheater des Vittoriale mit Blick auf den See ist heute Abend Gastgeber f\u00fcr Herbie Hancock, den legend\u00e4ren Pianisten und Komponisten, sechzig Jahre nach seinem Deb\u00fct. Mit ihm auf der B\u00fchne stehen James Genus (Bass), Lionel Loueke (Gitarre), Terence Blanchard (Trompete, Keyboards) und Jaylen Petinaud (Drums).<\/p>\n<p>&nbsp;<\/p>\n","protected":false},"excerpt":{"rendered":"<p>Gro\u00dfer Andrang beim Publikum: Vorverkauf fr\u00fchzeitig geschlossen<\/p>\n","protected":false},"author":9,"featured_media":14676,"comment_status":"open","ping_status":"open","sticky":false,"template":"","format":"standard","meta":[],"categories":[2,5,6,3],"tags":[23,26,33,4101,4102,4103,4104,4105],"news-destination":[],"news-source":[],"is_homepage":[],"ta_other":[],"featured_media_details":{"width":969,"height":561,"file":"2023\/07\/Herbie_Hancock.jpg","sizes":{"thumbnail":{"file":"Herbie_Hancock-150x150.jpg","width":150,"height":150,"mime-type":"image\/jpeg","source_url":"https:\/\/www.gardaseezeitung.it\/gardaseezeitung_new\/de\/wp-content\/uploads\/sites\/2\/2023\/07\/Herbie_Hancock-150x150.jpg"},"medium":{"file":"Herbie_Hancock-300x174.jpg","width":300,"height":174,"mime-type":"image\/jpeg","source_url":"https:\/\/www.gardaseezeitung.it\/gardaseezeitung_new\/de\/wp-content\/uploads\/sites\/2\/2023\/07\/Herbie_Hancock-300x174.jpg"},"medium_large":{"file":"Herbie_Hancock-768x445.jpg","width":768,"height":445,"mime-type":"image\/jpeg","source_url":"https:\/\/www.gardaseezeitung.it\/gardaseezeitung_new\/de\/wp-content\/uploads\/sites\/2\/2023\/07\/Herbie_Hancock-768x445.jpg"},"big_image":{"file":"Herbie_Hancock-750x434.jpg","width":750,"height":434,"mime-type":"image\/jpeg","source_url":"https:\/\/www.gardaseezeitung.it\/gardaseezeitung_new\/de\/wp-content\/uploads\/sites\/2\/2023\/07\/Herbie_Hancock-750x434.jpg"},"guest-author-32":{"file":"Herbie_Hancock-32x32.jpg","width":32,"height":32,"mime-type":"image\/jpeg","source_url":"https:\/\/www.gardaseezeitung.it\/gardaseezeitung_new\/de\/wp-content\/uploads\/sites\/2\/2023\/07\/Herbie_Hancock-32x32.jpg"},"guest-author-50":{"file":"Herbie_Hancock-50x50.jpg","width":50,"height":50,"mime-type":"image\/jpeg","source_url":"https:\/\/www.gardaseezeitung.it\/gardaseezeitung_new\/de\/wp-content\/uploads\/sites\/2\/2023\/07\/Herbie_Hancock-50x50.jpg"},"guest-author-64":{"file":"Herbie_Hancock-64x64.jpg","width":64,"height":64,"mime-type":"image\/jpeg","source_url":"https:\/\/www.gardaseezeitung.it\/gardaseezeitung_new\/de\/wp-content\/uploads\/sites\/2\/2023\/07\/Herbie_Hancock-64x64.jpg"},"guest-author-96":{"file":"Herbie_Hancock-96x96.jpg","width":96,"height":96,"mime-type":"image\/jpeg","source_url":"https:\/\/www.gardaseezeitung.it\/gardaseezeitung_new\/de\/wp-content\/uploads\/sites\/2\/2023\/07\/Herbie_Hancock-96x96.jpg"},"guest-author-128":{"file":"Herbie_Hancock-128x128.jpg","width":128,"height":128,"mime-type":"image\/jpeg","source_url":"https:\/\/www.gardaseezeitung.it\/gardaseezeitung_new\/de\/wp-content\/uploads\/sites\/2\/2023\/07\/Herbie_Hancock-128x128.jpg"},"full":{"file":"Herbie_Hancock.jpg","width":969,"height":561,"mime_type":"","source_url":"https:\/\/www.gardaseezeitung.it\/gardaseezeitung_new\/de\/wp-content\/uploads\/sites\/2\/2023\/07\/Herbie_Hancock.jpg"}},"image_meta":{"aperture":"13","credit":"","camera":"Canon EOS-1Ds Mark III","caption":"","created_timestamp":"1568805844","copyright":"\u00a9 Douglas Kirkland 2010","focal_length":"50","iso":"100","shutter_speed":"0.008","title":"","orientation":"1","keywords":[]}},"_links":{"self":[{"href":"https:\/\/www.gardaseezeitung.it\/gardaseezeitung_new\/de\/wp-json\/wp\/v2\/posts\/14674"}],"collection":[{"href":"https:\/\/www.gardaseezeitung.it\/gardaseezeitung_new\/de\/wp-json\/wp\/v2\/posts"}],"about":[{"href":"https:\/\/www.gardaseezeitung.it\/gardaseezeitung_new\/de\/wp-json\/wp\/v2\/types\/post"}],"author":[{"embeddable":true,"href":"https:\/\/www.gardaseezeitung.it\/gardaseezeitung_new\/de\/wp-json\/wp\/v2\/users\/9"}],"replies":[{"embeddable":true,"href":"https:\/\/www.gardaseezeitung.it\/gardaseezeitung_new\/de\/wp-json\/wp\/v2\/comments?post=14674"}],"version-history":[{"count":2,"href":"https:\/\/www.gardaseezeitung.it\/gardaseezeitung_new\/de\/wp-json\/wp\/v2\/posts\/14674\/revisions"}],"predecessor-version":[{"id":14712,"href":"https:\/\/www.gardaseezeitung.it\/gardaseezeitung_new\/de\/wp-json\/wp\/v2\/posts\/14674\/revisions\/14712"}],"wp:featuredmedia":[{"embeddable":true,"href":"https:\/\/www.gardaseezeitung.it\/gardaseezeitung_new\/de\/wp-json\/wp\/v2\/media\/14676"}],"wp:attachment":[{"href":"https:\/\/www.gardaseezeitung.it\/gardaseezeitung_new\/de\/wp-json\/wp\/v2\/media?parent=14674"}],"wp:term":[{"taxonomy":"category","embeddable":true,"href":"https:\/\/www.gardaseezeitung.it\/gardaseezeitung_new\/de\/wp-json\/wp\/v2\/categories?post=14674"},{"taxonomy":"post_tag","embeddable":true,"href":"https:\/\/www.gardaseezeitung.it\/gardaseezeitung_new\/de\/wp-json\/wp\/v2\/tags?post=14674"},{"taxonomy":"news-destination","embeddable":true,"href":"https:\/\/www.gardaseezeitung.it\/gardaseezeitung_new\/de\/wp-json\/wp\/v2\/news-destination?post=14674"},{"taxonomy":"news-source","embeddable":true,"href":"https:\/\/www.gardaseezeitung.it\/gardaseezeitung_new\/de\/wp-json\/wp\/v2\/news-source?post=14674"},{"taxonomy":"is_homepage","embeddable":true,"href":"https:\/\/www.gardaseezeitung.it\/gardaseezeitung_new\/de\/wp-json\/wp\/v2\/is_homepage?post=14674"},{"taxonomy":"ta_other","embeddable":true,"href":"https:\/\/www.gardaseezeitung.it\/gardaseezeitung_new\/de\/wp-json\/wp\/v2\/ta_other?post=14674"}],"curies":[{"name":"wp","href":"https:\/\/api.w.org\/{rel}","templated":true}]}}