{"id":14697,"date":"2023-07-21T12:00:46","date_gmt":"2023-07-21T10:00:46","guid":{"rendered":"http:\/\/euwps05.newsmemory.com\/gardaseezeitung_new\/de\/2023\/07\/21\/suoni-e-sapori-del-garda-festival-2023-elena-giardina-freunde-im-konzert-im-musa-salo\/"},"modified":"2023-07-21T14:34:21","modified_gmt":"2022-09-24T14:34:21","slug":"suoni-e-sapori-del-garda-festival-2023-elena-giardina-freunde-im-konzert-im-musa-salo","status":"publish","type":"post","link":"https:\/\/www.gardaseezeitung.it\/2023\/07\/21\/suoni-e-sapori-del-garda-festival-2023-elena-giardina-freunde-im-konzert-im-musa-salo\/","title":{"rendered":"&#8222;Suoni e Sapori del Garda&#8220; Festival 2023: Elena Giardina &amp; Freunde im Konzert in Sal\u00f2"},"content":{"rendered":"<p>Am Freitag, den 21. Juli um 21.15 Uhr in der sala Provveditori in Sal\u00f2 treten Elena Giardina (Gesang) &amp; Friends (Archimia String Quartet: Serafino Tedesi und Paolo Costanzo &#8211; Violinen, Matteo del Sold\u00e0 &#8211; Viola, Andrea Anzalone &#8211; Cello; Carmelo Isgr\u00f2 &#8211; Bass; Rino Di Pace &#8211; Schlagzeug und Andrea Pollione &#8211; Klavier) im neunten Konzert des Suoni e Sapori del Garda (&#8222;Kl\u00e4nge und Geschm\u00e4cker des Gardasees) Festivals auf. Sie pr\u00e4sentieren &#8222;Knockin on Heaven&#8217;s Door &#8211; Pop von den Beatles bis heute&#8220;, ein Programm, das eine Hommage an die gro\u00dfen Namen der Popmusik von den Beatles bis heute ist, in einer Soul\/Jazz-Schl\u00fcssel mit Funky-Referenzen&#8230; Akustische, warme und einh\u00fcllende Kl\u00e4nge kennzeichnen die Arrangements, die das Infonote Pop Ensemble spielen wird. Auf dieser Reise werden wir au\u00dfergew\u00f6hnliche Musikerinnen und Musiker h\u00f6ren, die seit einigen Jahren Protagonisten der nationalen Musikszene und dar\u00fcber hinaus sind. Das Festival bietet eine Reihe von Auff\u00fchrungen bei freiem Eintritt an verschiedenen Orten: Calvagese della Riviera, Castelnuovo del Garda, Desenzano del Garda, Gardone Riviera, Gargnano, Lonato del Garda, Malcesine, Manerba del Garda, Nago Torbole, Riva del Garda, Sal\u00f2, San Felice del Benaco, Tignale und Toscolano Maderno.<\/p>\n<p>&nbsp;<\/p>\n","protected":false},"excerpt":{"rendered":"<p>Das f\u00fcr heute Abend, den 21. Juli, geplante Konzert in Sal\u00f2 wird aufgrund der schlechten Wetterbedingungen in der Sala Provveditori der Stadtverwaltung stattfinden<\/p>\n","protected":false},"author":9,"featured_media":14696,"comment_status":"open","ping_status":"open","sticky":false,"template":"","format":"standard","meta":[],"categories":[2,5,3],"tags":[3875,1034,115,1035,4110,33,158,78,170,1431,166,3132,221,167,634,1041,784,344],"news-destination":[],"news-source":[],"is_homepage":[],"ta_other":[],"featured_media_details":{"width":800,"height":538,"file":"2023\/07\/GIARDINA.jpg","sizes":{"thumbnail":{"file":"GIARDINA-150x150.jpg","width":150,"height":150,"mime-type":"image\/jpeg","source_url":"https:\/\/www.gardaseezeitung.it\/gardaseezeitung_new\/de\/wp-content\/uploads\/sites\/2\/2023\/07\/GIARDINA-150x150.jpg"},"medium":{"file":"GIARDINA-300x202.jpg","width":300,"height":202,"mime-type":"image\/jpeg","source_url":"https:\/\/www.gardaseezeitung.it\/gardaseezeitung_new\/de\/wp-content\/uploads\/sites\/2\/2023\/07\/GIARDINA-300x202.jpg"},"medium_large":{"file":"GIARDINA-768x516.jpg","width":768,"height":516,"mime-type":"image\/jpeg","source_url":"https:\/\/www.gardaseezeitung.it\/gardaseezeitung_new\/de\/wp-content\/uploads\/sites\/2\/2023\/07\/GIARDINA-768x516.jpg"},"big_image":{"file":"GIARDINA-750x504.jpg","width":750,"height":504,"mime-type":"image\/jpeg","source_url":"https:\/\/www.gardaseezeitung.it\/gardaseezeitung_new\/de\/wp-content\/uploads\/sites\/2\/2023\/07\/GIARDINA-750x504.jpg"},"guest-author-32":{"file":"GIARDINA-32x32.jpg","width":32,"height":32,"mime-type":"image\/jpeg","source_url":"https:\/\/www.gardaseezeitung.it\/gardaseezeitung_new\/de\/wp-content\/uploads\/sites\/2\/2023\/07\/GIARDINA-32x32.jpg"},"guest-author-50":{"file":"GIARDINA-50x50.jpg","width":50,"height":50,"mime-type":"image\/jpeg","source_url":"https:\/\/www.gardaseezeitung.it\/gardaseezeitung_new\/de\/wp-content\/uploads\/sites\/2\/2023\/07\/GIARDINA-50x50.jpg"},"guest-author-64":{"file":"GIARDINA-64x64.jpg","width":64,"height":64,"mime-type":"image\/jpeg","source_url":"https:\/\/www.gardaseezeitung.it\/gardaseezeitung_new\/de\/wp-content\/uploads\/sites\/2\/2023\/07\/GIARDINA-64x64.jpg"},"guest-author-96":{"file":"GIARDINA-96x96.jpg","width":96,"height":96,"mime-type":"image\/jpeg","source_url":"https:\/\/www.gardaseezeitung.it\/gardaseezeitung_new\/de\/wp-content\/uploads\/sites\/2\/2023\/07\/GIARDINA-96x96.jpg"},"guest-author-128":{"file":"GIARDINA-128x128.jpg","width":128,"height":128,"mime-type":"image\/jpeg","source_url":"https:\/\/www.gardaseezeitung.it\/gardaseezeitung_new\/de\/wp-content\/uploads\/sites\/2\/2023\/07\/GIARDINA-128x128.jpg"},"full":{"file":"GIARDINA.jpg","width":800,"height":538,"mime_type":"","source_url":"https:\/\/www.gardaseezeitung.it\/gardaseezeitung_new\/de\/wp-content\/uploads\/sites\/2\/2023\/07\/GIARDINA.jpg"}},"image_meta":{"aperture":"0","credit":"","camera":"","caption":"","created_timestamp":"0","copyright":"","focal_length":"0","iso":"0","shutter_speed":"0","title":"","orientation":"1","keywords":[]}},"_links":{"self":[{"href":"https:\/\/www.gardaseezeitung.it\/gardaseezeitung_new\/de\/wp-json\/wp\/v2\/posts\/14697"}],"collection":[{"href":"https:\/\/www.gardaseezeitung.it\/gardaseezeitung_new\/de\/wp-json\/wp\/v2\/posts"}],"about":[{"href":"https:\/\/www.gardaseezeitung.it\/gardaseezeitung_new\/de\/wp-json\/wp\/v2\/types\/post"}],"author":[{"embeddable":true,"href":"https:\/\/www.gardaseezeitung.it\/gardaseezeitung_new\/de\/wp-json\/wp\/v2\/users\/9"}],"replies":[{"embeddable":true,"href":"https:\/\/www.gardaseezeitung.it\/gardaseezeitung_new\/de\/wp-json\/wp\/v2\/comments?post=14697"}],"version-history":[{"count":2,"href":"https:\/\/www.gardaseezeitung.it\/gardaseezeitung_new\/de\/wp-json\/wp\/v2\/posts\/14697\/revisions"}],"predecessor-version":[{"id":14721,"href":"https:\/\/www.gardaseezeitung.it\/gardaseezeitung_new\/de\/wp-json\/wp\/v2\/posts\/14697\/revisions\/14721"}],"wp:featuredmedia":[{"embeddable":true,"href":"https:\/\/www.gardaseezeitung.it\/gardaseezeitung_new\/de\/wp-json\/wp\/v2\/media\/14696"}],"wp:attachment":[{"href":"https:\/\/www.gardaseezeitung.it\/gardaseezeitung_new\/de\/wp-json\/wp\/v2\/media?parent=14697"}],"wp:term":[{"taxonomy":"category","embeddable":true,"href":"https:\/\/www.gardaseezeitung.it\/gardaseezeitung_new\/de\/wp-json\/wp\/v2\/categories?post=14697"},{"taxonomy":"post_tag","embeddable":true,"href":"https:\/\/www.gardaseezeitung.it\/gardaseezeitung_new\/de\/wp-json\/wp\/v2\/tags?post=14697"},{"taxonomy":"news-destination","embeddable":true,"href":"https:\/\/www.gardaseezeitung.it\/gardaseezeitung_new\/de\/wp-json\/wp\/v2\/news-destination?post=14697"},{"taxonomy":"news-source","embeddable":true,"href":"https:\/\/www.gardaseezeitung.it\/gardaseezeitung_new\/de\/wp-json\/wp\/v2\/news-source?post=14697"},{"taxonomy":"is_homepage","embeddable":true,"href":"https:\/\/www.gardaseezeitung.it\/gardaseezeitung_new\/de\/wp-json\/wp\/v2\/is_homepage?post=14697"},{"taxonomy":"ta_other","embeddable":true,"href":"https:\/\/www.gardaseezeitung.it\/gardaseezeitung_new\/de\/wp-json\/wp\/v2\/ta_other?post=14697"}],"curies":[{"name":"wp","href":"https:\/\/api.w.org\/{rel}","templated":true}]}}