{"id":1474,"date":"2015-10-29T21:41:25","date_gmt":"2015-10-29T21:41:25","guid":{"rendered":"http:\/\/euwp08.newsmemory.com\/gardaseezeitung_new\/de\/2015\/10\/29\/der-lugana-wein-erobert-die-vereinigten-staaten\/"},"modified":"2019-05-28T20:59:07","modified_gmt":"2019-05-28T20:59:07","slug":"der-lugana-wein-erobert-die-vereinigten-staaten","status":"publish","type":"post","link":"https:\/\/www.gardaseezeitung.it\/2015\/10\/29\/der-lugana-wein-erobert-die-vereinigten-staaten\/","title":{"rendered":"Der Lugana-Wein erobert die Vereinigten Staaten"},"content":{"rendered":"<p style=\"text-align: justify\">Sie fand in diesem Jahr in der Artilleriekaserne Porta Verona in Peschiera del Garda statt und war ein gro\u00dfer Publikumserfolg.&nbsp;Das Veranstaltungsdatum stimmt in der Regel mit der Weinlese \u00fcberein. Diese wurde \u2013 auch dank der hohen Temperaturen im Sommer &#8211; als hervorragend bezeichnet. Sowohl unter qualitativen als auch quantitativen Gesichtspunkten waren die Winzer mit der Lese 2015 zufrieden.&nbsp;Das Schutzkonsortium des Lugana-Weins besch\u00e4ftigt sich stetig damit, f\u00fcr den edlen Tropfen zu werben. Und so ist man in diesen Tagen in den Vereinigten Staaten unterwegs. Vom 26. bis zum 28. Oktober nahm man an der \u201eSimply Italian Great Wines US tours 2015&#8243; teil, die von der IEM organisiert wird und mit der seit Jahren im Ausland f\u00fcr den italienischen Wein geworben wird.&nbsp;F\u00fcr die an der Tour teilnehmenden Betriebe waren es drei arbeitsreiche Tage mit kommerziellen Workshops, Seminaren, Verk\u00f6stigungen und B2B-Treffen.&nbsp;Im kalten und feuchten November wird das Schutzkonsortium hingegen die milden Temperaturen in Florida genie\u00dfen k\u00f6nnen. Am 17. und 18. November stehen ein Treffen mit dem \u201eMiami Culinary Institute&#8220; sowie eine f\u00fcr Vertreter der Weinbranche gedachte Verk\u00f6stigung auf dem Programm.&nbsp;Weitere Infos zum Lugana und seinem Schutzkonsortium gibt es online unter www.facebook.com\/consorzioluganadoc<\/p>\n","protected":false},"excerpt":{"rendered":"<p>Der Herbst ist f\u00fcr die Besch\u00e4ftigten der Weinbranche eine arbeitsreiche Jahreszeit. Die Hersteller des Lugana-Weins verabschiedeten sich mit der inzwischen ber\u00fchmten Lugana-Verk\u00f6stogung \u201eZeitlose Harmonien&#8220; vom Sommer.<\/p>\n","protected":false},"author":1,"featured_media":1475,"comment_status":"open","ping_status":"open","sticky":false,"template":"","format":"standard","meta":[],"categories":[6],"tags":[],"news-destination":[],"news-source":[],"is_homepage":[],"ta_other":[],"featured_media_details":{"width":620,"height":465,"file":"2019\/05\/eb8ee9e198ebf062793defde6f11f6c6.jpg","sizes":{"thumbnail":{"file":"eb8ee9e198ebf062793defde6f11f6c6-150x150.jpg","width":150,"height":150,"mime-type":"image\/jpeg","source_url":"https:\/\/www.gardaseezeitung.it\/gardaseezeitung_new\/de\/wp-content\/uploads\/sites\/2\/2019\/05\/eb8ee9e198ebf062793defde6f11f6c6-150x150.jpg"},"medium":{"file":"eb8ee9e198ebf062793defde6f11f6c6-300x225.jpg","width":300,"height":225,"mime-type":"image\/jpeg","source_url":"https:\/\/www.gardaseezeitung.it\/gardaseezeitung_new\/de\/wp-content\/uploads\/sites\/2\/2019\/05\/eb8ee9e198ebf062793defde6f11f6c6-300x225.jpg"},"full":{"file":"eb8ee9e198ebf062793defde6f11f6c6.jpg","width":620,"height":465,"mime_type":"","source_url":"https:\/\/www.gardaseezeitung.it\/gardaseezeitung_new\/de\/wp-content\/uploads\/sites\/2\/2019\/05\/eb8ee9e198ebf062793defde6f11f6c6.jpg"}},"image_meta":{"aperture":"0","credit":"","camera":"","caption":"","created_timestamp":"0","copyright":"","focal_length":"0","iso":"0","shutter_speed":"0","title":"","orientation":"0","keywords":[]}},"_links":{"self":[{"href":"https:\/\/www.gardaseezeitung.it\/gardaseezeitung_new\/de\/wp-json\/wp\/v2\/posts\/1474"}],"collection":[{"href":"https:\/\/www.gardaseezeitung.it\/gardaseezeitung_new\/de\/wp-json\/wp\/v2\/posts"}],"about":[{"href":"https:\/\/www.gardaseezeitung.it\/gardaseezeitung_new\/de\/wp-json\/wp\/v2\/types\/post"}],"author":[{"embeddable":true,"href":"https:\/\/www.gardaseezeitung.it\/gardaseezeitung_new\/de\/wp-json\/wp\/v2\/users\/1"}],"replies":[{"embeddable":true,"href":"https:\/\/www.gardaseezeitung.it\/gardaseezeitung_new\/de\/wp-json\/wp\/v2\/comments?post=1474"}],"version-history":[{"count":0,"href":"https:\/\/www.gardaseezeitung.it\/gardaseezeitung_new\/de\/wp-json\/wp\/v2\/posts\/1474\/revisions"}],"wp:featuredmedia":[{"embeddable":true,"href":"https:\/\/www.gardaseezeitung.it\/gardaseezeitung_new\/de\/wp-json\/wp\/v2\/media\/1475"}],"wp:attachment":[{"href":"https:\/\/www.gardaseezeitung.it\/gardaseezeitung_new\/de\/wp-json\/wp\/v2\/media?parent=1474"}],"wp:term":[{"taxonomy":"category","embeddable":true,"href":"https:\/\/www.gardaseezeitung.it\/gardaseezeitung_new\/de\/wp-json\/wp\/v2\/categories?post=1474"},{"taxonomy":"post_tag","embeddable":true,"href":"https:\/\/www.gardaseezeitung.it\/gardaseezeitung_new\/de\/wp-json\/wp\/v2\/tags?post=1474"},{"taxonomy":"news-destination","embeddable":true,"href":"https:\/\/www.gardaseezeitung.it\/gardaseezeitung_new\/de\/wp-json\/wp\/v2\/news-destination?post=1474"},{"taxonomy":"news-source","embeddable":true,"href":"https:\/\/www.gardaseezeitung.it\/gardaseezeitung_new\/de\/wp-json\/wp\/v2\/news-source?post=1474"},{"taxonomy":"is_homepage","embeddable":true,"href":"https:\/\/www.gardaseezeitung.it\/gardaseezeitung_new\/de\/wp-json\/wp\/v2\/is_homepage?post=1474"},{"taxonomy":"ta_other","embeddable":true,"href":"https:\/\/www.gardaseezeitung.it\/gardaseezeitung_new\/de\/wp-json\/wp\/v2\/ta_other?post=1474"}],"curies":[{"name":"wp","href":"https:\/\/api.w.org\/{rel}","templated":true}]}}