{"id":14783,"date":"2023-08-07T00:36:29","date_gmt":"2023-08-06T22:36:29","guid":{"rendered":"http:\/\/euwps05.newsmemory.com\/gardaseezeitung_new\/de\/2023\/08\/07\/tuerkischer-cengiz-und-italienischer-grossi-gewinnen-den-ora-cup-ora\/"},"modified":"2023-08-07T00:36:49","modified_gmt":"2022-10-11T00:36:49","slug":"tuerkischer-cengiz-und-italienischer-grossi-gewinnen-den-ora-cup-ora","status":"publish","type":"post","link":"https:\/\/www.gardaseezeitung.it\/2023\/08\/07\/tuerkischer-cengiz-und-italienischer-grossi-gewinnen-den-ora-cup-ora\/","title":{"rendered":"T\u00fcrkischer Cengiz und italienischer Grossi gewinnen den Ora Cup Ora"},"content":{"rendered":"<p>Der achtundzwanzigste Ora Cup, die ikonische Optimistenregatta des Circolo Vela Arco, bei der in diesem Jahr 545 Seglerinnen und Segler aus 30 Nationen, darunter zum ersten Mal auch China, an den Start gingen, ging zu Ende.F\u00fcnf Regatten wurden f\u00fcr die Kadetten und sieben f\u00fcr die Junioren ausgetragen. Das Wetter war zwar nicht das beste, aber das hat den Kindern und Jugendlichen, die mit ihren Trainern und Familien nach Garda Trentino gekommen sind, nicht die Laune verdorben. In der Juniorenflotte gab es einen italienischen Hattrick und einen klaren Sieg f\u00fcr Leonardo Grossi (Fraglia Vela Riva). Zweiter Platz f\u00fcr Claudio Crocco (Tognazzi Marine Village). Der dritte Platz ging an Alberto Avanzini (CN Bardolino). Bei den M\u00e4dchen belegte Bianca Marchesini (Fraglia Vela Malcesine, Tochter von Art) den ersten Platz. Der zweite Platz bei den Frauen ging an Irene Faini (CN Bardolino) und der dritte an Gaia Zinali (CV Antignano). In der Kadettenkategorie gewann der T\u00fcrke Cengiz Eren Guvenc, der seine ukrainischen Konkurrenten Roman Vyevyenko (Fraglia Vela Riva-UKR) und Ahnieshka Madonich (SVOC Team Ucraine), die erste Frau, hinter sich lie\u00df. Auf der zweiten Stufe des Frauenpodests stand Beatrice Fornaro (3V\/LNI Ostia Team). Bronze ging an Annalie Meoni (Fraglia Vela Malcesine).Diese Veranstaltung belebte die gesamte Region Garda Trentino, von Arco bis Torbole und Riva del Garda. Der Termin ist nun f\u00fcr Anfang September mit den Italienischen Meisterschaften im Doppel, Gastgeber der 29er.<\/p>\n<p>&nbsp;<\/p>\n","protected":false},"excerpt":{"rendered":"<p>Der 28. Ora Cup Ora ging im Garda Trentino zu Ende: bei den Kadetten siegten der T\u00fcrke Cengiz und die Ukrainerin Ahnieshka Madonich; bei den Junioren Filippo Grossi und Bianca Marchesini<\/p>\n","protected":false},"author":9,"featured_media":6284,"comment_status":"open","ping_status":"open","sticky":false,"template":"","format":"standard","meta":[],"categories":[1],"tags":[4152,4153,219,4154,4155,2414,4156,4157,4158,3190,4159,710,23,26,4160,4161,221,4162,214,409],"news-destination":[],"news-source":[],"is_homepage":[],"ta_other":[],"featured_media_details":{"width":1024,"height":573,"file":"2021\/04\/RivadelGarda_Vela.png","sizes":{"thumbnail":{"file":"RivadelGarda_Vela-150x150.png","width":150,"height":150,"mime-type":"image\/png","source_url":"https:\/\/www.gardaseezeitung.it\/gardaseezeitung_new\/de\/wp-content\/uploads\/sites\/2\/2021\/04\/RivadelGarda_Vela-150x150.png"},"medium":{"file":"RivadelGarda_Vela-300x168.png","width":300,"height":168,"mime-type":"image\/png","source_url":"https:\/\/www.gardaseezeitung.it\/gardaseezeitung_new\/de\/wp-content\/uploads\/sites\/2\/2021\/04\/RivadelGarda_Vela-300x168.png"},"medium_large":{"file":"RivadelGarda_Vela-768x430.png","width":768,"height":430,"mime-type":"image\/png","source_url":"https:\/\/www.gardaseezeitung.it\/gardaseezeitung_new\/de\/wp-content\/uploads\/sites\/2\/2021\/04\/RivadelGarda_Vela-768x430.png"},"large":{"file":"RivadelGarda_Vela-1024x573.png","width":1024,"height":573,"mime-type":"image\/png","source_url":"https:\/\/www.gardaseezeitung.it\/gardaseezeitung_new\/de\/wp-content\/uploads\/sites\/2\/2021\/04\/RivadelGarda_Vela-1024x573.png"},"big_image":{"file":"RivadelGarda_Vela-750x420.png","width":750,"height":420,"mime-type":"image\/png","source_url":"https:\/\/www.gardaseezeitung.it\/gardaseezeitung_new\/de\/wp-content\/uploads\/sites\/2\/2021\/04\/RivadelGarda_Vela-750x420.png"},"guest-author-32":{"file":"RivadelGarda_Vela-32x32.png","width":32,"height":32,"mime-type":"image\/png","source_url":"https:\/\/www.gardaseezeitung.it\/gardaseezeitung_new\/de\/wp-content\/uploads\/sites\/2\/2021\/04\/RivadelGarda_Vela-32x32.png"},"guest-author-50":{"file":"RivadelGarda_Vela-50x50.png","width":50,"height":50,"mime-type":"image\/png","source_url":"https:\/\/www.gardaseezeitung.it\/gardaseezeitung_new\/de\/wp-content\/uploads\/sites\/2\/2021\/04\/RivadelGarda_Vela-50x50.png"},"guest-author-64":{"file":"RivadelGarda_Vela-64x64.png","width":64,"height":64,"mime-type":"image\/png","source_url":"https:\/\/www.gardaseezeitung.it\/gardaseezeitung_new\/de\/wp-content\/uploads\/sites\/2\/2021\/04\/RivadelGarda_Vela-64x64.png"},"guest-author-96":{"file":"RivadelGarda_Vela-96x96.png","width":96,"height":96,"mime-type":"image\/png","source_url":"https:\/\/www.gardaseezeitung.it\/gardaseezeitung_new\/de\/wp-content\/uploads\/sites\/2\/2021\/04\/RivadelGarda_Vela-96x96.png"},"guest-author-128":{"file":"RivadelGarda_Vela-128x128.png","width":128,"height":128,"mime-type":"image\/png","source_url":"https:\/\/www.gardaseezeitung.it\/gardaseezeitung_new\/de\/wp-content\/uploads\/sites\/2\/2021\/04\/RivadelGarda_Vela-128x128.png"},"full":{"file":"RivadelGarda_Vela.png","width":1024,"height":573,"mime_type":"","source_url":"https:\/\/www.gardaseezeitung.it\/gardaseezeitung_new\/de\/wp-content\/uploads\/sites\/2\/2021\/04\/RivadelGarda_Vela.png"}},"image_meta":{"aperture":"0","credit":"","camera":"","caption":"","created_timestamp":"0","copyright":"","focal_length":"0","iso":"0","shutter_speed":"0","title":"","orientation":"0","keywords":[]}},"_links":{"self":[{"href":"https:\/\/www.gardaseezeitung.it\/gardaseezeitung_new\/de\/wp-json\/wp\/v2\/posts\/14783"}],"collection":[{"href":"https:\/\/www.gardaseezeitung.it\/gardaseezeitung_new\/de\/wp-json\/wp\/v2\/posts"}],"about":[{"href":"https:\/\/www.gardaseezeitung.it\/gardaseezeitung_new\/de\/wp-json\/wp\/v2\/types\/post"}],"author":[{"embeddable":true,"href":"https:\/\/www.gardaseezeitung.it\/gardaseezeitung_new\/de\/wp-json\/wp\/v2\/users\/9"}],"replies":[{"embeddable":true,"href":"https:\/\/www.gardaseezeitung.it\/gardaseezeitung_new\/de\/wp-json\/wp\/v2\/comments?post=14783"}],"version-history":[{"count":1,"href":"https:\/\/www.gardaseezeitung.it\/gardaseezeitung_new\/de\/wp-json\/wp\/v2\/posts\/14783\/revisions"}],"predecessor-version":[{"id":14784,"href":"https:\/\/www.gardaseezeitung.it\/gardaseezeitung_new\/de\/wp-json\/wp\/v2\/posts\/14783\/revisions\/14784"}],"wp:featuredmedia":[{"embeddable":true,"href":"https:\/\/www.gardaseezeitung.it\/gardaseezeitung_new\/de\/wp-json\/wp\/v2\/media\/6284"}],"wp:attachment":[{"href":"https:\/\/www.gardaseezeitung.it\/gardaseezeitung_new\/de\/wp-json\/wp\/v2\/media?parent=14783"}],"wp:term":[{"taxonomy":"category","embeddable":true,"href":"https:\/\/www.gardaseezeitung.it\/gardaseezeitung_new\/de\/wp-json\/wp\/v2\/categories?post=14783"},{"taxonomy":"post_tag","embeddable":true,"href":"https:\/\/www.gardaseezeitung.it\/gardaseezeitung_new\/de\/wp-json\/wp\/v2\/tags?post=14783"},{"taxonomy":"news-destination","embeddable":true,"href":"https:\/\/www.gardaseezeitung.it\/gardaseezeitung_new\/de\/wp-json\/wp\/v2\/news-destination?post=14783"},{"taxonomy":"news-source","embeddable":true,"href":"https:\/\/www.gardaseezeitung.it\/gardaseezeitung_new\/de\/wp-json\/wp\/v2\/news-source?post=14783"},{"taxonomy":"is_homepage","embeddable":true,"href":"https:\/\/www.gardaseezeitung.it\/gardaseezeitung_new\/de\/wp-json\/wp\/v2\/is_homepage?post=14783"},{"taxonomy":"ta_other","embeddable":true,"href":"https:\/\/www.gardaseezeitung.it\/gardaseezeitung_new\/de\/wp-json\/wp\/v2\/ta_other?post=14783"}],"curies":[{"name":"wp","href":"https:\/\/api.w.org\/{rel}","templated":true}]}}