{"id":14832,"date":"2023-08-15T01:02:48","date_gmt":"2023-08-14T23:02:48","guid":{"rendered":"http:\/\/euwps05.newsmemory.com\/gardaseezeitung_new\/de\/2023\/08\/15\/buon-ferragosto\/"},"modified":"2023-08-16T19:16:14","modified_gmt":"2022-10-20T19:16:14","slug":"buon-ferragosto","status":"publish","type":"post","link":"https:\/\/www.gardaseezeitung.it\/2023\/08\/15\/buon-ferragosto\/","title":{"rendered":"Buon Ferragosto!"},"content":{"rendered":"<p>Es ist zu lesen, dass der Name aus dem lateinischen\u201eferiae Augusti\u201c komme und von Kaiser Augustus eingef\u00fchrt worden sei, um die R\u00f6mer an den Sieg \u00fcber Alessandria und den Tod von Kleopatra und Marc Antonio zu erinnern. Anscheinend gab es im August zu R\u00f6merzeiten mehrere Festlichkeiten wie zu Ehren der G\u00f6ttin der Jagd und der G\u00f6tter Besch\u00fctzer der H\u00e4fen und der Ernte. Man erz\u00e4hlt, dass die Erntearbeiten ruhten, Feste gefeiert und Pferderennen veranstaltet wurden. In sp\u00e4terer Zeit wurde dann wohl Ferragosto auf den 15. August zusammenfallend mit Maria Himmelfahrt festgelegt. Es sieht also so aus, als ob der wichtigste Urlaubsmonat August und speziell Ferragosto in Italien bereits eine lange Tradition hat.<\/p>\n<p>&nbsp;<\/p>\n","protected":false},"excerpt":{"rendered":"<p>In Italien ist ein traditionsreicher Feiertag, der wohl auf den r\u00f6mischen Kaiser Ottaviano Augusto zur\u00fcckgeht<\/p>\n","protected":false},"author":9,"featured_media":12546,"comment_status":"open","ping_status":"open","sticky":false,"template":"","format":"standard","meta":[],"categories":[2,6],"tags":[],"news-destination":[],"news-source":[],"is_homepage":[],"ta_other":[],"featured_media_details":{"width":3648,"height":2736,"file":"2022\/12\/fireworks-919620.jpg","sizes":{"thumbnail":{"file":"fireworks-919620-150x150.jpg","width":150,"height":150,"mime-type":"image\/jpeg","source_url":"https:\/\/www.gardaseezeitung.it\/gardaseezeitung_new\/de\/wp-content\/uploads\/sites\/2\/2022\/12\/fireworks-919620-150x150.jpg"},"medium":{"file":"fireworks-919620-300x225.jpg","width":300,"height":225,"mime-type":"image\/jpeg","source_url":"https:\/\/www.gardaseezeitung.it\/gardaseezeitung_new\/de\/wp-content\/uploads\/sites\/2\/2022\/12\/fireworks-919620-300x225.jpg"},"medium_large":{"file":"fireworks-919620-768x576.jpg","width":768,"height":576,"mime-type":"image\/jpeg","source_url":"https:\/\/www.gardaseezeitung.it\/gardaseezeitung_new\/de\/wp-content\/uploads\/sites\/2\/2022\/12\/fireworks-919620-768x576.jpg"},"large":{"file":"fireworks-919620-1024x768.jpg","width":1024,"height":768,"mime-type":"image\/jpeg","source_url":"https:\/\/www.gardaseezeitung.it\/gardaseezeitung_new\/de\/wp-content\/uploads\/sites\/2\/2022\/12\/fireworks-919620-1024x768.jpg"},"big_image":{"file":"fireworks-919620-750x563.jpg","width":750,"height":563,"mime-type":"image\/jpeg","source_url":"https:\/\/www.gardaseezeitung.it\/gardaseezeitung_new\/de\/wp-content\/uploads\/sites\/2\/2022\/12\/fireworks-919620-750x563.jpg"},"guest-author-32":{"file":"fireworks-919620-32x32.jpg","width":32,"height":32,"mime-type":"image\/jpeg","source_url":"https:\/\/www.gardaseezeitung.it\/gardaseezeitung_new\/de\/wp-content\/uploads\/sites\/2\/2022\/12\/fireworks-919620-32x32.jpg"},"guest-author-50":{"file":"fireworks-919620-50x50.jpg","width":50,"height":50,"mime-type":"image\/jpeg","source_url":"https:\/\/www.gardaseezeitung.it\/gardaseezeitung_new\/de\/wp-content\/uploads\/sites\/2\/2022\/12\/fireworks-919620-50x50.jpg"},"guest-author-64":{"file":"fireworks-919620-64x64.jpg","width":64,"height":64,"mime-type":"image\/jpeg","source_url":"https:\/\/www.gardaseezeitung.it\/gardaseezeitung_new\/de\/wp-content\/uploads\/sites\/2\/2022\/12\/fireworks-919620-64x64.jpg"},"guest-author-96":{"file":"fireworks-919620-96x96.jpg","width":96,"height":96,"mime-type":"image\/jpeg","source_url":"https:\/\/www.gardaseezeitung.it\/gardaseezeitung_new\/de\/wp-content\/uploads\/sites\/2\/2022\/12\/fireworks-919620-96x96.jpg"},"guest-author-128":{"file":"fireworks-919620-128x128.jpg","width":128,"height":128,"mime-type":"image\/jpeg","source_url":"https:\/\/www.gardaseezeitung.it\/gardaseezeitung_new\/de\/wp-content\/uploads\/sites\/2\/2022\/12\/fireworks-919620-128x128.jpg"},"full":{"file":"fireworks-919620.jpg","width":3648,"height":2736,"mime_type":"","source_url":"https:\/\/www.gardaseezeitung.it\/gardaseezeitung_new\/de\/wp-content\/uploads\/sites\/2\/2022\/12\/fireworks-919620.jpg"}},"image_meta":{"aperture":"0","credit":"","camera":"","caption":"","created_timestamp":"0","copyright":"","focal_length":"0","iso":"0","shutter_speed":"0","title":"","orientation":"0","keywords":[]}},"_links":{"self":[{"href":"https:\/\/www.gardaseezeitung.it\/gardaseezeitung_new\/de\/wp-json\/wp\/v2\/posts\/14832"}],"collection":[{"href":"https:\/\/www.gardaseezeitung.it\/gardaseezeitung_new\/de\/wp-json\/wp\/v2\/posts"}],"about":[{"href":"https:\/\/www.gardaseezeitung.it\/gardaseezeitung_new\/de\/wp-json\/wp\/v2\/types\/post"}],"author":[{"embeddable":true,"href":"https:\/\/www.gardaseezeitung.it\/gardaseezeitung_new\/de\/wp-json\/wp\/v2\/users\/9"}],"replies":[{"embeddable":true,"href":"https:\/\/www.gardaseezeitung.it\/gardaseezeitung_new\/de\/wp-json\/wp\/v2\/comments?post=14832"}],"version-history":[{"count":2,"href":"https:\/\/www.gardaseezeitung.it\/gardaseezeitung_new\/de\/wp-json\/wp\/v2\/posts\/14832\/revisions"}],"predecessor-version":[{"id":14835,"href":"https:\/\/www.gardaseezeitung.it\/gardaseezeitung_new\/de\/wp-json\/wp\/v2\/posts\/14832\/revisions\/14835"}],"wp:featuredmedia":[{"embeddable":true,"href":"https:\/\/www.gardaseezeitung.it\/gardaseezeitung_new\/de\/wp-json\/wp\/v2\/media\/12546"}],"wp:attachment":[{"href":"https:\/\/www.gardaseezeitung.it\/gardaseezeitung_new\/de\/wp-json\/wp\/v2\/media?parent=14832"}],"wp:term":[{"taxonomy":"category","embeddable":true,"href":"https:\/\/www.gardaseezeitung.it\/gardaseezeitung_new\/de\/wp-json\/wp\/v2\/categories?post=14832"},{"taxonomy":"post_tag","embeddable":true,"href":"https:\/\/www.gardaseezeitung.it\/gardaseezeitung_new\/de\/wp-json\/wp\/v2\/tags?post=14832"},{"taxonomy":"news-destination","embeddable":true,"href":"https:\/\/www.gardaseezeitung.it\/gardaseezeitung_new\/de\/wp-json\/wp\/v2\/news-destination?post=14832"},{"taxonomy":"news-source","embeddable":true,"href":"https:\/\/www.gardaseezeitung.it\/gardaseezeitung_new\/de\/wp-json\/wp\/v2\/news-source?post=14832"},{"taxonomy":"is_homepage","embeddable":true,"href":"https:\/\/www.gardaseezeitung.it\/gardaseezeitung_new\/de\/wp-json\/wp\/v2\/is_homepage?post=14832"},{"taxonomy":"ta_other","embeddable":true,"href":"https:\/\/www.gardaseezeitung.it\/gardaseezeitung_new\/de\/wp-json\/wp\/v2\/ta_other?post=14832"}],"curies":[{"name":"wp","href":"https:\/\/api.w.org\/{rel}","templated":true}]}}