{"id":14907,"date":"2023-08-28T00:33:30","date_gmt":"2023-08-27T22:33:30","guid":{"rendered":"http:\/\/euwps06.newsmemory.com\/gardaseezeitung_new\/de\/2023\/08\/28\/malcesine-bekannte-segelschule-wegen-unregelmaessigkeiten-geschlossen\/"},"modified":"2023-08-28T00:33:36","modified_gmt":"2022-11-01T00:33:36","slug":"malcesine-bekannte-segelschule-wegen-unregelmaessigkeiten-geschlossen","status":"publish","type":"post","link":"https:\/\/www.gardaseezeitung.it\/2023\/08\/28\/malcesine-bekannte-segelschule-wegen-unregelmaessigkeiten-geschlossen\/","title":{"rendered":"Malcesine, bekannte Segelschule wegen Unregelm\u00e4\u00dfigkeiten geschlossen"},"content":{"rendered":"<p>Arbeiter, die im Dienst sind, aber nicht auf der Gehaltsliste stehen, und Sicherheitsm\u00e4ngel: Die von den Carabinieri aufgedeckten Unregelm\u00e4\u00dfigkeiten haben f\u00fcr Schock und Verwunderung gesorgt. Nicht weniger als sieben Lehrkr\u00e4fte und Assistenten der Schule wurden ohne regul\u00e4ren Arbeitsvertrag angetroffen. Au\u00dferdem stellten die Beamten eine Reihe von Verst\u00f6\u00dfen gegen die Sicherheits- und Unfallverh\u00fctungsvorschriften bei der Arbeit fest. Neben der Geldstrafe wurde auch eine obligatorische Aussetzung des Sportbetriebs angeordnet.<\/p>\n","protected":false},"excerpt":{"rendered":"<p>Nach einer Inspektion wurden Strafen in H\u00f6he von 56.000 Euro verh\u00e4ngt<\/p>\n","protected":false},"author":9,"featured_media":5559,"comment_status":"open","ping_status":"open","sticky":false,"template":"","format":"standard","meta":[],"categories":[2,3],"tags":[23,26,170,214],"news-destination":[],"news-source":[],"is_homepage":[],"ta_other":[],"featured_media_details":{"width":1620,"height":405,"file":"2020\/10\/8x2-barche-a-vela.jpeg","sizes":{"thumbnail":{"file":"8x2-barche-a-vela-150x150.jpeg","width":150,"height":150,"mime-type":"image\/jpeg","source_url":"https:\/\/www.gardaseezeitung.it\/gardaseezeitung_new\/de\/wp-content\/uploads\/sites\/2\/2020\/10\/8x2-barche-a-vela-150x150.jpeg"},"medium":{"file":"8x2-barche-a-vela-300x75.jpeg","width":300,"height":75,"mime-type":"image\/jpeg","source_url":"https:\/\/www.gardaseezeitung.it\/gardaseezeitung_new\/de\/wp-content\/uploads\/sites\/2\/2020\/10\/8x2-barche-a-vela-300x75.jpeg"},"medium_large":{"file":"8x2-barche-a-vela-768x192.jpeg","width":768,"height":192,"mime-type":"image\/jpeg","source_url":"https:\/\/www.gardaseezeitung.it\/gardaseezeitung_new\/de\/wp-content\/uploads\/sites\/2\/2020\/10\/8x2-barche-a-vela-768x192.jpeg"},"large":{"file":"8x2-barche-a-vela-1024x256.jpeg","width":1024,"height":256,"mime-type":"image\/jpeg","source_url":"https:\/\/www.gardaseezeitung.it\/gardaseezeitung_new\/de\/wp-content\/uploads\/sites\/2\/2020\/10\/8x2-barche-a-vela-1024x256.jpeg"},"big_image":{"file":"8x2-barche-a-vela-750x188.jpeg","width":750,"height":188,"mime-type":"image\/jpeg","source_url":"https:\/\/www.gardaseezeitung.it\/gardaseezeitung_new\/de\/wp-content\/uploads\/sites\/2\/2020\/10\/8x2-barche-a-vela-750x188.jpeg"},"guest-author-32":{"file":"8x2-barche-a-vela-32x32.jpeg","width":32,"height":32,"mime-type":"image\/jpeg","source_url":"https:\/\/www.gardaseezeitung.it\/gardaseezeitung_new\/de\/wp-content\/uploads\/sites\/2\/2020\/10\/8x2-barche-a-vela-32x32.jpeg"},"guest-author-50":{"file":"8x2-barche-a-vela-50x50.jpeg","width":50,"height":50,"mime-type":"image\/jpeg","source_url":"https:\/\/www.gardaseezeitung.it\/gardaseezeitung_new\/de\/wp-content\/uploads\/sites\/2\/2020\/10\/8x2-barche-a-vela-50x50.jpeg"},"guest-author-64":{"file":"8x2-barche-a-vela-64x64.jpeg","width":64,"height":64,"mime-type":"image\/jpeg","source_url":"https:\/\/www.gardaseezeitung.it\/gardaseezeitung_new\/de\/wp-content\/uploads\/sites\/2\/2020\/10\/8x2-barche-a-vela-64x64.jpeg"},"guest-author-96":{"file":"8x2-barche-a-vela-96x96.jpeg","width":96,"height":96,"mime-type":"image\/jpeg","source_url":"https:\/\/www.gardaseezeitung.it\/gardaseezeitung_new\/de\/wp-content\/uploads\/sites\/2\/2020\/10\/8x2-barche-a-vela-96x96.jpeg"},"guest-author-128":{"file":"8x2-barche-a-vela-128x128.jpeg","width":128,"height":128,"mime-type":"image\/jpeg","source_url":"https:\/\/www.gardaseezeitung.it\/gardaseezeitung_new\/de\/wp-content\/uploads\/sites\/2\/2020\/10\/8x2-barche-a-vela-128x128.jpeg"},"full":{"file":"8x2-barche-a-vela.jpeg","width":1620,"height":405,"mime_type":"","source_url":"https:\/\/www.gardaseezeitung.it\/gardaseezeitung_new\/de\/wp-content\/uploads\/sites\/2\/2020\/10\/8x2-barche-a-vela.jpeg"}},"image_meta":{"aperture":"4.5","credit":"Giacomo Frison","camera":"NIKON D500","caption":"","created_timestamp":"1571583626","copyright":"giacomofrison.com","focal_length":"70","iso":"200","shutter_speed":"0.0002","title":"","orientation":"0","keywords":[]}},"_links":{"self":[{"href":"https:\/\/www.gardaseezeitung.it\/gardaseezeitung_new\/de\/wp-json\/wp\/v2\/posts\/14907"}],"collection":[{"href":"https:\/\/www.gardaseezeitung.it\/gardaseezeitung_new\/de\/wp-json\/wp\/v2\/posts"}],"about":[{"href":"https:\/\/www.gardaseezeitung.it\/gardaseezeitung_new\/de\/wp-json\/wp\/v2\/types\/post"}],"author":[{"embeddable":true,"href":"https:\/\/www.gardaseezeitung.it\/gardaseezeitung_new\/de\/wp-json\/wp\/v2\/users\/9"}],"replies":[{"embeddable":true,"href":"https:\/\/www.gardaseezeitung.it\/gardaseezeitung_new\/de\/wp-json\/wp\/v2\/comments?post=14907"}],"version-history":[{"count":1,"href":"https:\/\/www.gardaseezeitung.it\/gardaseezeitung_new\/de\/wp-json\/wp\/v2\/posts\/14907\/revisions"}],"predecessor-version":[{"id":14908,"href":"https:\/\/www.gardaseezeitung.it\/gardaseezeitung_new\/de\/wp-json\/wp\/v2\/posts\/14907\/revisions\/14908"}],"wp:featuredmedia":[{"embeddable":true,"href":"https:\/\/www.gardaseezeitung.it\/gardaseezeitung_new\/de\/wp-json\/wp\/v2\/media\/5559"}],"wp:attachment":[{"href":"https:\/\/www.gardaseezeitung.it\/gardaseezeitung_new\/de\/wp-json\/wp\/v2\/media?parent=14907"}],"wp:term":[{"taxonomy":"category","embeddable":true,"href":"https:\/\/www.gardaseezeitung.it\/gardaseezeitung_new\/de\/wp-json\/wp\/v2\/categories?post=14907"},{"taxonomy":"post_tag","embeddable":true,"href":"https:\/\/www.gardaseezeitung.it\/gardaseezeitung_new\/de\/wp-json\/wp\/v2\/tags?post=14907"},{"taxonomy":"news-destination","embeddable":true,"href":"https:\/\/www.gardaseezeitung.it\/gardaseezeitung_new\/de\/wp-json\/wp\/v2\/news-destination?post=14907"},{"taxonomy":"news-source","embeddable":true,"href":"https:\/\/www.gardaseezeitung.it\/gardaseezeitung_new\/de\/wp-json\/wp\/v2\/news-source?post=14907"},{"taxonomy":"is_homepage","embeddable":true,"href":"https:\/\/www.gardaseezeitung.it\/gardaseezeitung_new\/de\/wp-json\/wp\/v2\/is_homepage?post=14907"},{"taxonomy":"ta_other","embeddable":true,"href":"https:\/\/www.gardaseezeitung.it\/gardaseezeitung_new\/de\/wp-json\/wp\/v2\/ta_other?post=14907"}],"curies":[{"name":"wp","href":"https:\/\/api.w.org\/{rel}","templated":true}]}}