{"id":1491,"date":"2015-12-09T18:30:09","date_gmt":"2015-12-09T18:30:09","guid":{"rendered":"http:\/\/euwp08.newsmemory.com\/gardaseezeitung_new\/de\/2015\/12\/09\/olio-viola-65-jahre-genuss\/"},"modified":"2019-05-28T20:59:07","modified_gmt":"2019-05-28T20:59:07","slug":"olio-viola-65-jahre-genuss","status":"publish","type":"post","link":"https:\/\/www.gardaseezeitung.it\/2015\/12\/09\/olio-viola-65-jahre-genuss\/","title":{"rendered":"Olio Viola: 65 Jahre Genuss"},"content":{"rendered":"<p style=\"text-align: justify\">Qualit\u00e4t steht hierbei an erster Stelle und so kann der Betrieb das Zertifikat UNI EN ISO 90011 vorweisen.&nbsp;Erh\u00e4ltlich ist sind die verschiedenen Oliven\u00f6l-Sorten des Betriebs unter anderem in der Verkaufsstelle in der Via Molini 7 in Bardolino (VR). Die Verkaufsstelle hat von montags bis samstags von 9-13 Uhr und von 14.30 bis 18.30 Uhr ge\u00f6ffnet. In diesen Tagen erwartet man die Kunden in der Verkaufsstelle mit vielen Geschenkideen und Weihnachtsgeschenkk\u00f6rben. Die Produkte des Betriebes k\u00f6nnen aber auch online erstanden werden.&nbsp;Mehr zu erfahren gibt es \u00fcber das Oleificio \u00fcbrigens nicht nur online unter www.olioviola.it, sondern auch auf Facebook.&nbsp;<br \/>Oleificio Viola &#8211;&nbsp;Via Molini 7 &#8211;&nbsp;37010 Bardolino &#8211;&nbsp;Tel. 045 6211402<\/p>\n","protected":false},"excerpt":{"rendered":"<p>Seit 1950 wird das Oliven\u00f6l Viola auf den Tischen derer serviert, die den au\u00dfergew\u00f6hnlichen Geschmack des qualitativ hochwertigen nativen Oliven\u00f6ls zu sch\u00e4tzen wissen. Produziert wird das \u00d6l direkt in der Oliven\u00f6lm\u00fchle Viola.<\/p>\n","protected":false},"author":1,"featured_media":1492,"comment_status":"open","ping_status":"open","sticky":false,"template":"","format":"standard","meta":[],"categories":[6],"tags":[],"news-destination":[],"news-source":[],"is_homepage":[],"ta_other":[],"featured_media_details":{"width":1024,"height":613,"file":"2019\/05\/8d6e0b0b0e37bba79ad6404ee3011aeb.jpg","sizes":{"thumbnail":{"file":"8d6e0b0b0e37bba79ad6404ee3011aeb-150x150.jpg","width":150,"height":150,"mime-type":"image\/jpeg","source_url":"https:\/\/www.gardaseezeitung.it\/gardaseezeitung_new\/de\/wp-content\/uploads\/sites\/2\/2019\/05\/8d6e0b0b0e37bba79ad6404ee3011aeb-150x150.jpg"},"medium":{"file":"8d6e0b0b0e37bba79ad6404ee3011aeb-300x180.jpg","width":300,"height":180,"mime-type":"image\/jpeg","source_url":"https:\/\/www.gardaseezeitung.it\/gardaseezeitung_new\/de\/wp-content\/uploads\/sites\/2\/2019\/05\/8d6e0b0b0e37bba79ad6404ee3011aeb-300x180.jpg"},"medium_large":{"file":"8d6e0b0b0e37bba79ad6404ee3011aeb-768x460.jpg","width":768,"height":460,"mime-type":"image\/jpeg","source_url":"https:\/\/www.gardaseezeitung.it\/gardaseezeitung_new\/de\/wp-content\/uploads\/sites\/2\/2019\/05\/8d6e0b0b0e37bba79ad6404ee3011aeb-768x460.jpg"},"large":{"file":"8d6e0b0b0e37bba79ad6404ee3011aeb-1024x613.jpg","width":1024,"height":613,"mime-type":"image\/jpeg","source_url":"https:\/\/www.gardaseezeitung.it\/gardaseezeitung_new\/de\/wp-content\/uploads\/sites\/2\/2019\/05\/8d6e0b0b0e37bba79ad6404ee3011aeb-1024x613.jpg"},"big_image":{"file":"8d6e0b0b0e37bba79ad6404ee3011aeb-750x449.jpg","width":750,"height":449,"mime-type":"image\/jpeg","source_url":"https:\/\/www.gardaseezeitung.it\/gardaseezeitung_new\/de\/wp-content\/uploads\/sites\/2\/2019\/05\/8d6e0b0b0e37bba79ad6404ee3011aeb-750x449.jpg"},"full":{"file":"8d6e0b0b0e37bba79ad6404ee3011aeb.jpg","width":1024,"height":613,"mime_type":"","source_url":"https:\/\/www.gardaseezeitung.it\/gardaseezeitung_new\/de\/wp-content\/uploads\/sites\/2\/2019\/05\/8d6e0b0b0e37bba79ad6404ee3011aeb.jpg"}},"image_meta":{"aperture":"0","credit":"","camera":"","caption":"","created_timestamp":"0","copyright":"","focal_length":"0","iso":"0","shutter_speed":"0","title":"","orientation":"0","keywords":[]}},"_links":{"self":[{"href":"https:\/\/www.gardaseezeitung.it\/gardaseezeitung_new\/de\/wp-json\/wp\/v2\/posts\/1491"}],"collection":[{"href":"https:\/\/www.gardaseezeitung.it\/gardaseezeitung_new\/de\/wp-json\/wp\/v2\/posts"}],"about":[{"href":"https:\/\/www.gardaseezeitung.it\/gardaseezeitung_new\/de\/wp-json\/wp\/v2\/types\/post"}],"author":[{"embeddable":true,"href":"https:\/\/www.gardaseezeitung.it\/gardaseezeitung_new\/de\/wp-json\/wp\/v2\/users\/1"}],"replies":[{"embeddable":true,"href":"https:\/\/www.gardaseezeitung.it\/gardaseezeitung_new\/de\/wp-json\/wp\/v2\/comments?post=1491"}],"version-history":[{"count":0,"href":"https:\/\/www.gardaseezeitung.it\/gardaseezeitung_new\/de\/wp-json\/wp\/v2\/posts\/1491\/revisions"}],"wp:featuredmedia":[{"embeddable":true,"href":"https:\/\/www.gardaseezeitung.it\/gardaseezeitung_new\/de\/wp-json\/wp\/v2\/media\/1492"}],"wp:attachment":[{"href":"https:\/\/www.gardaseezeitung.it\/gardaseezeitung_new\/de\/wp-json\/wp\/v2\/media?parent=1491"}],"wp:term":[{"taxonomy":"category","embeddable":true,"href":"https:\/\/www.gardaseezeitung.it\/gardaseezeitung_new\/de\/wp-json\/wp\/v2\/categories?post=1491"},{"taxonomy":"post_tag","embeddable":true,"href":"https:\/\/www.gardaseezeitung.it\/gardaseezeitung_new\/de\/wp-json\/wp\/v2\/tags?post=1491"},{"taxonomy":"news-destination","embeddable":true,"href":"https:\/\/www.gardaseezeitung.it\/gardaseezeitung_new\/de\/wp-json\/wp\/v2\/news-destination?post=1491"},{"taxonomy":"news-source","embeddable":true,"href":"https:\/\/www.gardaseezeitung.it\/gardaseezeitung_new\/de\/wp-json\/wp\/v2\/news-source?post=1491"},{"taxonomy":"is_homepage","embeddable":true,"href":"https:\/\/www.gardaseezeitung.it\/gardaseezeitung_new\/de\/wp-json\/wp\/v2\/is_homepage?post=1491"},{"taxonomy":"ta_other","embeddable":true,"href":"https:\/\/www.gardaseezeitung.it\/gardaseezeitung_new\/de\/wp-json\/wp\/v2\/ta_other?post=1491"}],"curies":[{"name":"wp","href":"https:\/\/api.w.org\/{rel}","templated":true}]}}