{"id":14928,"date":"2023-09-08T00:28:49","date_gmt":"2023-09-07T22:28:49","guid":{"rendered":"http:\/\/euwps06.newsmemory.com\/gardaseezeitung_new\/de\/2023\/09\/07\/verona-8-september-diego-basso-sein-orchester-spielen-die-musik-von-queen\/"},"modified":"2023-09-08T00:28:54","modified_gmt":"2022-11-12T00:28:54","slug":"verona-8-september-diego-basso-sein-orchester-spielen-die-musik-von-queen","status":"publish","type":"post","link":"https:\/\/www.gardaseezeitung.it\/2023\/09\/08\/verona-8-september-diego-basso-sein-orchester-spielen-die-musik-von-queen\/","title":{"rendered":"Verona, 8. September: Diego Basso &amp; sein Orchester spielen die Musik von Queen"},"content":{"rendered":"<p>Am 8. September 2023, ab 21:30 Uhr, werden in der stimmungsvollen Kulisse des R\u00f6mischen Theaters in Verona die Lieder von Queen erklingen, um den Kampf gegen Multiple Sklerose zu unterst\u00fctzen. Maestro Diego Basso wird sein &#8222;Diego Basso Plays Queen&#8220; auff\u00fchren, eine weitere Etappe der Tournee, die der historischen Band von Freddie Mercury gewidmet ist. Gemeinsam mit ihm auf der B\u00fchne stehen das Italian Rhythmic Symphonic Orchestra und die Voices of Art Voice Academy: Manolo Soldera, Barbara Lorenzato, Lorenzo Menegazzo, Claudia Ferronato, Anna Danieli, Sonia Fontana, Giuseppe Lopizzo und die Opernstimme der Sopranistin Claudia Sasso. Besonderer Konzertgast ist Stef Burns, ein international bekannter Gitarrist.Zu den speziell f\u00fcr das Konzert ausgew\u00e4hlten Liedern geh\u00f6ren die Rockhymnen &#8222;Bohemian Rhapsody&#8220;, &#8222;We Will Rock You&#8220;, &#8222;We Are the Champions&#8220;, &#8222;Barcelona&#8220;, die Liebeslieder &#8222;Somebody to Love&#8220; und &#8222;These are the days of our lives&#8220; und &#8222;The Show Must Go On&#8220;.<\/p>\n<p>&nbsp;<\/p>\n","protected":false},"excerpt":{"rendered":"<p>Im r\u00f6mischen Theater ein Solidarit\u00e4tskonzert f\u00fcr den Kampf gegen Multiple Sklerose. Burns besonderer Gast<\/p>\n","protected":false},"author":9,"featured_media":14927,"comment_status":"open","ping_status":"open","sticky":false,"template":"","format":"standard","meta":[],"categories":[2,5],"tags":[],"news-destination":[],"news-source":[],"is_homepage":[],"ta_other":[],"featured_media_details":{"width":1024,"height":477,"file":"2023\/08\/basso.jpg","sizes":{"thumbnail":{"file":"basso-150x150.jpg","width":150,"height":150,"mime-type":"image\/jpeg","source_url":"https:\/\/www.gardaseezeitung.it\/gardaseezeitung_new\/de\/wp-content\/uploads\/sites\/2\/2023\/08\/basso-150x150.jpg"},"medium":{"file":"basso-300x140.jpg","width":300,"height":140,"mime-type":"image\/jpeg","source_url":"https:\/\/www.gardaseezeitung.it\/gardaseezeitung_new\/de\/wp-content\/uploads\/sites\/2\/2023\/08\/basso-300x140.jpg"},"medium_large":{"file":"basso-768x358.jpg","width":768,"height":358,"mime-type":"image\/jpeg","source_url":"https:\/\/www.gardaseezeitung.it\/gardaseezeitung_new\/de\/wp-content\/uploads\/sites\/2\/2023\/08\/basso-768x358.jpg"},"large":{"file":"basso-1024x477.jpg","width":1024,"height":477,"mime-type":"image\/jpeg","source_url":"https:\/\/www.gardaseezeitung.it\/gardaseezeitung_new\/de\/wp-content\/uploads\/sites\/2\/2023\/08\/basso-1024x477.jpg"},"big_image":{"file":"basso-750x349.jpg","width":750,"height":349,"mime-type":"image\/jpeg","source_url":"https:\/\/www.gardaseezeitung.it\/gardaseezeitung_new\/de\/wp-content\/uploads\/sites\/2\/2023\/08\/basso-750x349.jpg"},"guest-author-32":{"file":"basso-32x32.jpg","width":32,"height":32,"mime-type":"image\/jpeg","source_url":"https:\/\/www.gardaseezeitung.it\/gardaseezeitung_new\/de\/wp-content\/uploads\/sites\/2\/2023\/08\/basso-32x32.jpg"},"guest-author-50":{"file":"basso-50x50.jpg","width":50,"height":50,"mime-type":"image\/jpeg","source_url":"https:\/\/www.gardaseezeitung.it\/gardaseezeitung_new\/de\/wp-content\/uploads\/sites\/2\/2023\/08\/basso-50x50.jpg"},"guest-author-64":{"file":"basso-64x64.jpg","width":64,"height":64,"mime-type":"image\/jpeg","source_url":"https:\/\/www.gardaseezeitung.it\/gardaseezeitung_new\/de\/wp-content\/uploads\/sites\/2\/2023\/08\/basso-64x64.jpg"},"guest-author-96":{"file":"basso-96x96.jpg","width":96,"height":96,"mime-type":"image\/jpeg","source_url":"https:\/\/www.gardaseezeitung.it\/gardaseezeitung_new\/de\/wp-content\/uploads\/sites\/2\/2023\/08\/basso-96x96.jpg"},"guest-author-128":{"file":"basso-128x128.jpg","width":128,"height":128,"mime-type":"image\/jpeg","source_url":"https:\/\/www.gardaseezeitung.it\/gardaseezeitung_new\/de\/wp-content\/uploads\/sites\/2\/2023\/08\/basso-128x128.jpg"},"full":{"file":"basso.jpg","width":1024,"height":477,"mime_type":"","source_url":"https:\/\/www.gardaseezeitung.it\/gardaseezeitung_new\/de\/wp-content\/uploads\/sites\/2\/2023\/08\/basso.jpg"}},"image_meta":{"aperture":"0","credit":"","camera":"","caption":"","created_timestamp":"0","copyright":"","focal_length":"0","iso":"0","shutter_speed":"0","title":"","orientation":"1","keywords":[]}},"_links":{"self":[{"href":"https:\/\/www.gardaseezeitung.it\/gardaseezeitung_new\/de\/wp-json\/wp\/v2\/posts\/14928"}],"collection":[{"href":"https:\/\/www.gardaseezeitung.it\/gardaseezeitung_new\/de\/wp-json\/wp\/v2\/posts"}],"about":[{"href":"https:\/\/www.gardaseezeitung.it\/gardaseezeitung_new\/de\/wp-json\/wp\/v2\/types\/post"}],"author":[{"embeddable":true,"href":"https:\/\/www.gardaseezeitung.it\/gardaseezeitung_new\/de\/wp-json\/wp\/v2\/users\/9"}],"replies":[{"embeddable":true,"href":"https:\/\/www.gardaseezeitung.it\/gardaseezeitung_new\/de\/wp-json\/wp\/v2\/comments?post=14928"}],"version-history":[{"count":1,"href":"https:\/\/www.gardaseezeitung.it\/gardaseezeitung_new\/de\/wp-json\/wp\/v2\/posts\/14928\/revisions"}],"predecessor-version":[{"id":14929,"href":"https:\/\/www.gardaseezeitung.it\/gardaseezeitung_new\/de\/wp-json\/wp\/v2\/posts\/14928\/revisions\/14929"}],"wp:featuredmedia":[{"embeddable":true,"href":"https:\/\/www.gardaseezeitung.it\/gardaseezeitung_new\/de\/wp-json\/wp\/v2\/media\/14927"}],"wp:attachment":[{"href":"https:\/\/www.gardaseezeitung.it\/gardaseezeitung_new\/de\/wp-json\/wp\/v2\/media?parent=14928"}],"wp:term":[{"taxonomy":"category","embeddable":true,"href":"https:\/\/www.gardaseezeitung.it\/gardaseezeitung_new\/de\/wp-json\/wp\/v2\/categories?post=14928"},{"taxonomy":"post_tag","embeddable":true,"href":"https:\/\/www.gardaseezeitung.it\/gardaseezeitung_new\/de\/wp-json\/wp\/v2\/tags?post=14928"},{"taxonomy":"news-destination","embeddable":true,"href":"https:\/\/www.gardaseezeitung.it\/gardaseezeitung_new\/de\/wp-json\/wp\/v2\/news-destination?post=14928"},{"taxonomy":"news-source","embeddable":true,"href":"https:\/\/www.gardaseezeitung.it\/gardaseezeitung_new\/de\/wp-json\/wp\/v2\/news-source?post=14928"},{"taxonomy":"is_homepage","embeddable":true,"href":"https:\/\/www.gardaseezeitung.it\/gardaseezeitung_new\/de\/wp-json\/wp\/v2\/is_homepage?post=14928"},{"taxonomy":"ta_other","embeddable":true,"href":"https:\/\/www.gardaseezeitung.it\/gardaseezeitung_new\/de\/wp-json\/wp\/v2\/ta_other?post=14928"}],"curies":[{"name":"wp","href":"https:\/\/api.w.org\/{rel}","templated":true}]}}