{"id":14958,"date":"2023-09-02T12:00:34","date_gmt":"2023-09-02T10:00:34","guid":{"rendered":"http:\/\/euwps06.newsmemory.com\/gardaseezeitung_new\/de\/2023\/09\/02\/asmik-grogorian-kehrt-nach-italien-zurueck-und-gibt-sein-debuet-der-arena-di-verona\/"},"modified":"2023-09-02T13:23:51","modified_gmt":"2022-11-06T13:23:51","slug":"asmik-grogorian-kehrt-nach-italien-zurueck-und-gibt-sein-debuet-der-arena-di-verona","status":"publish","type":"post","link":"https:\/\/www.gardaseezeitung.it\/2023\/09\/02\/asmik-grogorian-kehrt-nach-italien-zurueck-und-gibt-sein-debuet-der-arena-di-verona\/","title":{"rendered":"Asmik Grigorian kehrt nach Italien zur\u00fcck und gibt sein Deb\u00fct in der Arena di Verona"},"content":{"rendered":"<p>Am Samstag, den 2. September, gibt Asmik Grigorian, einer der intensivsten und charismatischsten Darsteller der heutigen Opernszene, sein Deb\u00fct in der Arena di Verona. Sie wird als Madama Butterfly, Puccinis Meisterwerk, auf dem Spielplan des 100. Sommerfestivals in der Arena stehen. Die Inszenierung ist die mittlerweile historische von Franco Zeffirelli, der sie 2004 konzipierte und auch die B\u00fchnenbilder entwarf. Das Orchester der Arena Foundation wird von Daniel Oren dirigiert. Die Kost\u00fcme stammen von der Oscar-Preistr\u00e4gerin Emi Wada und die choreografischen Bewegungen von Maria Grazia Garofoli.<\/p>\n","protected":false},"excerpt":{"rendered":"<p>Am Samstag, den 2. September um 20.45 Uhr wird er die Hauptrolle in Madama Butterfly spielen <\/p>\n","protected":false},"author":9,"featured_media":14957,"comment_status":"open","ping_status":"open","sticky":false,"template":"","format":"standard","meta":[],"categories":[2,4,5,6],"tags":[36,4297,4178,489,23,26,1111,4179,4296,38],"news-destination":[],"news-source":[],"is_homepage":[],"ta_other":[],"featured_media_details":{"width":3648,"height":2432,"file":"2023\/09\/Asmik-Grigorian-by-Olivia-Kahler-min.jpg","sizes":{"thumbnail":{"file":"Asmik-Grigorian-by-Olivia-Kahler-min-150x150.jpg","width":150,"height":150,"mime-type":"image\/jpeg","source_url":"https:\/\/www.gardaseezeitung.it\/gardaseezeitung_new\/de\/wp-content\/uploads\/sites\/2\/2023\/09\/Asmik-Grigorian-by-Olivia-Kahler-min-150x150.jpg"},"medium":{"file":"Asmik-Grigorian-by-Olivia-Kahler-min-300x200.jpg","width":300,"height":200,"mime-type":"image\/jpeg","source_url":"https:\/\/www.gardaseezeitung.it\/gardaseezeitung_new\/de\/wp-content\/uploads\/sites\/2\/2023\/09\/Asmik-Grigorian-by-Olivia-Kahler-min-300x200.jpg"},"medium_large":{"file":"Asmik-Grigorian-by-Olivia-Kahler-min-768x512.jpg","width":768,"height":512,"mime-type":"image\/jpeg","source_url":"https:\/\/www.gardaseezeitung.it\/gardaseezeitung_new\/de\/wp-content\/uploads\/sites\/2\/2023\/09\/Asmik-Grigorian-by-Olivia-Kahler-min-768x512.jpg"},"large":{"file":"Asmik-Grigorian-by-Olivia-Kahler-min-1024x683.jpg","width":1024,"height":683,"mime-type":"image\/jpeg","source_url":"https:\/\/www.gardaseezeitung.it\/gardaseezeitung_new\/de\/wp-content\/uploads\/sites\/2\/2023\/09\/Asmik-Grigorian-by-Olivia-Kahler-min-1024x683.jpg"},"big_image":{"file":"Asmik-Grigorian-by-Olivia-Kahler-min-750x500.jpg","width":750,"height":500,"mime-type":"image\/jpeg","source_url":"https:\/\/www.gardaseezeitung.it\/gardaseezeitung_new\/de\/wp-content\/uploads\/sites\/2\/2023\/09\/Asmik-Grigorian-by-Olivia-Kahler-min-750x500.jpg"},"guest-author-32":{"file":"Asmik-Grigorian-by-Olivia-Kahler-min-32x32.jpg","width":32,"height":32,"mime-type":"image\/jpeg","source_url":"https:\/\/www.gardaseezeitung.it\/gardaseezeitung_new\/de\/wp-content\/uploads\/sites\/2\/2023\/09\/Asmik-Grigorian-by-Olivia-Kahler-min-32x32.jpg"},"guest-author-50":{"file":"Asmik-Grigorian-by-Olivia-Kahler-min-50x50.jpg","width":50,"height":50,"mime-type":"image\/jpeg","source_url":"https:\/\/www.gardaseezeitung.it\/gardaseezeitung_new\/de\/wp-content\/uploads\/sites\/2\/2023\/09\/Asmik-Grigorian-by-Olivia-Kahler-min-50x50.jpg"},"guest-author-64":{"file":"Asmik-Grigorian-by-Olivia-Kahler-min-64x64.jpg","width":64,"height":64,"mime-type":"image\/jpeg","source_url":"https:\/\/www.gardaseezeitung.it\/gardaseezeitung_new\/de\/wp-content\/uploads\/sites\/2\/2023\/09\/Asmik-Grigorian-by-Olivia-Kahler-min-64x64.jpg"},"guest-author-96":{"file":"Asmik-Grigorian-by-Olivia-Kahler-min-96x96.jpg","width":96,"height":96,"mime-type":"image\/jpeg","source_url":"https:\/\/www.gardaseezeitung.it\/gardaseezeitung_new\/de\/wp-content\/uploads\/sites\/2\/2023\/09\/Asmik-Grigorian-by-Olivia-Kahler-min-96x96.jpg"},"guest-author-128":{"file":"Asmik-Grigorian-by-Olivia-Kahler-min-128x128.jpg","width":128,"height":128,"mime-type":"image\/jpeg","source_url":"https:\/\/www.gardaseezeitung.it\/gardaseezeitung_new\/de\/wp-content\/uploads\/sites\/2\/2023\/09\/Asmik-Grigorian-by-Olivia-Kahler-min-128x128.jpg"},"full":{"file":"Asmik-Grigorian-by-Olivia-Kahler-min.jpg","width":3648,"height":2432,"mime_type":"","source_url":"https:\/\/www.gardaseezeitung.it\/gardaseezeitung_new\/de\/wp-content\/uploads\/sites\/2\/2023\/09\/Asmik-Grigorian-by-Olivia-Kahler-min.jpg"}},"image_meta":{"aperture":"0","credit":"","camera":"","caption":"","created_timestamp":"0","copyright":"","focal_length":"0","iso":"0","shutter_speed":"0","title":"","orientation":"0","keywords":[]}},"_links":{"self":[{"href":"https:\/\/www.gardaseezeitung.it\/gardaseezeitung_new\/de\/wp-json\/wp\/v2\/posts\/14958"}],"collection":[{"href":"https:\/\/www.gardaseezeitung.it\/gardaseezeitung_new\/de\/wp-json\/wp\/v2\/posts"}],"about":[{"href":"https:\/\/www.gardaseezeitung.it\/gardaseezeitung_new\/de\/wp-json\/wp\/v2\/types\/post"}],"author":[{"embeddable":true,"href":"https:\/\/www.gardaseezeitung.it\/gardaseezeitung_new\/de\/wp-json\/wp\/v2\/users\/9"}],"replies":[{"embeddable":true,"href":"https:\/\/www.gardaseezeitung.it\/gardaseezeitung_new\/de\/wp-json\/wp\/v2\/comments?post=14958"}],"version-history":[{"count":2,"href":"https:\/\/www.gardaseezeitung.it\/gardaseezeitung_new\/de\/wp-json\/wp\/v2\/posts\/14958\/revisions"}],"predecessor-version":[{"id":14965,"href":"https:\/\/www.gardaseezeitung.it\/gardaseezeitung_new\/de\/wp-json\/wp\/v2\/posts\/14958\/revisions\/14965"}],"wp:featuredmedia":[{"embeddable":true,"href":"https:\/\/www.gardaseezeitung.it\/gardaseezeitung_new\/de\/wp-json\/wp\/v2\/media\/14957"}],"wp:attachment":[{"href":"https:\/\/www.gardaseezeitung.it\/gardaseezeitung_new\/de\/wp-json\/wp\/v2\/media?parent=14958"}],"wp:term":[{"taxonomy":"category","embeddable":true,"href":"https:\/\/www.gardaseezeitung.it\/gardaseezeitung_new\/de\/wp-json\/wp\/v2\/categories?post=14958"},{"taxonomy":"post_tag","embeddable":true,"href":"https:\/\/www.gardaseezeitung.it\/gardaseezeitung_new\/de\/wp-json\/wp\/v2\/tags?post=14958"},{"taxonomy":"news-destination","embeddable":true,"href":"https:\/\/www.gardaseezeitung.it\/gardaseezeitung_new\/de\/wp-json\/wp\/v2\/news-destination?post=14958"},{"taxonomy":"news-source","embeddable":true,"href":"https:\/\/www.gardaseezeitung.it\/gardaseezeitung_new\/de\/wp-json\/wp\/v2\/news-source?post=14958"},{"taxonomy":"is_homepage","embeddable":true,"href":"https:\/\/www.gardaseezeitung.it\/gardaseezeitung_new\/de\/wp-json\/wp\/v2\/is_homepage?post=14958"},{"taxonomy":"ta_other","embeddable":true,"href":"https:\/\/www.gardaseezeitung.it\/gardaseezeitung_new\/de\/wp-json\/wp\/v2\/ta_other?post=14958"}],"curies":[{"name":"wp","href":"https:\/\/api.w.org\/{rel}","templated":true}]}}