{"id":1507,"date":"2016-03-21T19:06:16","date_gmt":"2016-03-21T19:06:16","guid":{"rendered":"http:\/\/euwp08.newsmemory.com\/gardaseezeitung_new\/de\/2016\/03\/21\/chocomusic-suse-versuchungen-in-riva-del-garda\/"},"modified":"2019-05-28T20:59:07","modified_gmt":"2019-05-28T20:59:07","slug":"chocomusic-suse-versuchungen-in-riva-del-garda","status":"publish","type":"post","link":"https:\/\/www.gardaseezeitung.it\/2016\/03\/21\/chocomusic-suse-versuchungen-in-riva-del-garda\/","title":{"rendered":"Chocomusic: s\u00fc\u00dfe Versuchungen in Riva del Garda"},"content":{"rendered":"<p style=\"text-align: justify\"><span style=\"text-align: justify\">Die Piazza Cesare Battisti wird zur B\u00fchne f\u00fcr die dritte Ausgabe dieses der Schokolade gewidmeten Events, im Laufe dessen die Chocolatiers die Besucher mit einem bunten und umfangreichen Programm erwarten.&nbsp;<\/span>Im Mittelpunkt steht nat\u00fcrlich die handwerklich zubereitete Schokolade.&nbsp;In einem Pavillon wird die \u201eSchokoladenfabrik&#8220; zu finden sein.&nbsp;Hier kann man mehr \u00fcber die einzelnen Phasen der Schokoladenherstellung erfahren \u2013 von der ger\u00f6steten Kakaobohne bis zur fertigen Praline. Die erwachsenen Besucher erwartet man zu einem Kurs, dank dem man mehr \u00fcber die Schokolade erfahren kann. Es ist eine Reise zu den Urspr\u00fcngen des Kakaos und der Schokolade, und dies mit direkten Informationen aus Lateinamerika und mit der M\u00f6glichkeit, selbst Pralinen herzustellen. Das ist aber noch nicht alles. Auch den kleinen Besuchern ist ein Bereich gewidmet. In einer \u201eSchoko-Werkstatt&#8220; k\u00f6nnen die kleinen Leckerm\u00e4uler selbst Schokopralinen herstellen. Das hierf\u00fcr notwendige Material (Sch\u00fcrzen, M\u00fctzen, Handschuhe und das \u201eWerkzeug&#8220; zur Verarbeitung der Schokolade) werden gestellt. Und dann erwartet man die Schoko-Fans auch noch zum Show-Cooking und nat\u00fcrlich zu Verk\u00f6stigungen.<\/p>\n<p style=\"text-align: justify\">Neben den s\u00fc\u00dfen Versuchungen hat man aber noch mehr geplant. Am Samstag, Sonntag und Montag werden auf dem Platz verschiedene Kammergruppen der Stadtkapelle Riva del Garda f\u00fcr musikalische Unterhaltung sorgen.<br \/>Weitere Infos: www.chocomoments.it. [KH]<\/p>\n","protected":false},"excerpt":{"rendered":"<p>Unter dem Motto \u201eChocomusic, Musik, f\u00fcr den Gaumen&#8220; l\u00e4dt man in Riva del Garda vom 25. bis zum 28. M\u00e4rz zu vier Tagen im Zeichen der s\u00fc\u00dfen Versuchungen.&nbsp;<\/p>\n","protected":false},"author":1,"featured_media":1508,"comment_status":"open","ping_status":"open","sticky":false,"template":"","format":"standard","meta":[],"categories":[6],"tags":[],"news-destination":[],"news-source":[],"is_homepage":[],"ta_other":[],"featured_media_details":{"width":1024,"height":683,"file":"2019\/05\/cd54b77367bf23415e65a6dfb011860d.jpg","sizes":{"thumbnail":{"file":"cd54b77367bf23415e65a6dfb011860d-150x150.jpg","width":150,"height":150,"mime-type":"image\/jpeg","source_url":"https:\/\/www.gardaseezeitung.it\/gardaseezeitung_new\/de\/wp-content\/uploads\/sites\/2\/2019\/05\/cd54b77367bf23415e65a6dfb011860d-150x150.jpg"},"medium":{"file":"cd54b77367bf23415e65a6dfb011860d-300x200.jpg","width":300,"height":200,"mime-type":"image\/jpeg","source_url":"https:\/\/www.gardaseezeitung.it\/gardaseezeitung_new\/de\/wp-content\/uploads\/sites\/2\/2019\/05\/cd54b77367bf23415e65a6dfb011860d-300x200.jpg"},"medium_large":{"file":"cd54b77367bf23415e65a6dfb011860d-768x512.jpg","width":768,"height":512,"mime-type":"image\/jpeg","source_url":"https:\/\/www.gardaseezeitung.it\/gardaseezeitung_new\/de\/wp-content\/uploads\/sites\/2\/2019\/05\/cd54b77367bf23415e65a6dfb011860d-768x512.jpg"},"large":{"file":"cd54b77367bf23415e65a6dfb011860d-1024x683.jpg","width":1024,"height":683,"mime-type":"image\/jpeg","source_url":"https:\/\/www.gardaseezeitung.it\/gardaseezeitung_new\/de\/wp-content\/uploads\/sites\/2\/2019\/05\/cd54b77367bf23415e65a6dfb011860d-1024x683.jpg"},"big_image":{"file":"cd54b77367bf23415e65a6dfb011860d-750x500.jpg","width":750,"height":500,"mime-type":"image\/jpeg","source_url":"https:\/\/www.gardaseezeitung.it\/gardaseezeitung_new\/de\/wp-content\/uploads\/sites\/2\/2019\/05\/cd54b77367bf23415e65a6dfb011860d-750x500.jpg"},"full":{"file":"cd54b77367bf23415e65a6dfb011860d.jpg","width":1024,"height":683,"mime_type":"","source_url":"https:\/\/www.gardaseezeitung.it\/gardaseezeitung_new\/de\/wp-content\/uploads\/sites\/2\/2019\/05\/cd54b77367bf23415e65a6dfb011860d.jpg"}},"image_meta":{"aperture":"0","credit":"","camera":"","caption":"","created_timestamp":"0","copyright":"","focal_length":"0","iso":"0","shutter_speed":"0","title":"","orientation":"0","keywords":[]}},"_links":{"self":[{"href":"https:\/\/www.gardaseezeitung.it\/gardaseezeitung_new\/de\/wp-json\/wp\/v2\/posts\/1507"}],"collection":[{"href":"https:\/\/www.gardaseezeitung.it\/gardaseezeitung_new\/de\/wp-json\/wp\/v2\/posts"}],"about":[{"href":"https:\/\/www.gardaseezeitung.it\/gardaseezeitung_new\/de\/wp-json\/wp\/v2\/types\/post"}],"author":[{"embeddable":true,"href":"https:\/\/www.gardaseezeitung.it\/gardaseezeitung_new\/de\/wp-json\/wp\/v2\/users\/1"}],"replies":[{"embeddable":true,"href":"https:\/\/www.gardaseezeitung.it\/gardaseezeitung_new\/de\/wp-json\/wp\/v2\/comments?post=1507"}],"version-history":[{"count":0,"href":"https:\/\/www.gardaseezeitung.it\/gardaseezeitung_new\/de\/wp-json\/wp\/v2\/posts\/1507\/revisions"}],"wp:featuredmedia":[{"embeddable":true,"href":"https:\/\/www.gardaseezeitung.it\/gardaseezeitung_new\/de\/wp-json\/wp\/v2\/media\/1508"}],"wp:attachment":[{"href":"https:\/\/www.gardaseezeitung.it\/gardaseezeitung_new\/de\/wp-json\/wp\/v2\/media?parent=1507"}],"wp:term":[{"taxonomy":"category","embeddable":true,"href":"https:\/\/www.gardaseezeitung.it\/gardaseezeitung_new\/de\/wp-json\/wp\/v2\/categories?post=1507"},{"taxonomy":"post_tag","embeddable":true,"href":"https:\/\/www.gardaseezeitung.it\/gardaseezeitung_new\/de\/wp-json\/wp\/v2\/tags?post=1507"},{"taxonomy":"news-destination","embeddable":true,"href":"https:\/\/www.gardaseezeitung.it\/gardaseezeitung_new\/de\/wp-json\/wp\/v2\/news-destination?post=1507"},{"taxonomy":"news-source","embeddable":true,"href":"https:\/\/www.gardaseezeitung.it\/gardaseezeitung_new\/de\/wp-json\/wp\/v2\/news-source?post=1507"},{"taxonomy":"is_homepage","embeddable":true,"href":"https:\/\/www.gardaseezeitung.it\/gardaseezeitung_new\/de\/wp-json\/wp\/v2\/is_homepage?post=1507"},{"taxonomy":"ta_other","embeddable":true,"href":"https:\/\/www.gardaseezeitung.it\/gardaseezeitung_new\/de\/wp-json\/wp\/v2\/ta_other?post=1507"}],"curies":[{"name":"wp","href":"https:\/\/api.w.org\/{rel}","templated":true}]}}