{"id":15080,"date":"2023-10-12T12:33:36","date_gmt":"2023-10-12T10:33:36","guid":{"rendered":"http:\/\/euwps06.newsmemory.com\/gardaseezeitung_new\/de\/2023\/10\/11\/warmes-und-schoenes-wetter-ausverkauftes-wochenende-gardasee\/"},"modified":"2023-10-12T12:33:39","modified_gmt":"2022-12-16T12:33:39","slug":"warmes-und-schoenes-wetter-ausverkauftes-wochenende-gardasee","status":"publish","type":"post","link":"https:\/\/www.gardaseezeitung.it\/2023\/10\/12\/warmes-und-schoenes-wetter-ausverkauftes-wochenende-gardasee\/","title":{"rendered":"Warmes und sch\u00f6nes Wetter: ausverkauftes Wochenende am Gardasee"},"content":{"rendered":"<p>Neben einem vollen Haus von Touristen im Zentrum von Verona gab es am vergangenen Wochenende viel Verkehr, volle Parkpl\u00e4tze, voll besetzte Tische in den Clubs, Warteschlangen vor den Eisdielen oder um an Bord des Navigarda-Boots zu gehen. Es gab aber auch diejenigen, die das sch\u00f6ne Wetter und die hohen Temperaturen (\u00fcber 26 Grad) nutzten, um sich zu sonnen und zu schwimmen, als ob es Juni w\u00e4re. Schon seit einiger Zeit h\u00e4lt der Oktober einige sch\u00f6ne \u00dcberraschungen f\u00fcr die Reiseveranstalter bereit und man hat den Eindruck, dass jedes Jahr das vorherige \u00fcbertrifft. Das volle Haus hat alle D\u00f6rfer am Gardasee gepr\u00e4gt, vom unteren bis zum oberen See, ohne das Hinterland auszuschlie\u00dfen. Ein Beispiel daf\u00fcr war vor allem der Parco Giardino Sigurt\u00e0 in Valeggio sul Mincio, der dank der Initiativen, die sich an Kinder und Familien richten, von morgens bis zum fr\u00fchen Nachmittag mit einem ununterbrochenen Strom von Besuchern gef\u00fcllt war. In Peschiera, wo der Triathlon stattfand, herrschte gro\u00dfer Andrang, auch zu Fu\u00df, w\u00e4hrend in Lazise die 44. Ausgabe der Honigmesse. &#8222;Es war eine sehr positive Woche, heute ist der See voll und es gibt immer noch Leute, die schwimmen, sogar im Pool meines Hotels&#8220;, berichten die Hoteliers von Lazise. &#8222;In diesen ersten acht Oktobertagen hatten wir eine Auslastung von etwa 80-90 Prozent, von heute bis zum n\u00e4chsten Sonntag fallen wir auf 60-70 und erst nach dem 15. Oktober erwarten wir einen R\u00fcckgang.&#8220; Weiter im Norden sieht das Szenario nicht anders aus. Zufrieden sind die Betreiber des Lido Cisano, das wie an den letzten Sonntagen zum Mittagessen ausverkauft war, sowie die Hoteliers des oberen Sees. Die Buchungen kommen Woche f\u00fcr Woche, je nach Wetterlage. Es sind vor allem ausl\u00e4ndische Touristen, allen voran Deutsche und \u00d6sterreicher, die die Gegend sowohl wegen des Sees als auch f\u00fcr Bergwanderungen w\u00e4hlen. Auch die Seilbahn Malcesine-Monte Baldo l\u00e4uft sehr gut.<\/p>\n<p>&nbsp;<\/p>\n","protected":false},"excerpt":{"rendered":"<p>Neben einem vollen Haus von Touristen im Zentrum von Verona gab es am vergangenen Wochenende viel Verkehr, volle Parkpl\u00e4tze, voll besetzte Tische in den Clubs, Warteschlangen vor den Eisdielen oder um an Bord des Navigarda-Boots zu gehen<\/p>\n","protected":false},"author":9,"featured_media":15079,"comment_status":"open","ping_status":"open","sticky":false,"template":"","format":"standard","meta":[],"categories":[2,3],"tags":[155,23,26,343,170,128,1391,4413,552],"news-destination":[],"news-source":[],"is_homepage":[],"ta_other":[],"featured_media_details":{"width":1024,"height":627,"file":"2023\/10\/spiaggiavvWWW.jpg","sizes":{"thumbnail":{"file":"spiaggiavvWWW-150x150.jpg","width":150,"height":150,"mime-type":"image\/jpeg","source_url":"https:\/\/www.gardaseezeitung.it\/gardaseezeitung_new\/de\/wp-content\/uploads\/sites\/2\/2023\/10\/spiaggiavvWWW-150x150.jpg"},"medium":{"file":"spiaggiavvWWW-300x184.jpg","width":300,"height":184,"mime-type":"image\/jpeg","source_url":"https:\/\/www.gardaseezeitung.it\/gardaseezeitung_new\/de\/wp-content\/uploads\/sites\/2\/2023\/10\/spiaggiavvWWW-300x184.jpg"},"medium_large":{"file":"spiaggiavvWWW-768x470.jpg","width":768,"height":470,"mime-type":"image\/jpeg","source_url":"https:\/\/www.gardaseezeitung.it\/gardaseezeitung_new\/de\/wp-content\/uploads\/sites\/2\/2023\/10\/spiaggiavvWWW-768x470.jpg"},"large":{"file":"spiaggiavvWWW-1024x627.jpg","width":1024,"height":627,"mime-type":"image\/jpeg","source_url":"https:\/\/www.gardaseezeitung.it\/gardaseezeitung_new\/de\/wp-content\/uploads\/sites\/2\/2023\/10\/spiaggiavvWWW-1024x627.jpg"},"big_image":{"file":"spiaggiavvWWW-750x459.jpg","width":750,"height":459,"mime-type":"image\/jpeg","source_url":"https:\/\/www.gardaseezeitung.it\/gardaseezeitung_new\/de\/wp-content\/uploads\/sites\/2\/2023\/10\/spiaggiavvWWW-750x459.jpg"},"guest-author-32":{"file":"spiaggiavvWWW-32x32.jpg","width":32,"height":32,"mime-type":"image\/jpeg","source_url":"https:\/\/www.gardaseezeitung.it\/gardaseezeitung_new\/de\/wp-content\/uploads\/sites\/2\/2023\/10\/spiaggiavvWWW-32x32.jpg"},"guest-author-50":{"file":"spiaggiavvWWW-50x50.jpg","width":50,"height":50,"mime-type":"image\/jpeg","source_url":"https:\/\/www.gardaseezeitung.it\/gardaseezeitung_new\/de\/wp-content\/uploads\/sites\/2\/2023\/10\/spiaggiavvWWW-50x50.jpg"},"guest-author-64":{"file":"spiaggiavvWWW-64x64.jpg","width":64,"height":64,"mime-type":"image\/jpeg","source_url":"https:\/\/www.gardaseezeitung.it\/gardaseezeitung_new\/de\/wp-content\/uploads\/sites\/2\/2023\/10\/spiaggiavvWWW-64x64.jpg"},"guest-author-96":{"file":"spiaggiavvWWW-96x96.jpg","width":96,"height":96,"mime-type":"image\/jpeg","source_url":"https:\/\/www.gardaseezeitung.it\/gardaseezeitung_new\/de\/wp-content\/uploads\/sites\/2\/2023\/10\/spiaggiavvWWW-96x96.jpg"},"guest-author-128":{"file":"spiaggiavvWWW-128x128.jpg","width":128,"height":128,"mime-type":"image\/jpeg","source_url":"https:\/\/www.gardaseezeitung.it\/gardaseezeitung_new\/de\/wp-content\/uploads\/sites\/2\/2023\/10\/spiaggiavvWWW-128x128.jpg"},"full":{"file":"spiaggiavvWWW.jpg","width":1024,"height":627,"mime_type":"","source_url":"https:\/\/www.gardaseezeitung.it\/gardaseezeitung_new\/de\/wp-content\/uploads\/sites\/2\/2023\/10\/spiaggiavvWWW.jpg"}},"image_meta":{"aperture":"0","credit":"","camera":"","caption":"","created_timestamp":"0","copyright":"","focal_length":"0","iso":"0","shutter_speed":"0","title":"","orientation":"0","keywords":[]}},"_links":{"self":[{"href":"https:\/\/www.gardaseezeitung.it\/gardaseezeitung_new\/de\/wp-json\/wp\/v2\/posts\/15080"}],"collection":[{"href":"https:\/\/www.gardaseezeitung.it\/gardaseezeitung_new\/de\/wp-json\/wp\/v2\/posts"}],"about":[{"href":"https:\/\/www.gardaseezeitung.it\/gardaseezeitung_new\/de\/wp-json\/wp\/v2\/types\/post"}],"author":[{"embeddable":true,"href":"https:\/\/www.gardaseezeitung.it\/gardaseezeitung_new\/de\/wp-json\/wp\/v2\/users\/9"}],"replies":[{"embeddable":true,"href":"https:\/\/www.gardaseezeitung.it\/gardaseezeitung_new\/de\/wp-json\/wp\/v2\/comments?post=15080"}],"version-history":[{"count":2,"href":"https:\/\/www.gardaseezeitung.it\/gardaseezeitung_new\/de\/wp-json\/wp\/v2\/posts\/15080\/revisions"}],"predecessor-version":[{"id":15082,"href":"https:\/\/www.gardaseezeitung.it\/gardaseezeitung_new\/de\/wp-json\/wp\/v2\/posts\/15080\/revisions\/15082"}],"wp:featuredmedia":[{"embeddable":true,"href":"https:\/\/www.gardaseezeitung.it\/gardaseezeitung_new\/de\/wp-json\/wp\/v2\/media\/15079"}],"wp:attachment":[{"href":"https:\/\/www.gardaseezeitung.it\/gardaseezeitung_new\/de\/wp-json\/wp\/v2\/media?parent=15080"}],"wp:term":[{"taxonomy":"category","embeddable":true,"href":"https:\/\/www.gardaseezeitung.it\/gardaseezeitung_new\/de\/wp-json\/wp\/v2\/categories?post=15080"},{"taxonomy":"post_tag","embeddable":true,"href":"https:\/\/www.gardaseezeitung.it\/gardaseezeitung_new\/de\/wp-json\/wp\/v2\/tags?post=15080"},{"taxonomy":"news-destination","embeddable":true,"href":"https:\/\/www.gardaseezeitung.it\/gardaseezeitung_new\/de\/wp-json\/wp\/v2\/news-destination?post=15080"},{"taxonomy":"news-source","embeddable":true,"href":"https:\/\/www.gardaseezeitung.it\/gardaseezeitung_new\/de\/wp-json\/wp\/v2\/news-source?post=15080"},{"taxonomy":"is_homepage","embeddable":true,"href":"https:\/\/www.gardaseezeitung.it\/gardaseezeitung_new\/de\/wp-json\/wp\/v2\/is_homepage?post=15080"},{"taxonomy":"ta_other","embeddable":true,"href":"https:\/\/www.gardaseezeitung.it\/gardaseezeitung_new\/de\/wp-json\/wp\/v2\/ta_other?post=15080"}],"curies":[{"name":"wp","href":"https:\/\/api.w.org\/{rel}","templated":true}]}}