{"id":15089,"date":"2023-10-14T12:38:11","date_gmt":"2023-10-14T10:38:11","guid":{"rendered":"http:\/\/euwps06.newsmemory.com\/gardaseezeitung_new\/de\/2023\/10\/14\/oesterreichs-transitverbot-fuer-lkw-brennerpass-die-italienische-regierung-wird-vor-dem-eu-gerichtshof-klagen\/"},"modified":"2023-10-14T12:40:16","modified_gmt":"2022-12-18T12:40:16","slug":"oesterreichs-transitverbot-fuer-lkw-brennerpass-die-italienische-regierung-wird-vor-dem-eu-gerichtshof-klagen","status":"publish","type":"post","link":"https:\/\/www.gardaseezeitung.it\/2023\/10\/14\/oesterreichs-transitverbot-fuer-lkw-brennerpass-die-italienische-regierung-wird-vor-dem-eu-gerichtshof-klagen\/","title":{"rendered":"\u00d6sterreichs Transitverbot f\u00fcr Lkw am Brennerpass: Die italienische Regierung wird vor dem EU-Gerichtshof klagen"},"content":{"rendered":"<p>In der Wallfahrtskirche Madonna del Frassino fand die traditionelle Feier der italienischen G\u00fcterkraftverkehrsunternehmen statt, bei der auch die Probleme der Kategorie angesprochen wurden. Vor allem zwei: der mittlerweile chronische Mangel an Arbeitskr\u00e4ften und vor allem die Verbote auf den Alpenp\u00e4ssen, wobei die Brennerfrage im Vordergrund stand. Im zweiten Jahr zog das Festival nach Peschiera um, da das Gel\u00e4nde in der N\u00e4he des Heiligtums von Christus der Stra\u00dfe in Brentino Belluno, dem historischen Hauptsitz, unbewohnbar ist. Der G\u00fcterverkehr durchl\u00e4uft in ganz Europa eine Krise mit einem drastischen Nachfrager\u00fcckgang, was zu einem unvermeidlichen Anstieg der Kosten und des Wettbewerbs f\u00fchrt, auch aufgrund der von \u00d6sterreich auferlegten Beschr\u00e4nkungen: Das Transitverbot f\u00fcr LKW am Brennerpass ist nach Ansicht der Spediteure inakzeptabel. Offenbar hat die italienische Regierung in dieser Angelegenheit eine klare Haltung eingenommen und ihre Entscheidung bekannt gegeben, offiziell das Berufungsverfahren vor dem Europ\u00e4ischen Gerichtshof einzuleiten.<\/p>\n","protected":false},"excerpt":{"rendered":"<p>In der Wallfahrtskirche Madonna del Frassino fand die traditionelle Feier der italienischen G\u00fcterkraftverkehrsunternehmen statt<\/p>\n","protected":false},"author":9,"featured_media":15088,"comment_status":"open","ping_status":"open","sticky":false,"template":"","format":"standard","meta":[],"categories":[2,4],"tags":[364,2227,4414,23,26,4415,679,765],"news-destination":[],"news-source":[],"is_homepage":[],"ta_other":[],"featured_media_details":{"width":1280,"height":856,"file":"2023\/10\/ponteeuropa.jpg","sizes":{"thumbnail":{"file":"ponteeuropa-150x150.jpg","width":150,"height":150,"mime-type":"image\/jpeg","source_url":"https:\/\/www.gardaseezeitung.it\/gardaseezeitung_new\/de\/wp-content\/uploads\/sites\/2\/2023\/10\/ponteeuropa-150x150.jpg"},"medium":{"file":"ponteeuropa-300x201.jpg","width":300,"height":201,"mime-type":"image\/jpeg","source_url":"https:\/\/www.gardaseezeitung.it\/gardaseezeitung_new\/de\/wp-content\/uploads\/sites\/2\/2023\/10\/ponteeuropa-300x201.jpg"},"medium_large":{"file":"ponteeuropa-768x514.jpg","width":768,"height":514,"mime-type":"image\/jpeg","source_url":"https:\/\/www.gardaseezeitung.it\/gardaseezeitung_new\/de\/wp-content\/uploads\/sites\/2\/2023\/10\/ponteeuropa-768x514.jpg"},"large":{"file":"ponteeuropa-1024x685.jpg","width":1024,"height":685,"mime-type":"image\/jpeg","source_url":"https:\/\/www.gardaseezeitung.it\/gardaseezeitung_new\/de\/wp-content\/uploads\/sites\/2\/2023\/10\/ponteeuropa-1024x685.jpg"},"big_image":{"file":"ponteeuropa-750x502.jpg","width":750,"height":502,"mime-type":"image\/jpeg","source_url":"https:\/\/www.gardaseezeitung.it\/gardaseezeitung_new\/de\/wp-content\/uploads\/sites\/2\/2023\/10\/ponteeuropa-750x502.jpg"},"guest-author-32":{"file":"ponteeuropa-32x32.jpg","width":32,"height":32,"mime-type":"image\/jpeg","source_url":"https:\/\/www.gardaseezeitung.it\/gardaseezeitung_new\/de\/wp-content\/uploads\/sites\/2\/2023\/10\/ponteeuropa-32x32.jpg"},"guest-author-50":{"file":"ponteeuropa-50x50.jpg","width":50,"height":50,"mime-type":"image\/jpeg","source_url":"https:\/\/www.gardaseezeitung.it\/gardaseezeitung_new\/de\/wp-content\/uploads\/sites\/2\/2023\/10\/ponteeuropa-50x50.jpg"},"guest-author-64":{"file":"ponteeuropa-64x64.jpg","width":64,"height":64,"mime-type":"image\/jpeg","source_url":"https:\/\/www.gardaseezeitung.it\/gardaseezeitung_new\/de\/wp-content\/uploads\/sites\/2\/2023\/10\/ponteeuropa-64x64.jpg"},"guest-author-96":{"file":"ponteeuropa-96x96.jpg","width":96,"height":96,"mime-type":"image\/jpeg","source_url":"https:\/\/www.gardaseezeitung.it\/gardaseezeitung_new\/de\/wp-content\/uploads\/sites\/2\/2023\/10\/ponteeuropa-96x96.jpg"},"guest-author-128":{"file":"ponteeuropa-128x128.jpg","width":128,"height":128,"mime-type":"image\/jpeg","source_url":"https:\/\/www.gardaseezeitung.it\/gardaseezeitung_new\/de\/wp-content\/uploads\/sites\/2\/2023\/10\/ponteeuropa-128x128.jpg"},"full":{"file":"ponteeuropa.jpg","width":1280,"height":856,"mime_type":"","source_url":"https:\/\/www.gardaseezeitung.it\/gardaseezeitung_new\/de\/wp-content\/uploads\/sites\/2\/2023\/10\/ponteeuropa.jpg"}},"image_meta":{"aperture":"0","credit":"","camera":"","caption":"","created_timestamp":"0","copyright":"","focal_length":"0","iso":"0","shutter_speed":"0","title":"","orientation":"1","keywords":[]}},"_links":{"self":[{"href":"https:\/\/www.gardaseezeitung.it\/gardaseezeitung_new\/de\/wp-json\/wp\/v2\/posts\/15089"}],"collection":[{"href":"https:\/\/www.gardaseezeitung.it\/gardaseezeitung_new\/de\/wp-json\/wp\/v2\/posts"}],"about":[{"href":"https:\/\/www.gardaseezeitung.it\/gardaseezeitung_new\/de\/wp-json\/wp\/v2\/types\/post"}],"author":[{"embeddable":true,"href":"https:\/\/www.gardaseezeitung.it\/gardaseezeitung_new\/de\/wp-json\/wp\/v2\/users\/9"}],"replies":[{"embeddable":true,"href":"https:\/\/www.gardaseezeitung.it\/gardaseezeitung_new\/de\/wp-json\/wp\/v2\/comments?post=15089"}],"version-history":[{"count":1,"href":"https:\/\/www.gardaseezeitung.it\/gardaseezeitung_new\/de\/wp-json\/wp\/v2\/posts\/15089\/revisions"}],"predecessor-version":[{"id":15090,"href":"https:\/\/www.gardaseezeitung.it\/gardaseezeitung_new\/de\/wp-json\/wp\/v2\/posts\/15089\/revisions\/15090"}],"wp:featuredmedia":[{"embeddable":true,"href":"https:\/\/www.gardaseezeitung.it\/gardaseezeitung_new\/de\/wp-json\/wp\/v2\/media\/15088"}],"wp:attachment":[{"href":"https:\/\/www.gardaseezeitung.it\/gardaseezeitung_new\/de\/wp-json\/wp\/v2\/media?parent=15089"}],"wp:term":[{"taxonomy":"category","embeddable":true,"href":"https:\/\/www.gardaseezeitung.it\/gardaseezeitung_new\/de\/wp-json\/wp\/v2\/categories?post=15089"},{"taxonomy":"post_tag","embeddable":true,"href":"https:\/\/www.gardaseezeitung.it\/gardaseezeitung_new\/de\/wp-json\/wp\/v2\/tags?post=15089"},{"taxonomy":"news-destination","embeddable":true,"href":"https:\/\/www.gardaseezeitung.it\/gardaseezeitung_new\/de\/wp-json\/wp\/v2\/news-destination?post=15089"},{"taxonomy":"news-source","embeddable":true,"href":"https:\/\/www.gardaseezeitung.it\/gardaseezeitung_new\/de\/wp-json\/wp\/v2\/news-source?post=15089"},{"taxonomy":"is_homepage","embeddable":true,"href":"https:\/\/www.gardaseezeitung.it\/gardaseezeitung_new\/de\/wp-json\/wp\/v2\/is_homepage?post=15089"},{"taxonomy":"ta_other","embeddable":true,"href":"https:\/\/www.gardaseezeitung.it\/gardaseezeitung_new\/de\/wp-json\/wp\/v2\/ta_other?post=15089"}],"curies":[{"name":"wp","href":"https:\/\/api.w.org\/{rel}","templated":true}]}}