{"id":15090,"date":"2023-10-18T16:44:55","date_gmt":"2023-10-18T14:44:55","guid":{"rendered":"http:\/\/euwps05.newsmemory.com\/gardaseezeitung_new\/de\/2023\/10\/18\/verona-linda-carrara-mit-dem-premio-casarini-ausgezeichnet\/"},"modified":"2023-10-18T16:44:59","modified_gmt":"2022-12-22T16:44:59","slug":"verona-linda-carrara-mit-dem-premio-casarini-ausgezeichnet","status":"publish","type":"post","link":"https:\/\/www.gardaseezeitung.it\/2023\/10\/18\/verona-linda-carrara-mit-dem-premio-casarini-ausgezeichnet\/","title":{"rendered":"Verona: Linda Carrara mit dem Premio Casarini ausgezeichnet"},"content":{"rendered":"<p>Linda Carrara wurde vor wenigen Tagen mit dem Preis \u201eCasarini Due Torri\u201c ausgezeichnet. Bei dem Preis, der im Rahmen einer Zusammenarbeit der Gruppe Duetorrihotels und ArtVerona ins Leben gerufen wurde, ist der Kauf eines Kunstwerkes vorgesehen, das sich durch die Sprache der Malerei ausdr\u00fcckt. Ziel ist es, mit dem Preis an Pino Casarini zu erinnern. Casarini ist der K\u00fcnstler, der die Fresken im Due Torri Hotel schuf. Gleichzeitig m\u00f6chte die Gruppe mit dieser Initiative das Talent der jungen K\u00fcnstler-Generation f\u00f6rdern und ihr mehr Sichtbarkeit verleihen.Die Jury pr\u00e4mierte das Werk von Linda Carrara \u201eD\u2019Inverno, lo stagno\u201c (Im Winter, der Teich &#8211; 2022). In ihrer Motivation hob die Jury hervor, dass die K\u00fcnstlerin \u201emit einer Geste von gro\u00dfer Vitalit\u00e4t das Gem\u00e4lde kratzt und modelliert und ihm einige Elemente der Dreidimensionalit\u00e4t zur\u00fcckerstattet, wie zum Beispiel die im Vordergrund gemalte \u00c4hre, die einen vibrierenden Effekt der Atmosph\u00e4re erzeugt. Die \u00dcberschneidung verschiedener Visionen f\u00fchrt den Betrachter zur\u00fcck zur Ver\u00e4nderlichkeit der Realit\u00e4t, l\u00e4sst ihn in die Natur eintauchen und ihn zu einem Teil von ihr machen.\u201cDas Bild ist zusammen mit den in den vergangenen Jahren pr\u00e4mierten Gem\u00e4lden im Due Torri ausgestellt.<\/p>\n","protected":false},"excerpt":{"rendered":"<p>Linda Carrara wurde vor wenigen Tagen mit dem Preis \u201eCasarini Due Torri\u201c ausgezeichnet. <\/p>\n","protected":false},"author":9,"featured_media":15089,"comment_status":"open","ping_status":"open","sticky":false,"template":"","format":"standard","meta":[],"categories":[2],"tags":[4420,4421,695,23,26,4422,4423,4424,38],"news-destination":[],"news-source":[],"is_homepage":[],"ta_other":[],"featured_media_details":{"width":1449,"height":1080,"file":"2023\/10\/casarini02.jpg","sizes":{"thumbnail":{"file":"casarini02-150x150.jpg","width":150,"height":150,"mime-type":"image\/jpeg","source_url":"https:\/\/www.gardaseezeitung.it\/gardaseezeitung_new\/de\/wp-content\/uploads\/sites\/2\/2023\/10\/casarini02-150x150.jpg"},"medium":{"file":"casarini02-300x224.jpg","width":300,"height":224,"mime-type":"image\/jpeg","source_url":"https:\/\/www.gardaseezeitung.it\/gardaseezeitung_new\/de\/wp-content\/uploads\/sites\/2\/2023\/10\/casarini02-300x224.jpg"},"medium_large":{"file":"casarini02-768x572.jpg","width":768,"height":572,"mime-type":"image\/jpeg","source_url":"https:\/\/www.gardaseezeitung.it\/gardaseezeitung_new\/de\/wp-content\/uploads\/sites\/2\/2023\/10\/casarini02-768x572.jpg"},"large":{"file":"casarini02-1024x763.jpg","width":1024,"height":763,"mime-type":"image\/jpeg","source_url":"https:\/\/www.gardaseezeitung.it\/gardaseezeitung_new\/de\/wp-content\/uploads\/sites\/2\/2023\/10\/casarini02-1024x763.jpg"},"big_image":{"file":"casarini02-750x559.jpg","width":750,"height":559,"mime-type":"image\/jpeg","source_url":"https:\/\/www.gardaseezeitung.it\/gardaseezeitung_new\/de\/wp-content\/uploads\/sites\/2\/2023\/10\/casarini02-750x559.jpg"},"guest-author-32":{"file":"casarini02-32x32.jpg","width":32,"height":32,"mime-type":"image\/jpeg","source_url":"https:\/\/www.gardaseezeitung.it\/gardaseezeitung_new\/de\/wp-content\/uploads\/sites\/2\/2023\/10\/casarini02-32x32.jpg"},"guest-author-50":{"file":"casarini02-50x50.jpg","width":50,"height":50,"mime-type":"image\/jpeg","source_url":"https:\/\/www.gardaseezeitung.it\/gardaseezeitung_new\/de\/wp-content\/uploads\/sites\/2\/2023\/10\/casarini02-50x50.jpg"},"guest-author-64":{"file":"casarini02-64x64.jpg","width":64,"height":64,"mime-type":"image\/jpeg","source_url":"https:\/\/www.gardaseezeitung.it\/gardaseezeitung_new\/de\/wp-content\/uploads\/sites\/2\/2023\/10\/casarini02-64x64.jpg"},"guest-author-96":{"file":"casarini02-96x96.jpg","width":96,"height":96,"mime-type":"image\/jpeg","source_url":"https:\/\/www.gardaseezeitung.it\/gardaseezeitung_new\/de\/wp-content\/uploads\/sites\/2\/2023\/10\/casarini02-96x96.jpg"},"guest-author-128":{"file":"casarini02-128x128.jpg","width":128,"height":128,"mime-type":"image\/jpeg","source_url":"https:\/\/www.gardaseezeitung.it\/gardaseezeitung_new\/de\/wp-content\/uploads\/sites\/2\/2023\/10\/casarini02-128x128.jpg"},"full":{"file":"casarini02.jpg","width":1449,"height":1080,"mime_type":"","source_url":"https:\/\/www.gardaseezeitung.it\/gardaseezeitung_new\/de\/wp-content\/uploads\/sites\/2\/2023\/10\/casarini02.jpg"}},"image_meta":{"aperture":"0","credit":"","camera":"","caption":"","created_timestamp":"0","copyright":"","focal_length":"0","iso":"0","shutter_speed":"0","title":"","orientation":"1","keywords":[]}},"_links":{"self":[{"href":"https:\/\/www.gardaseezeitung.it\/gardaseezeitung_new\/de\/wp-json\/wp\/v2\/posts\/15090"}],"collection":[{"href":"https:\/\/www.gardaseezeitung.it\/gardaseezeitung_new\/de\/wp-json\/wp\/v2\/posts"}],"about":[{"href":"https:\/\/www.gardaseezeitung.it\/gardaseezeitung_new\/de\/wp-json\/wp\/v2\/types\/post"}],"author":[{"embeddable":true,"href":"https:\/\/www.gardaseezeitung.it\/gardaseezeitung_new\/de\/wp-json\/wp\/v2\/users\/9"}],"replies":[{"embeddable":true,"href":"https:\/\/www.gardaseezeitung.it\/gardaseezeitung_new\/de\/wp-json\/wp\/v2\/comments?post=15090"}],"version-history":[{"count":1,"href":"https:\/\/www.gardaseezeitung.it\/gardaseezeitung_new\/de\/wp-json\/wp\/v2\/posts\/15090\/revisions"}],"predecessor-version":[{"id":15091,"href":"https:\/\/www.gardaseezeitung.it\/gardaseezeitung_new\/de\/wp-json\/wp\/v2\/posts\/15090\/revisions\/15091"}],"wp:featuredmedia":[{"embeddable":true,"href":"https:\/\/www.gardaseezeitung.it\/gardaseezeitung_new\/de\/wp-json\/wp\/v2\/media\/15089"}],"wp:attachment":[{"href":"https:\/\/www.gardaseezeitung.it\/gardaseezeitung_new\/de\/wp-json\/wp\/v2\/media?parent=15090"}],"wp:term":[{"taxonomy":"category","embeddable":true,"href":"https:\/\/www.gardaseezeitung.it\/gardaseezeitung_new\/de\/wp-json\/wp\/v2\/categories?post=15090"},{"taxonomy":"post_tag","embeddable":true,"href":"https:\/\/www.gardaseezeitung.it\/gardaseezeitung_new\/de\/wp-json\/wp\/v2\/tags?post=15090"},{"taxonomy":"news-destination","embeddable":true,"href":"https:\/\/www.gardaseezeitung.it\/gardaseezeitung_new\/de\/wp-json\/wp\/v2\/news-destination?post=15090"},{"taxonomy":"news-source","embeddable":true,"href":"https:\/\/www.gardaseezeitung.it\/gardaseezeitung_new\/de\/wp-json\/wp\/v2\/news-source?post=15090"},{"taxonomy":"is_homepage","embeddable":true,"href":"https:\/\/www.gardaseezeitung.it\/gardaseezeitung_new\/de\/wp-json\/wp\/v2\/is_homepage?post=15090"},{"taxonomy":"ta_other","embeddable":true,"href":"https:\/\/www.gardaseezeitung.it\/gardaseezeitung_new\/de\/wp-json\/wp\/v2\/ta_other?post=15090"}],"curies":[{"name":"wp","href":"https:\/\/api.w.org\/{rel}","templated":true}]}}