{"id":1511,"date":"2016-03-26T15:24:58","date_gmt":"2016-03-26T15:24:58","guid":{"rendered":"http:\/\/euwp08.newsmemory.com\/gardaseezeitung_new\/de\/2016\/03\/26\/ein-immobilienportal-nur-fur-den-gardasee\/"},"modified":"2019-05-28T20:59:07","modified_gmt":"2019-05-28T20:59:07","slug":"ein-immobilienportal-nur-fur-den-gardasee","status":"publish","type":"post","link":"https:\/\/www.gardaseezeitung.it\/2016\/03\/26\/ein-immobilienportal-nur-fur-den-gardasee\/","title":{"rendered":"Ein Immobilienportal nur f\u00fcr den Gardasee"},"content":{"rendered":"<p>Sich hier einen guten \u00dcberblick zu verschaffen ist keine leichte Sache! GardaLiving hat es sich daher seit nunmehr vier Jahren zur Aufgabe gemacht, K\u00e4ufer und Verk\u00e4ufer l\u00e4nder\u00fcbergreifend zusammenzubringen. Ab Mai 2016 pr\u00e4sentiert sich das informative und unabh\u00e4ngige Portal rund um die Immobilie am Gardasee im neuen Look \u2013 noch \u00fcbersichtlicher und benutzerfreundlicher und vor allem auch mobil gut erreichbar!<br \/>Seit 2008 sind die Immobilienpreise in Italien stetig gesunken und auch wenn der Gardasee wohl nie ein Marktplatz f\u00fcr Schn\u00e4ppchenpreise sein wird, so finden sich mittlerweile doch zahlreiche Angebote zu reellen Preisen. Auch die Bauqualit\u00e4t hat sich in den vergangenen Jahren wesentlich verbessert, viel Wert wird dabei vor allem auf die Energieeffizienz der Immobilien gelegt. Neben dem traditionellen Baustil werden seit einiger Zeit auch immer mehr Projekte in moderner Bauhausoptik realisiert. W\u00e4hrend hier in den letzten Jahren vor allem das Westufer die Nase vorne hatte, bieten Bauprojekte der j\u00fcngsten Generation jetzt auch am Ostufer mehr und mehr Objekte f\u00fcr Liebhaber des minimalistischen Designs.<br \/>&#8230;diese und viele weitere Informationen rund um die Immobilie, sowie Immobilienangebote von zahlreichen Anbietern finden Sie auf www.immobilie-gardasee.de: Ihrem unabh\u00e4ngigen Immobilien-Infoportal speziell nur f\u00fcr die Gardasee Region!<\/p>\n","protected":false},"excerpt":{"rendered":"<p>Tr\u00e4umen auch Sie von einer Immobilie am Gardasee? Egal ob Villa mit Seeblick, Ferienwohnung mit Pool oder Rustico mitten im Gr\u00fcnen \u2013 die Vorstellungen vom Eigenheim am Gardasee sind genauso vielseitig wie das Immobilienangebot rund um den See.<\/p>\n","protected":false},"author":1,"featured_media":1512,"comment_status":"open","ping_status":"open","sticky":false,"template":"","format":"standard","meta":[],"categories":[6],"tags":[],"news-destination":[],"news-source":[],"is_homepage":[],"ta_other":[],"featured_media_details":{"width":1024,"height":566,"file":"2019\/05\/921e0038aba50b1237973ee8d324d11e.jpg","sizes":{"thumbnail":{"file":"921e0038aba50b1237973ee8d324d11e-150x150.jpg","width":150,"height":150,"mime-type":"image\/jpeg","source_url":"https:\/\/www.gardaseezeitung.it\/gardaseezeitung_new\/de\/wp-content\/uploads\/sites\/2\/2019\/05\/921e0038aba50b1237973ee8d324d11e-150x150.jpg"},"medium":{"file":"921e0038aba50b1237973ee8d324d11e-300x166.jpg","width":300,"height":166,"mime-type":"image\/jpeg","source_url":"https:\/\/www.gardaseezeitung.it\/gardaseezeitung_new\/de\/wp-content\/uploads\/sites\/2\/2019\/05\/921e0038aba50b1237973ee8d324d11e-300x166.jpg"},"medium_large":{"file":"921e0038aba50b1237973ee8d324d11e-768x425.jpg","width":768,"height":425,"mime-type":"image\/jpeg","source_url":"https:\/\/www.gardaseezeitung.it\/gardaseezeitung_new\/de\/wp-content\/uploads\/sites\/2\/2019\/05\/921e0038aba50b1237973ee8d324d11e-768x425.jpg"},"large":{"file":"921e0038aba50b1237973ee8d324d11e-1024x566.jpg","width":1024,"height":566,"mime-type":"image\/jpeg","source_url":"https:\/\/www.gardaseezeitung.it\/gardaseezeitung_new\/de\/wp-content\/uploads\/sites\/2\/2019\/05\/921e0038aba50b1237973ee8d324d11e-1024x566.jpg"},"big_image":{"file":"921e0038aba50b1237973ee8d324d11e-750x415.jpg","width":750,"height":415,"mime-type":"image\/jpeg","source_url":"https:\/\/www.gardaseezeitung.it\/gardaseezeitung_new\/de\/wp-content\/uploads\/sites\/2\/2019\/05\/921e0038aba50b1237973ee8d324d11e-750x415.jpg"},"full":{"file":"921e0038aba50b1237973ee8d324d11e.jpg","width":1024,"height":566,"mime_type":"","source_url":"https:\/\/www.gardaseezeitung.it\/gardaseezeitung_new\/de\/wp-content\/uploads\/sites\/2\/2019\/05\/921e0038aba50b1237973ee8d324d11e.jpg"}},"image_meta":{"aperture":"0","credit":"","camera":"","caption":"","created_timestamp":"0","copyright":"","focal_length":"0","iso":"0","shutter_speed":"0","title":"","orientation":"0","keywords":[]}},"_links":{"self":[{"href":"https:\/\/www.gardaseezeitung.it\/gardaseezeitung_new\/de\/wp-json\/wp\/v2\/posts\/1511"}],"collection":[{"href":"https:\/\/www.gardaseezeitung.it\/gardaseezeitung_new\/de\/wp-json\/wp\/v2\/posts"}],"about":[{"href":"https:\/\/www.gardaseezeitung.it\/gardaseezeitung_new\/de\/wp-json\/wp\/v2\/types\/post"}],"author":[{"embeddable":true,"href":"https:\/\/www.gardaseezeitung.it\/gardaseezeitung_new\/de\/wp-json\/wp\/v2\/users\/1"}],"replies":[{"embeddable":true,"href":"https:\/\/www.gardaseezeitung.it\/gardaseezeitung_new\/de\/wp-json\/wp\/v2\/comments?post=1511"}],"version-history":[{"count":0,"href":"https:\/\/www.gardaseezeitung.it\/gardaseezeitung_new\/de\/wp-json\/wp\/v2\/posts\/1511\/revisions"}],"wp:featuredmedia":[{"embeddable":true,"href":"https:\/\/www.gardaseezeitung.it\/gardaseezeitung_new\/de\/wp-json\/wp\/v2\/media\/1512"}],"wp:attachment":[{"href":"https:\/\/www.gardaseezeitung.it\/gardaseezeitung_new\/de\/wp-json\/wp\/v2\/media?parent=1511"}],"wp:term":[{"taxonomy":"category","embeddable":true,"href":"https:\/\/www.gardaseezeitung.it\/gardaseezeitung_new\/de\/wp-json\/wp\/v2\/categories?post=1511"},{"taxonomy":"post_tag","embeddable":true,"href":"https:\/\/www.gardaseezeitung.it\/gardaseezeitung_new\/de\/wp-json\/wp\/v2\/tags?post=1511"},{"taxonomy":"news-destination","embeddable":true,"href":"https:\/\/www.gardaseezeitung.it\/gardaseezeitung_new\/de\/wp-json\/wp\/v2\/news-destination?post=1511"},{"taxonomy":"news-source","embeddable":true,"href":"https:\/\/www.gardaseezeitung.it\/gardaseezeitung_new\/de\/wp-json\/wp\/v2\/news-source?post=1511"},{"taxonomy":"is_homepage","embeddable":true,"href":"https:\/\/www.gardaseezeitung.it\/gardaseezeitung_new\/de\/wp-json\/wp\/v2\/is_homepage?post=1511"},{"taxonomy":"ta_other","embeddable":true,"href":"https:\/\/www.gardaseezeitung.it\/gardaseezeitung_new\/de\/wp-json\/wp\/v2\/ta_other?post=1511"}],"curies":[{"name":"wp","href":"https:\/\/api.w.org\/{rel}","templated":true}]}}