{"id":15138,"date":"2023-10-26T00:02:52","date_gmt":"2023-10-25T22:02:52","guid":{"rendered":"http:\/\/euwps05.newsmemory.com\/gardaseezeitung_new\/de\/2023\/10\/26\/bardolino-ist-gastgeber-des-geografie-festivals-27-und-28-oktober\/"},"modified":"2023-10-26T00:05:06","modified_gmt":"2022-12-30T00:05:06","slug":"bardolino-ist-gastgeber-des-geografie-festivals-27-und-28-oktober","status":"publish","type":"post","link":"https:\/\/www.gardaseezeitung.it\/2023\/10\/26\/bardolino-ist-gastgeber-des-geografie-festivals-27-und-28-oktober\/","title":{"rendered":"Bardolino ist Gastgeber des Geografie-Festivals am 27. und 28. Oktober"},"content":{"rendered":"<p>Auf dem &#8222;Internationalen Geografie-Festival&#8220;, das am 27. und 28. Oktober in Bardolino stattfindet, werden f\u00fchrende italienische Wissenschaftlerinnen und Wissenschaftler \u00fcber viele Themen diskutieren: Dialog, Diplomatie, wirtschaftlicher und kultureller Austausch zwischen den Anrainerstaaten der Adria, Schutz des k\u00fcnstlerischen und territorialen Erbes, Klimakrise und das Eindringen fremder Arten wie der ber\u00fcchtigten blauen Krabbe. Er\u00f6ffnet wird das Festival am Freitag, den 27. Oktober um 20.45 Uhr mit einem Live-Konzert von &#8222;Eusebio Martinelli &amp; La Gipsy Orkestar&#8220; im Corallo-Theater in Bardolino (Via Fosse, 13), zu dem der Eintritt frei ist. Auf der B\u00fchne wird der bekannte K\u00fcnstler Eusebio Martinelli stehen, der nach einer langen Karriere in Zusammenarbeit mit gro\u00dfen Namen (Capossela, Bregovich, Negramaro, Sud Sound System, Biagio Antonacci, Modena City Ramblers und vielen anderen) seine solideErfahrung in das Projekt Gipsy Orkestar eingebracht, das seit 10 Jahren die Pl\u00e4tze und Festivals in Italien und Europa zum Beben bringt. Am Samstag, den 28. Oktober, findet von 9 bis 13 Uhr in der Sala della Disciplina (Borgo Garibaldi, 55) der mit Spannung erwartete Tag der Geografischen Studien statt, der sich mit dem Thema &#8222;Das Adriatische Meer. Dialog zwischen K\u00fcsten und L\u00e4ndern, die mehr Schutz suchen&#8220;. In Bardolino wird es um die geografische und strategische Bedeutung der Adria gehen, ein Meer, das nicht mehr Westeuropa von Osteuropa trennt, sondern stattdessen zu einemein Gebiet mit gegenseitiger Beeinflussung und intensivem Austausch zwischen Gebieten, die lebendige und gewinnbringende Beziehungen pflegen.<\/p>\n<p>&nbsp;<\/p>\n","protected":false},"excerpt":{"rendered":"<p>Experten diskutieren \u00fcber &#8222;Das Adriatische Meer. Dialog zwischen schutzsuchenden Ufern und L\u00e4ndern&#8220;<\/p>\n","protected":false},"author":9,"featured_media":15137,"comment_status":"open","ping_status":"open","sticky":false,"template":"","format":"standard","meta":[],"categories":[2,4,6],"tags":[50,4459,4460,889,4467,4461,4462,23,26,4463,4464,4465,4466],"news-destination":[],"news-source":[],"is_homepage":[],"ta_other":[],"featured_media_details":{"width":1200,"height":900,"file":"2023\/10\/screenshot.jpg","sizes":{"thumbnail":{"file":"screenshot-150x150.jpg","width":150,"height":150,"mime-type":"image\/jpeg","source_url":"https:\/\/www.gardaseezeitung.it\/gardaseezeitung_new\/de\/wp-content\/uploads\/sites\/2\/2023\/10\/screenshot-150x150.jpg"},"medium":{"file":"screenshot-300x225.jpg","width":300,"height":225,"mime-type":"image\/jpeg","source_url":"https:\/\/www.gardaseezeitung.it\/gardaseezeitung_new\/de\/wp-content\/uploads\/sites\/2\/2023\/10\/screenshot-300x225.jpg"},"medium_large":{"file":"screenshot-768x576.jpg","width":768,"height":576,"mime-type":"image\/jpeg","source_url":"https:\/\/www.gardaseezeitung.it\/gardaseezeitung_new\/de\/wp-content\/uploads\/sites\/2\/2023\/10\/screenshot-768x576.jpg"},"large":{"file":"screenshot-1024x768.jpg","width":1024,"height":768,"mime-type":"image\/jpeg","source_url":"https:\/\/www.gardaseezeitung.it\/gardaseezeitung_new\/de\/wp-content\/uploads\/sites\/2\/2023\/10\/screenshot-1024x768.jpg"},"big_image":{"file":"screenshot-750x563.jpg","width":750,"height":563,"mime-type":"image\/jpeg","source_url":"https:\/\/www.gardaseezeitung.it\/gardaseezeitung_new\/de\/wp-content\/uploads\/sites\/2\/2023\/10\/screenshot-750x563.jpg"},"guest-author-32":{"file":"screenshot-32x32.jpg","width":32,"height":32,"mime-type":"image\/jpeg","source_url":"https:\/\/www.gardaseezeitung.it\/gardaseezeitung_new\/de\/wp-content\/uploads\/sites\/2\/2023\/10\/screenshot-32x32.jpg"},"guest-author-50":{"file":"screenshot-50x50.jpg","width":50,"height":50,"mime-type":"image\/jpeg","source_url":"https:\/\/www.gardaseezeitung.it\/gardaseezeitung_new\/de\/wp-content\/uploads\/sites\/2\/2023\/10\/screenshot-50x50.jpg"},"guest-author-64":{"file":"screenshot-64x64.jpg","width":64,"height":64,"mime-type":"image\/jpeg","source_url":"https:\/\/www.gardaseezeitung.it\/gardaseezeitung_new\/de\/wp-content\/uploads\/sites\/2\/2023\/10\/screenshot-64x64.jpg"},"guest-author-96":{"file":"screenshot-96x96.jpg","width":96,"height":96,"mime-type":"image\/jpeg","source_url":"https:\/\/www.gardaseezeitung.it\/gardaseezeitung_new\/de\/wp-content\/uploads\/sites\/2\/2023\/10\/screenshot-96x96.jpg"},"guest-author-128":{"file":"screenshot-128x128.jpg","width":128,"height":128,"mime-type":"image\/jpeg","source_url":"https:\/\/www.gardaseezeitung.it\/gardaseezeitung_new\/de\/wp-content\/uploads\/sites\/2\/2023\/10\/screenshot-128x128.jpg"},"full":{"file":"screenshot.jpg","width":1200,"height":900,"mime_type":"","source_url":"https:\/\/www.gardaseezeitung.it\/gardaseezeitung_new\/de\/wp-content\/uploads\/sites\/2\/2023\/10\/screenshot.jpg"}},"image_meta":{"aperture":"0","credit":"","camera":"","caption":"","created_timestamp":"0","copyright":"","focal_length":"0","iso":"0","shutter_speed":"0","title":"","orientation":"1","keywords":[]}},"_links":{"self":[{"href":"https:\/\/www.gardaseezeitung.it\/gardaseezeitung_new\/de\/wp-json\/wp\/v2\/posts\/15138"}],"collection":[{"href":"https:\/\/www.gardaseezeitung.it\/gardaseezeitung_new\/de\/wp-json\/wp\/v2\/posts"}],"about":[{"href":"https:\/\/www.gardaseezeitung.it\/gardaseezeitung_new\/de\/wp-json\/wp\/v2\/types\/post"}],"author":[{"embeddable":true,"href":"https:\/\/www.gardaseezeitung.it\/gardaseezeitung_new\/de\/wp-json\/wp\/v2\/users\/9"}],"replies":[{"embeddable":true,"href":"https:\/\/www.gardaseezeitung.it\/gardaseezeitung_new\/de\/wp-json\/wp\/v2\/comments?post=15138"}],"version-history":[{"count":1,"href":"https:\/\/www.gardaseezeitung.it\/gardaseezeitung_new\/de\/wp-json\/wp\/v2\/posts\/15138\/revisions"}],"predecessor-version":[{"id":15139,"href":"https:\/\/www.gardaseezeitung.it\/gardaseezeitung_new\/de\/wp-json\/wp\/v2\/posts\/15138\/revisions\/15139"}],"wp:featuredmedia":[{"embeddable":true,"href":"https:\/\/www.gardaseezeitung.it\/gardaseezeitung_new\/de\/wp-json\/wp\/v2\/media\/15137"}],"wp:attachment":[{"href":"https:\/\/www.gardaseezeitung.it\/gardaseezeitung_new\/de\/wp-json\/wp\/v2\/media?parent=15138"}],"wp:term":[{"taxonomy":"category","embeddable":true,"href":"https:\/\/www.gardaseezeitung.it\/gardaseezeitung_new\/de\/wp-json\/wp\/v2\/categories?post=15138"},{"taxonomy":"post_tag","embeddable":true,"href":"https:\/\/www.gardaseezeitung.it\/gardaseezeitung_new\/de\/wp-json\/wp\/v2\/tags?post=15138"},{"taxonomy":"news-destination","embeddable":true,"href":"https:\/\/www.gardaseezeitung.it\/gardaseezeitung_new\/de\/wp-json\/wp\/v2\/news-destination?post=15138"},{"taxonomy":"news-source","embeddable":true,"href":"https:\/\/www.gardaseezeitung.it\/gardaseezeitung_new\/de\/wp-json\/wp\/v2\/news-source?post=15138"},{"taxonomy":"is_homepage","embeddable":true,"href":"https:\/\/www.gardaseezeitung.it\/gardaseezeitung_new\/de\/wp-json\/wp\/v2\/is_homepage?post=15138"},{"taxonomy":"ta_other","embeddable":true,"href":"https:\/\/www.gardaseezeitung.it\/gardaseezeitung_new\/de\/wp-json\/wp\/v2\/ta_other?post=15138"}],"curies":[{"name":"wp","href":"https:\/\/api.w.org\/{rel}","templated":true}]}}