{"id":15143,"date":"2023-10-27T00:52:40","date_gmt":"2023-10-26T22:52:40","guid":{"rendered":"http:\/\/euwps06.newsmemory.com\/gardaseezeitung_new\/de\/2023\/10\/27\/sonntag-29-oktober-kostenlose-fuehrungen-im-nicolis-museum-villafranca-di-verona\/"},"modified":"2023-10-27T00:52:53","modified_gmt":"2022-12-31T00:52:53","slug":"sonntag-29-oktober-kostenlose-fuehrungen-im-nicolis-museum-villafranca-di-verona","status":"publish","type":"post","link":"https:\/\/www.gardaseezeitung.it\/2023\/10\/27\/sonntag-29-oktober-kostenlose-fuehrungen-im-nicolis-museum-villafranca-di-verona\/","title":{"rendered":"Sonntag im Nicolis Museum!"},"content":{"rendered":"<p>Automobilgeschichte Live erleben Das Oldtimer-Museum Nicolis in Villafranca begr\u00fc\u00dft den Herbst mit zwei kostenlosen F\u00fchrungen mit freiem Eintritt f\u00fcr Personen im Alter von 0 bis 18 Jahren. Die F\u00fchrungen sind f\u00fcr Sonntag, den 29. Oktober, geplant.Eine besondere Gelegenheit, die Sammlungen des Veroneser Museums zu entdecken, das f\u00fcr Oldtimer-Fans, aber auch f\u00fcr Touristen aus aller Welt ein absolutes \u201eTo Do\u201c ist.Die Trendfarbe in diesem Herbst ist Rot: die Farbe der Liebe, der Leidenschaft und der Rennautos. Im Nicolis Museum ist Rot dank einiger der sch\u00f6nsten und kultigsten Autos der Automobilgeschichte allseits zu sehen: da ist zum Beispiel der Lancia Astura Mille Miglia, Colli, 1938, das Symbol des Museums, aber auch der Zanussi, \u201e1100 Sport\u201c, 1952 sowie der Lancia \u201eFlaminia Super Sport\u201c, Zagato, 1965 und der Ferrari \u201eTestarossa\u201c, Pininfarina, 1991.Getreu seiner Berufung, Kultur zu verbreiten, \u00f6ffnet das Nicolis die T\u00fcren zu seinen Sammlungen, indem es am Sonntag, den 29. Oktober, zwei kostenlose F\u00fchrungen organisiert: Die rund einst\u00fcndigen Touren, f\u00fcr die eine Reservierung erforderlich ist (begrenzte Teilnehmerzahl), finden um 10.00 und 15.00 Uhr statt.Eine Gelegenheit, die man sich nicht entgehen lassen sollte, um ins 20. Jahrhundert zwischen legend\u00e4ren Autos und au\u00dfergew\u00f6hnlichen Objekten einzutauchen und Kindern und Jugendlichen ein originelles Erlebnis zu bieten. Reservierungen unter info@museonicolis.com oder 045-6303289. Weiter Infos: www.museonicolis.com.<\/p>\n<p>&nbsp;<\/p>\n","protected":false},"excerpt":{"rendered":"<p>Am 29. Oktober eine Reise durch das 20. Jahrhundert zwischen Mythos und Kultur mit freiem Eintritt f\u00fcr Besucher von 0-18 Jahren <\/p>\n","protected":false},"author":9,"featured_media":15142,"comment_status":"open","ping_status":"open","sticky":false,"template":"","format":"standard","meta":[],"categories":[2,4],"tags":[932,23,26,4453,463,4454,1357,530,4455],"news-destination":[],"news-source":[],"is_homepage":[],"ta_other":[],"featured_media_details":{"width":2880,"height":1920,"file":"2023\/10\/0_-Museo-Nicolis-istituzionale-ph-Comparotto-1.jpg","sizes":{"thumbnail":{"file":"0_-Museo-Nicolis-istituzionale-ph-Comparotto-1-150x150.jpg","width":150,"height":150,"mime-type":"image\/jpeg","source_url":"https:\/\/www.gardaseezeitung.it\/gardaseezeitung_new\/de\/wp-content\/uploads\/sites\/2\/2023\/10\/0_-Museo-Nicolis-istituzionale-ph-Comparotto-1-150x150.jpg"},"medium":{"file":"0_-Museo-Nicolis-istituzionale-ph-Comparotto-1-300x200.jpg","width":300,"height":200,"mime-type":"image\/jpeg","source_url":"https:\/\/www.gardaseezeitung.it\/gardaseezeitung_new\/de\/wp-content\/uploads\/sites\/2\/2023\/10\/0_-Museo-Nicolis-istituzionale-ph-Comparotto-1-300x200.jpg"},"medium_large":{"file":"0_-Museo-Nicolis-istituzionale-ph-Comparotto-1-768x512.jpg","width":768,"height":512,"mime-type":"image\/jpeg","source_url":"https:\/\/www.gardaseezeitung.it\/gardaseezeitung_new\/de\/wp-content\/uploads\/sites\/2\/2023\/10\/0_-Museo-Nicolis-istituzionale-ph-Comparotto-1-768x512.jpg"},"large":{"file":"0_-Museo-Nicolis-istituzionale-ph-Comparotto-1-1024x683.jpg","width":1024,"height":683,"mime-type":"image\/jpeg","source_url":"https:\/\/www.gardaseezeitung.it\/gardaseezeitung_new\/de\/wp-content\/uploads\/sites\/2\/2023\/10\/0_-Museo-Nicolis-istituzionale-ph-Comparotto-1-1024x683.jpg"},"big_image":{"file":"0_-Museo-Nicolis-istituzionale-ph-Comparotto-1-750x500.jpg","width":750,"height":500,"mime-type":"image\/jpeg","source_url":"https:\/\/www.gardaseezeitung.it\/gardaseezeitung_new\/de\/wp-content\/uploads\/sites\/2\/2023\/10\/0_-Museo-Nicolis-istituzionale-ph-Comparotto-1-750x500.jpg"},"guest-author-32":{"file":"0_-Museo-Nicolis-istituzionale-ph-Comparotto-1-32x32.jpg","width":32,"height":32,"mime-type":"image\/jpeg","source_url":"https:\/\/www.gardaseezeitung.it\/gardaseezeitung_new\/de\/wp-content\/uploads\/sites\/2\/2023\/10\/0_-Museo-Nicolis-istituzionale-ph-Comparotto-1-32x32.jpg"},"guest-author-50":{"file":"0_-Museo-Nicolis-istituzionale-ph-Comparotto-1-50x50.jpg","width":50,"height":50,"mime-type":"image\/jpeg","source_url":"https:\/\/www.gardaseezeitung.it\/gardaseezeitung_new\/de\/wp-content\/uploads\/sites\/2\/2023\/10\/0_-Museo-Nicolis-istituzionale-ph-Comparotto-1-50x50.jpg"},"guest-author-64":{"file":"0_-Museo-Nicolis-istituzionale-ph-Comparotto-1-64x64.jpg","width":64,"height":64,"mime-type":"image\/jpeg","source_url":"https:\/\/www.gardaseezeitung.it\/gardaseezeitung_new\/de\/wp-content\/uploads\/sites\/2\/2023\/10\/0_-Museo-Nicolis-istituzionale-ph-Comparotto-1-64x64.jpg"},"guest-author-96":{"file":"0_-Museo-Nicolis-istituzionale-ph-Comparotto-1-96x96.jpg","width":96,"height":96,"mime-type":"image\/jpeg","source_url":"https:\/\/www.gardaseezeitung.it\/gardaseezeitung_new\/de\/wp-content\/uploads\/sites\/2\/2023\/10\/0_-Museo-Nicolis-istituzionale-ph-Comparotto-1-96x96.jpg"},"guest-author-128":{"file":"0_-Museo-Nicolis-istituzionale-ph-Comparotto-1-128x128.jpg","width":128,"height":128,"mime-type":"image\/jpeg","source_url":"https:\/\/www.gardaseezeitung.it\/gardaseezeitung_new\/de\/wp-content\/uploads\/sites\/2\/2023\/10\/0_-Museo-Nicolis-istituzionale-ph-Comparotto-1-128x128.jpg"},"full":{"file":"0_-Museo-Nicolis-istituzionale-ph-Comparotto-1.jpg","width":2880,"height":1920,"mime_type":"","source_url":"https:\/\/www.gardaseezeitung.it\/gardaseezeitung_new\/de\/wp-content\/uploads\/sites\/2\/2023\/10\/0_-Museo-Nicolis-istituzionale-ph-Comparotto-1.jpg"}},"image_meta":{"aperture":"0","credit":"","camera":"","caption":"","created_timestamp":"1517247446","copyright":"","focal_length":"0","iso":"0","shutter_speed":"0","title":"","orientation":"1","keywords":[]}},"_links":{"self":[{"href":"https:\/\/www.gardaseezeitung.it\/gardaseezeitung_new\/de\/wp-json\/wp\/v2\/posts\/15143"}],"collection":[{"href":"https:\/\/www.gardaseezeitung.it\/gardaseezeitung_new\/de\/wp-json\/wp\/v2\/posts"}],"about":[{"href":"https:\/\/www.gardaseezeitung.it\/gardaseezeitung_new\/de\/wp-json\/wp\/v2\/types\/post"}],"author":[{"embeddable":true,"href":"https:\/\/www.gardaseezeitung.it\/gardaseezeitung_new\/de\/wp-json\/wp\/v2\/users\/9"}],"replies":[{"embeddable":true,"href":"https:\/\/www.gardaseezeitung.it\/gardaseezeitung_new\/de\/wp-json\/wp\/v2\/comments?post=15143"}],"version-history":[{"count":2,"href":"https:\/\/www.gardaseezeitung.it\/gardaseezeitung_new\/de\/wp-json\/wp\/v2\/posts\/15143\/revisions"}],"predecessor-version":[{"id":15151,"href":"https:\/\/www.gardaseezeitung.it\/gardaseezeitung_new\/de\/wp-json\/wp\/v2\/posts\/15143\/revisions\/15151"}],"wp:featuredmedia":[{"embeddable":true,"href":"https:\/\/www.gardaseezeitung.it\/gardaseezeitung_new\/de\/wp-json\/wp\/v2\/media\/15142"}],"wp:attachment":[{"href":"https:\/\/www.gardaseezeitung.it\/gardaseezeitung_new\/de\/wp-json\/wp\/v2\/media?parent=15143"}],"wp:term":[{"taxonomy":"category","embeddable":true,"href":"https:\/\/www.gardaseezeitung.it\/gardaseezeitung_new\/de\/wp-json\/wp\/v2\/categories?post=15143"},{"taxonomy":"post_tag","embeddable":true,"href":"https:\/\/www.gardaseezeitung.it\/gardaseezeitung_new\/de\/wp-json\/wp\/v2\/tags?post=15143"},{"taxonomy":"news-destination","embeddable":true,"href":"https:\/\/www.gardaseezeitung.it\/gardaseezeitung_new\/de\/wp-json\/wp\/v2\/news-destination?post=15143"},{"taxonomy":"news-source","embeddable":true,"href":"https:\/\/www.gardaseezeitung.it\/gardaseezeitung_new\/de\/wp-json\/wp\/v2\/news-source?post=15143"},{"taxonomy":"is_homepage","embeddable":true,"href":"https:\/\/www.gardaseezeitung.it\/gardaseezeitung_new\/de\/wp-json\/wp\/v2\/is_homepage?post=15143"},{"taxonomy":"ta_other","embeddable":true,"href":"https:\/\/www.gardaseezeitung.it\/gardaseezeitung_new\/de\/wp-json\/wp\/v2\/ta_other?post=15143"}],"curies":[{"name":"wp","href":"https:\/\/api.w.org\/{rel}","templated":true}]}}