{"id":15232,"date":"2023-11-03T09:54:56","date_gmt":"2023-11-03T08:54:56","guid":{"rendered":"http:\/\/euwps06.newsmemory.com\/gardaseezeitung_new\/de\/2023\/11\/04\/bardolino-dautunno-con-il-vino-novello-bardolino-herbst-mit-neuem-wein-kommt\/"},"modified":"2023-11-03T09:56:05","modified_gmt":"2023-06-06T09:56:05","slug":"bardolino-dautunno-con-il-vino-novello-bardolino-herbst-mit-neuem-wein-kommt","status":"publish","type":"post","link":"https:\/\/www.gardaseezeitung.it\/2023\/11\/03\/bardolino-dautunno-con-il-vino-novello-bardolino-herbst-mit-neuem-wein-kommt\/","title":{"rendered":"&#8222;Bardolino d&#8217;Autunno con il vino novello&#8220; (Bardolino Herbst mit neuem Wein) kommt"},"content":{"rendered":"<p>Tradition, Essen und Wein werden in Bardolino am 4. und 5. November mit den Farben und Aromen des Herbstes verwoben, wenn die Novello-Weinverkostungen zwischen Lungolago Lenotti und Piazza del Porto zur\u00fcckkehren. Es wird eine Vorschau auf die gro\u00dfen Weihnachtsveranstaltungen in Bardolino sein, begleitet von Shopping und Musikveranstaltungen. Zu den herbstlichen K\u00f6stlichkeiten geh\u00f6ren ger\u00f6stete Kastanien, S\u00e4fte und gebratener K\u00fcrbis. Von 10 bis 18 Uhr kann man auf dem Markt, der entlang der Seepromenade aufgebaut ist, neuen Wein probieren und typische lokale Produkte kaufen; in der Baita degli Alpini gibt es Gl\u00fchwein und s\u00fc\u00dfe Fogassa. Das Eliot Bros Folk Duo wird den Sonntagnachmittag am Seeufer musikalisch beleben.<\/p>\n<p>\u00dcbrigens war der Bardolino Novello der erste neue Wein, der 1987 die DOC-Zertifizierung erhielt. Er ist nicht nur ein junger Wein, sondern steht f\u00fcr ein besonderes Weinherstellungsverfahren mit anderen Eigenschaften als die normale alkoholische G\u00e4rung.<\/p>\n<p>&nbsp;<\/p>\n","protected":false},"excerpt":{"rendered":"<p>Vorweihnachtlicher Termin am Samstag, den 4. und Sonntag, den 5. November mit Verkostungen in den Weing\u00fctern und den Aromen des Herbstes<\/p>\n","protected":false},"author":9,"featured_media":15231,"comment_status":"open","ping_status":"open","sticky":false,"template":"","format":"standard","meta":[],"categories":[2,4,5,3],"tags":[4510,50,4511,4512,3741,51,23,26],"news-destination":[],"news-source":[],"is_homepage":[],"ta_other":[],"featured_media_details":{"width":1200,"height":720,"file":"2023\/11\/Bardolino-2022-Festa-del-vino-novello.jpg","sizes":{"thumbnail":{"file":"Bardolino-2022-Festa-del-vino-novello-150x150.jpg","width":150,"height":150,"mime-type":"image\/jpeg","source_url":"https:\/\/www.gardaseezeitung.it\/gardaseezeitung_new\/de\/wp-content\/uploads\/sites\/2\/2023\/11\/Bardolino-2022-Festa-del-vino-novello-150x150.jpg"},"medium":{"file":"Bardolino-2022-Festa-del-vino-novello-300x180.jpg","width":300,"height":180,"mime-type":"image\/jpeg","source_url":"https:\/\/www.gardaseezeitung.it\/gardaseezeitung_new\/de\/wp-content\/uploads\/sites\/2\/2023\/11\/Bardolino-2022-Festa-del-vino-novello-300x180.jpg"},"medium_large":{"file":"Bardolino-2022-Festa-del-vino-novello-768x461.jpg","width":768,"height":461,"mime-type":"image\/jpeg","source_url":"https:\/\/www.gardaseezeitung.it\/gardaseezeitung_new\/de\/wp-content\/uploads\/sites\/2\/2023\/11\/Bardolino-2022-Festa-del-vino-novello-768x461.jpg"},"large":{"file":"Bardolino-2022-Festa-del-vino-novello-1024x614.jpg","width":1024,"height":614,"mime-type":"image\/jpeg","source_url":"https:\/\/www.gardaseezeitung.it\/gardaseezeitung_new\/de\/wp-content\/uploads\/sites\/2\/2023\/11\/Bardolino-2022-Festa-del-vino-novello-1024x614.jpg"},"big_image":{"file":"Bardolino-2022-Festa-del-vino-novello-750x450.jpg","width":750,"height":450,"mime-type":"image\/jpeg","source_url":"https:\/\/www.gardaseezeitung.it\/gardaseezeitung_new\/de\/wp-content\/uploads\/sites\/2\/2023\/11\/Bardolino-2022-Festa-del-vino-novello-750x450.jpg"},"guest-author-32":{"file":"Bardolino-2022-Festa-del-vino-novello-32x32.jpg","width":32,"height":32,"mime-type":"image\/jpeg","source_url":"https:\/\/www.gardaseezeitung.it\/gardaseezeitung_new\/de\/wp-content\/uploads\/sites\/2\/2023\/11\/Bardolino-2022-Festa-del-vino-novello-32x32.jpg"},"guest-author-50":{"file":"Bardolino-2022-Festa-del-vino-novello-50x50.jpg","width":50,"height":50,"mime-type":"image\/jpeg","source_url":"https:\/\/www.gardaseezeitung.it\/gardaseezeitung_new\/de\/wp-content\/uploads\/sites\/2\/2023\/11\/Bardolino-2022-Festa-del-vino-novello-50x50.jpg"},"guest-author-64":{"file":"Bardolino-2022-Festa-del-vino-novello-64x64.jpg","width":64,"height":64,"mime-type":"image\/jpeg","source_url":"https:\/\/www.gardaseezeitung.it\/gardaseezeitung_new\/de\/wp-content\/uploads\/sites\/2\/2023\/11\/Bardolino-2022-Festa-del-vino-novello-64x64.jpg"},"guest-author-96":{"file":"Bardolino-2022-Festa-del-vino-novello-96x96.jpg","width":96,"height":96,"mime-type":"image\/jpeg","source_url":"https:\/\/www.gardaseezeitung.it\/gardaseezeitung_new\/de\/wp-content\/uploads\/sites\/2\/2023\/11\/Bardolino-2022-Festa-del-vino-novello-96x96.jpg"},"guest-author-128":{"file":"Bardolino-2022-Festa-del-vino-novello-128x128.jpg","width":128,"height":128,"mime-type":"image\/jpeg","source_url":"https:\/\/www.gardaseezeitung.it\/gardaseezeitung_new\/de\/wp-content\/uploads\/sites\/2\/2023\/11\/Bardolino-2022-Festa-del-vino-novello-128x128.jpg"},"full":{"file":"Bardolino-2022-Festa-del-vino-novello.jpg","width":1200,"height":720,"mime_type":"","source_url":"https:\/\/www.gardaseezeitung.it\/gardaseezeitung_new\/de\/wp-content\/uploads\/sites\/2\/2023\/11\/Bardolino-2022-Festa-del-vino-novello.jpg"}},"image_meta":{"aperture":"0","credit":"","camera":"","caption":"","created_timestamp":"0","copyright":"","focal_length":"0","iso":"0","shutter_speed":"0","title":"","orientation":"0","keywords":[]}},"_links":{"self":[{"href":"https:\/\/www.gardaseezeitung.it\/gardaseezeitung_new\/de\/wp-json\/wp\/v2\/posts\/15232"}],"collection":[{"href":"https:\/\/www.gardaseezeitung.it\/gardaseezeitung_new\/de\/wp-json\/wp\/v2\/posts"}],"about":[{"href":"https:\/\/www.gardaseezeitung.it\/gardaseezeitung_new\/de\/wp-json\/wp\/v2\/types\/post"}],"author":[{"embeddable":true,"href":"https:\/\/www.gardaseezeitung.it\/gardaseezeitung_new\/de\/wp-json\/wp\/v2\/users\/9"}],"replies":[{"embeddable":true,"href":"https:\/\/www.gardaseezeitung.it\/gardaseezeitung_new\/de\/wp-json\/wp\/v2\/comments?post=15232"}],"version-history":[{"count":1,"href":"https:\/\/www.gardaseezeitung.it\/gardaseezeitung_new\/de\/wp-json\/wp\/v2\/posts\/15232\/revisions"}],"predecessor-version":[{"id":15233,"href":"https:\/\/www.gardaseezeitung.it\/gardaseezeitung_new\/de\/wp-json\/wp\/v2\/posts\/15232\/revisions\/15233"}],"wp:featuredmedia":[{"embeddable":true,"href":"https:\/\/www.gardaseezeitung.it\/gardaseezeitung_new\/de\/wp-json\/wp\/v2\/media\/15231"}],"wp:attachment":[{"href":"https:\/\/www.gardaseezeitung.it\/gardaseezeitung_new\/de\/wp-json\/wp\/v2\/media?parent=15232"}],"wp:term":[{"taxonomy":"category","embeddable":true,"href":"https:\/\/www.gardaseezeitung.it\/gardaseezeitung_new\/de\/wp-json\/wp\/v2\/categories?post=15232"},{"taxonomy":"post_tag","embeddable":true,"href":"https:\/\/www.gardaseezeitung.it\/gardaseezeitung_new\/de\/wp-json\/wp\/v2\/tags?post=15232"},{"taxonomy":"news-destination","embeddable":true,"href":"https:\/\/www.gardaseezeitung.it\/gardaseezeitung_new\/de\/wp-json\/wp\/v2\/news-destination?post=15232"},{"taxonomy":"news-source","embeddable":true,"href":"https:\/\/www.gardaseezeitung.it\/gardaseezeitung_new\/de\/wp-json\/wp\/v2\/news-source?post=15232"},{"taxonomy":"is_homepage","embeddable":true,"href":"https:\/\/www.gardaseezeitung.it\/gardaseezeitung_new\/de\/wp-json\/wp\/v2\/is_homepage?post=15232"},{"taxonomy":"ta_other","embeddable":true,"href":"https:\/\/www.gardaseezeitung.it\/gardaseezeitung_new\/de\/wp-json\/wp\/v2\/ta_other?post=15232"}],"curies":[{"name":"wp","href":"https:\/\/api.w.org\/{rel}","templated":true}]}}