{"id":15272,"date":"2023-11-13T13:00:44","date_gmt":"2023-11-13T12:00:44","guid":{"rendered":"http:\/\/euwps06.newsmemory.com\/gardaseezeitung_new\/de\/2023\/11\/13\/weihnachtsaktionen-und-vieles-mehr-im-hotel-due-torri\/"},"modified":"2023-11-13T13:00:48","modified_gmt":"2023-06-16T13:00:48","slug":"weihnachtsaktionen-und-vieles-mehr-im-hotel-due-torri","status":"publish","type":"post","link":"https:\/\/www.gardaseezeitung.it\/2023\/11\/13\/weihnachtsaktionen-und-vieles-mehr-im-hotel-due-torri\/","title":{"rendered":"Weihnachtsaktionen und vieles mehr im Hotel Due Torri"},"content":{"rendered":"<p>Das Hotel Due Torri befindet sich im historischen Zentrum von Verona und ist eines der renommiertesten Hotels der norditalienischen Stadt. Das Hotel besticht nicht nur durch sein elegantes und sch\u00f6nes Ambiente und seinen exzellenten Service, sondern verf\u00fcgt auch \u00fcber eine legend\u00e4re Terrasse mit Blick \u00fcber die D\u00e4cher Veronas. Ein Aperitif auf dieser Terrasse ist ein unvergessliches Erlebnis. Das Hotel erwartet seine G\u00e4ste auch mit interessanten Initiativen. Seit ein paar Wochen hat die Hotelgruppedie Hotelgruppe, zu der das Due Torri geh\u00f6rt, mit dem Unternehmen Falconeri, das f\u00fcr seine Kaschmirkleidung bekannt ist. Bis zum 31. Dezember erhalten die G\u00e4ste der vier Luxushotels in Verona, Bologna, Florenz und Genua, die zur Gruppe geh\u00f6ren, bei ihrer Ankunft ein von der Marke Falconeri signiertes Geschenk. Aber das ist noch nicht alles. In der Weihnachtszeit k\u00f6nnen Firmen und Unternehmen Weihnachtsfeiern im Hotel veranstalten, um ihren Mitarbeitern und Partnern stilvoll und elegant ein frohes Weihnachtsfest zu w\u00fcnschen. Es werden verschiedene Initiativen angeboten: vom Mittag- und Abendessen bis hin zu klassischen oder &#8222;verbesserten&#8220; Cocktails. Das Due Torri begr\u00fc\u00dft seine G\u00e4ste auch mit einer Neuheit: dem &#8218;Bistrot al 2&#8216; mit seinen k\u00f6stlichen Gerichten. Das Bistro ist t\u00e4glich zum Mittag- und Abendessen ge\u00f6ffnet. Das luxuri\u00f6se F\u00fcnf-Sterne-Hotel Due Torri befindet sich an der Piazza Sant&#8217;Anastasia 4 in Verona. Info: hotelduetorri.duetorrihotels.com; Tel. +39 045 595044.<\/p>\n","protected":false},"excerpt":{"rendered":"<p>Das luxuri\u00f6se F\u00fcnf-Sterne-Hotel Due Torri befindet sich an der Piazza Sant&#8217;Anastasia 4 in Verona<\/p>\n","protected":false},"author":9,"featured_media":15273,"comment_status":"open","ping_status":"open","sticky":false,"template":"","format":"standard","meta":[],"categories":[6],"tags":[695,38],"news-destination":[],"news-source":[],"is_homepage":[],"ta_other":[],"featured_media_details":{"width":735,"height":490,"file":"2023\/11\/lw2120_92345537_790x490.jpg","sizes":{"thumbnail":{"file":"lw2120_92345537_790x490-150x150.jpg","width":150,"height":150,"mime-type":"image\/jpeg","source_url":"https:\/\/www.gardaseezeitung.it\/gardaseezeitung_new\/de\/wp-content\/uploads\/sites\/2\/2023\/11\/lw2120_92345537_790x490-150x150.jpg"},"medium":{"file":"lw2120_92345537_790x490-300x200.jpg","width":300,"height":200,"mime-type":"image\/jpeg","source_url":"https:\/\/www.gardaseezeitung.it\/gardaseezeitung_new\/de\/wp-content\/uploads\/sites\/2\/2023\/11\/lw2120_92345537_790x490-300x200.jpg"},"guest-author-32":{"file":"lw2120_92345537_790x490-32x32.jpg","width":32,"height":32,"mime-type":"image\/jpeg","source_url":"https:\/\/www.gardaseezeitung.it\/gardaseezeitung_new\/de\/wp-content\/uploads\/sites\/2\/2023\/11\/lw2120_92345537_790x490-32x32.jpg"},"guest-author-50":{"file":"lw2120_92345537_790x490-50x50.jpg","width":50,"height":50,"mime-type":"image\/jpeg","source_url":"https:\/\/www.gardaseezeitung.it\/gardaseezeitung_new\/de\/wp-content\/uploads\/sites\/2\/2023\/11\/lw2120_92345537_790x490-50x50.jpg"},"guest-author-64":{"file":"lw2120_92345537_790x490-64x64.jpg","width":64,"height":64,"mime-type":"image\/jpeg","source_url":"https:\/\/www.gardaseezeitung.it\/gardaseezeitung_new\/de\/wp-content\/uploads\/sites\/2\/2023\/11\/lw2120_92345537_790x490-64x64.jpg"},"guest-author-96":{"file":"lw2120_92345537_790x490-96x96.jpg","width":96,"height":96,"mime-type":"image\/jpeg","source_url":"https:\/\/www.gardaseezeitung.it\/gardaseezeitung_new\/de\/wp-content\/uploads\/sites\/2\/2023\/11\/lw2120_92345537_790x490-96x96.jpg"},"guest-author-128":{"file":"lw2120_92345537_790x490-128x128.jpg","width":128,"height":128,"mime-type":"image\/jpeg","source_url":"https:\/\/www.gardaseezeitung.it\/gardaseezeitung_new\/de\/wp-content\/uploads\/sites\/2\/2023\/11\/lw2120_92345537_790x490-128x128.jpg"},"full":{"file":"lw2120_92345537_790x490.jpg","width":735,"height":490,"mime_type":"","source_url":"https:\/\/www.gardaseezeitung.it\/gardaseezeitung_new\/de\/wp-content\/uploads\/sites\/2\/2023\/11\/lw2120_92345537_790x490.jpg"}},"image_meta":{"aperture":"0","credit":"","camera":"","caption":"","created_timestamp":"0","copyright":"","focal_length":"0","iso":"0","shutter_speed":"0","title":"","orientation":"0","keywords":[]}},"_links":{"self":[{"href":"https:\/\/www.gardaseezeitung.it\/gardaseezeitung_new\/de\/wp-json\/wp\/v2\/posts\/15272"}],"collection":[{"href":"https:\/\/www.gardaseezeitung.it\/gardaseezeitung_new\/de\/wp-json\/wp\/v2\/posts"}],"about":[{"href":"https:\/\/www.gardaseezeitung.it\/gardaseezeitung_new\/de\/wp-json\/wp\/v2\/types\/post"}],"author":[{"embeddable":true,"href":"https:\/\/www.gardaseezeitung.it\/gardaseezeitung_new\/de\/wp-json\/wp\/v2\/users\/9"}],"replies":[{"embeddable":true,"href":"https:\/\/www.gardaseezeitung.it\/gardaseezeitung_new\/de\/wp-json\/wp\/v2\/comments?post=15272"}],"version-history":[{"count":1,"href":"https:\/\/www.gardaseezeitung.it\/gardaseezeitung_new\/de\/wp-json\/wp\/v2\/posts\/15272\/revisions"}],"predecessor-version":[{"id":15274,"href":"https:\/\/www.gardaseezeitung.it\/gardaseezeitung_new\/de\/wp-json\/wp\/v2\/posts\/15272\/revisions\/15274"}],"wp:featuredmedia":[{"embeddable":true,"href":"https:\/\/www.gardaseezeitung.it\/gardaseezeitung_new\/de\/wp-json\/wp\/v2\/media\/15273"}],"wp:attachment":[{"href":"https:\/\/www.gardaseezeitung.it\/gardaseezeitung_new\/de\/wp-json\/wp\/v2\/media?parent=15272"}],"wp:term":[{"taxonomy":"category","embeddable":true,"href":"https:\/\/www.gardaseezeitung.it\/gardaseezeitung_new\/de\/wp-json\/wp\/v2\/categories?post=15272"},{"taxonomy":"post_tag","embeddable":true,"href":"https:\/\/www.gardaseezeitung.it\/gardaseezeitung_new\/de\/wp-json\/wp\/v2\/tags?post=15272"},{"taxonomy":"news-destination","embeddable":true,"href":"https:\/\/www.gardaseezeitung.it\/gardaseezeitung_new\/de\/wp-json\/wp\/v2\/news-destination?post=15272"},{"taxonomy":"news-source","embeddable":true,"href":"https:\/\/www.gardaseezeitung.it\/gardaseezeitung_new\/de\/wp-json\/wp\/v2\/news-source?post=15272"},{"taxonomy":"is_homepage","embeddable":true,"href":"https:\/\/www.gardaseezeitung.it\/gardaseezeitung_new\/de\/wp-json\/wp\/v2\/is_homepage?post=15272"},{"taxonomy":"ta_other","embeddable":true,"href":"https:\/\/www.gardaseezeitung.it\/gardaseezeitung_new\/de\/wp-json\/wp\/v2\/ta_other?post=15272"}],"curies":[{"name":"wp","href":"https:\/\/api.w.org\/{rel}","templated":true}]}}