{"id":15472,"date":"2023-12-04T00:23:04","date_gmt":"2023-12-03T23:23:04","guid":{"rendered":"http:\/\/euwps05.newsmemory.com\/gardaseezeitung_new\/de\/2023\/12\/04\/brand-le-vele-von-desenzano-fast-100-des-materials-recycelt\/"},"modified":"2023-12-04T00:28:10","modified_gmt":"2023-07-07T00:28:10","slug":"brand-le-vele-von-desenzano-fast-100-des-materials-recycelt","status":"publish","type":"post","link":"https:\/\/www.gardaseezeitung.it\/2023\/12\/04\/brand-le-vele-von-desenzano-fast-100-des-materials-recycelt\/","title":{"rendered":"Brand in Le Vele von Desenzano: fast 100% des Materials recycelt"},"content":{"rendered":"<p>&nbsp;<\/p>\n<p>Holz wird zu Hobelsp\u00e4nen, Kunststoff wird in Form von Polymeren wieder zu Rohstoff, Metall geht an Stahlwerke, Baumaterial wird f\u00fcr den Stra\u00dfenbau verwendet und so weiter. Kurz gesagt, nur sehr wenig Material landete auf einer Deponie: Das ist die Bilanz des Brandes im Einkaufszentrum Le Vele in Desenzano, die das Unternehmen Remed, das sich nach dem Brand im Mai letzten Jahres um die Aufr\u00e4umarbeiten k\u00fcmmert, in den letzten Stunden ver\u00f6ffentlicht hat (&#8222;Die Baustelle ist immer noch ge\u00f6ffnet und 5\/6 Leute arbeiten dort seit sechs Monaten jeden Tag&#8220;).<\/p>\n<p>&nbsp;<\/p>\n","protected":false},"excerpt":{"rendered":"<p>Von den rund 1.000 Tonnen Abfall, die durch den Brand verursacht wurden, wurden etwa 970 Tonnen wiederverwertet und der Wiederverwendung zugef\u00fchrt<\/p>\n","protected":false},"author":9,"featured_media":15492,"comment_status":"open","ping_status":"open","sticky":false,"template":"","format":"standard","meta":[],"categories":[2],"tags":[4595,131,3784,4596],"news-destination":[],"news-source":[],"is_homepage":[],"ta_other":[],"featured_media_details":{"width":1024,"height":768,"file":"2023\/12\/PHOTO-2023-10-31-14-54-55.jpg.jpg","sizes":{"thumbnail":{"file":"PHOTO-2023-10-31-14-54-55.jpg-150x150.jpg","width":150,"height":150,"mime-type":"image\/jpeg","source_url":"https:\/\/www.gardaseezeitung.it\/gardaseezeitung_new\/de\/wp-content\/uploads\/sites\/2\/2023\/12\/PHOTO-2023-10-31-14-54-55.jpg-150x150.jpg"},"medium":{"file":"PHOTO-2023-10-31-14-54-55.jpg-300x225.jpg","width":300,"height":225,"mime-type":"image\/jpeg","source_url":"https:\/\/www.gardaseezeitung.it\/gardaseezeitung_new\/de\/wp-content\/uploads\/sites\/2\/2023\/12\/PHOTO-2023-10-31-14-54-55.jpg-300x225.jpg"},"medium_large":{"file":"PHOTO-2023-10-31-14-54-55.jpg-768x576.jpg","width":768,"height":576,"mime-type":"image\/jpeg","source_url":"https:\/\/www.gardaseezeitung.it\/gardaseezeitung_new\/de\/wp-content\/uploads\/sites\/2\/2023\/12\/PHOTO-2023-10-31-14-54-55.jpg-768x576.jpg"},"large":{"file":"PHOTO-2023-10-31-14-54-55.jpg-1024x768.jpg","width":1024,"height":768,"mime-type":"image\/jpeg","source_url":"https:\/\/www.gardaseezeitung.it\/gardaseezeitung_new\/de\/wp-content\/uploads\/sites\/2\/2023\/12\/PHOTO-2023-10-31-14-54-55.jpg-1024x768.jpg"},"big_image":{"file":"PHOTO-2023-10-31-14-54-55.jpg-750x563.jpg","width":750,"height":563,"mime-type":"image\/jpeg","source_url":"https:\/\/www.gardaseezeitung.it\/gardaseezeitung_new\/de\/wp-content\/uploads\/sites\/2\/2023\/12\/PHOTO-2023-10-31-14-54-55.jpg-750x563.jpg"},"guest-author-32":{"file":"PHOTO-2023-10-31-14-54-55.jpg-32x32.jpg","width":32,"height":32,"mime-type":"image\/jpeg","source_url":"https:\/\/www.gardaseezeitung.it\/gardaseezeitung_new\/de\/wp-content\/uploads\/sites\/2\/2023\/12\/PHOTO-2023-10-31-14-54-55.jpg-32x32.jpg"},"guest-author-50":{"file":"PHOTO-2023-10-31-14-54-55.jpg-50x50.jpg","width":50,"height":50,"mime-type":"image\/jpeg","source_url":"https:\/\/www.gardaseezeitung.it\/gardaseezeitung_new\/de\/wp-content\/uploads\/sites\/2\/2023\/12\/PHOTO-2023-10-31-14-54-55.jpg-50x50.jpg"},"guest-author-64":{"file":"PHOTO-2023-10-31-14-54-55.jpg-64x64.jpg","width":64,"height":64,"mime-type":"image\/jpeg","source_url":"https:\/\/www.gardaseezeitung.it\/gardaseezeitung_new\/de\/wp-content\/uploads\/sites\/2\/2023\/12\/PHOTO-2023-10-31-14-54-55.jpg-64x64.jpg"},"guest-author-96":{"file":"PHOTO-2023-10-31-14-54-55.jpg-96x96.jpg","width":96,"height":96,"mime-type":"image\/jpeg","source_url":"https:\/\/www.gardaseezeitung.it\/gardaseezeitung_new\/de\/wp-content\/uploads\/sites\/2\/2023\/12\/PHOTO-2023-10-31-14-54-55.jpg-96x96.jpg"},"guest-author-128":{"file":"PHOTO-2023-10-31-14-54-55.jpg-128x128.jpg","width":128,"height":128,"mime-type":"image\/jpeg","source_url":"https:\/\/www.gardaseezeitung.it\/gardaseezeitung_new\/de\/wp-content\/uploads\/sites\/2\/2023\/12\/PHOTO-2023-10-31-14-54-55.jpg-128x128.jpg"},"full":{"file":"PHOTO-2023-10-31-14-54-55.jpg.jpg","width":1024,"height":768,"mime_type":"","source_url":"https:\/\/www.gardaseezeitung.it\/gardaseezeitung_new\/de\/wp-content\/uploads\/sites\/2\/2023\/12\/PHOTO-2023-10-31-14-54-55.jpg.jpg"}},"image_meta":{"aperture":"0","credit":"","camera":"","caption":"","created_timestamp":"0","copyright":"","focal_length":"0","iso":"0","shutter_speed":"0","title":"","orientation":"1","keywords":[]}},"_links":{"self":[{"href":"https:\/\/www.gardaseezeitung.it\/gardaseezeitung_new\/de\/wp-json\/wp\/v2\/posts\/15472"}],"collection":[{"href":"https:\/\/www.gardaseezeitung.it\/gardaseezeitung_new\/de\/wp-json\/wp\/v2\/posts"}],"about":[{"href":"https:\/\/www.gardaseezeitung.it\/gardaseezeitung_new\/de\/wp-json\/wp\/v2\/types\/post"}],"author":[{"embeddable":true,"href":"https:\/\/www.gardaseezeitung.it\/gardaseezeitung_new\/de\/wp-json\/wp\/v2\/users\/9"}],"replies":[{"embeddable":true,"href":"https:\/\/www.gardaseezeitung.it\/gardaseezeitung_new\/de\/wp-json\/wp\/v2\/comments?post=15472"}],"version-history":[{"count":1,"href":"https:\/\/www.gardaseezeitung.it\/gardaseezeitung_new\/de\/wp-json\/wp\/v2\/posts\/15472\/revisions"}],"predecessor-version":[{"id":15493,"href":"https:\/\/www.gardaseezeitung.it\/gardaseezeitung_new\/de\/wp-json\/wp\/v2\/posts\/15472\/revisions\/15493"}],"wp:featuredmedia":[{"embeddable":true,"href":"https:\/\/www.gardaseezeitung.it\/gardaseezeitung_new\/de\/wp-json\/wp\/v2\/media\/15492"}],"wp:attachment":[{"href":"https:\/\/www.gardaseezeitung.it\/gardaseezeitung_new\/de\/wp-json\/wp\/v2\/media?parent=15472"}],"wp:term":[{"taxonomy":"category","embeddable":true,"href":"https:\/\/www.gardaseezeitung.it\/gardaseezeitung_new\/de\/wp-json\/wp\/v2\/categories?post=15472"},{"taxonomy":"post_tag","embeddable":true,"href":"https:\/\/www.gardaseezeitung.it\/gardaseezeitung_new\/de\/wp-json\/wp\/v2\/tags?post=15472"},{"taxonomy":"news-destination","embeddable":true,"href":"https:\/\/www.gardaseezeitung.it\/gardaseezeitung_new\/de\/wp-json\/wp\/v2\/news-destination?post=15472"},{"taxonomy":"news-source","embeddable":true,"href":"https:\/\/www.gardaseezeitung.it\/gardaseezeitung_new\/de\/wp-json\/wp\/v2\/news-source?post=15472"},{"taxonomy":"is_homepage","embeddable":true,"href":"https:\/\/www.gardaseezeitung.it\/gardaseezeitung_new\/de\/wp-json\/wp\/v2\/is_homepage?post=15472"},{"taxonomy":"ta_other","embeddable":true,"href":"https:\/\/www.gardaseezeitung.it\/gardaseezeitung_new\/de\/wp-json\/wp\/v2\/ta_other?post=15472"}],"curies":[{"name":"wp","href":"https:\/\/api.w.org\/{rel}","templated":true}]}}