{"id":15522,"date":"2023-12-02T10:45:48","date_gmt":"2023-12-02T09:45:48","guid":{"rendered":"http:\/\/euwps06.newsmemory.com\/gardaseezeitung_new\/de\/2023\/12\/02\/sirmione-9-dezember-die-berliner-philharmoniker-feiern-ein-jahrhundert-maria-callas\/"},"modified":"2023-12-02T11:05:31","modified_gmt":"2023-07-05T11:05:31","slug":"sirmione-9-dezember-die-berliner-philharmoniker-feiern-ein-jahrhundert-maria-callas","status":"publish","type":"post","link":"https:\/\/www.gardaseezeitung.it\/2023\/12\/02\/sirmione-9-dezember-die-berliner-philharmoniker-feiern-ein-jahrhundert-maria-callas\/","title":{"rendered":"Sirmione, 9. Dezember: Die Berliner Philharmoniker feiern ein Jahrhundert Maria Callas"},"content":{"rendered":"<p>&nbsp;<\/p>\n<p>Das Streichquintett der Berliner Philharmoniker, das Herzst\u00fcck eines der \u00e4ltesten und renommiertesten Orchester der Welt, wird am Samstag, den 9. Dezember, in Sirmione sein, um Maria Callas zu huldigen und ihren hundertsten Geburtstag zu feiern. Um 20.30 Uhr wird das Linsenensemble, bestehend aus Thomas Timm und Romano Tommasini (Violine), Wolfgang Talirz (Viola), Tatjana Vassiljeva (Cello) und Gunars Upatnieks (Kontrabass), in der Kirche San Francesco in Colombare auftreten. Eintritt frei, Reservierung erforderlich.<\/p>\n<p>Programm<br \/>\nA. Dvorak: Streichquintett Nr. 2 in G-Dur op. 77, Allegro con fuoco, Scherzo. Allegro vivace, Poco andante, Allegro assai.<br \/>\nC. M. von Weber: Andante und Ungarisches Rondo f\u00fcr Bratsche und Streicher.<br \/>\nA. Dvorak, Rondo in g-Moll op. 94 f\u00fcr Cello und Streicher<br \/>\nG. Puccini, &#8222;Crisantemi&#8220;<br \/>\nG. Bottesini, Fantasia \u00fcber Themen aus V. Bellinis &#8222;Sonnambula&#8220; f\u00fcr Kontrabass und Streicher<br \/>\nG. Verdi\/Doppler: Rigoletto-Fantasia, f\u00fcr 2 Violinen und Streicher<\/p>\n<p>Die Musiker<br \/>\nThomas Timm (1. Violine) studierte bei Klaus Hertel, Zakhar Bron und Igor Ozim. Er ist Preistr\u00e4ger zahlreicher Wettbewerbe und erhielt zahlreiche Stipendien von Stiftungen aus dem In- und Ausland. Konzertreisen f\u00fchrten ihn in viele europ\u00e4ische L\u00e4nder, nach Japan, China und in die USA. Als Solist ist er unter anderemmit Orchestern wie dem Leipziger Gewandhaus, dem MDR-Sinfonieorchester und dem Berner Symphonieorchester. Zu seinen Kammermusikpartnern geh\u00f6ren Nelson Freire und Lars Vogt. Au\u00dferdem ist Timm seit 2003 Lehrer an der Akademie der Berliner Philharmoniker.<br \/>\nRomano Tommasini (2. Violine) ist der Sohn italienischer Eltern und wuchs in Luxemburg und Frankreich auf. Er schloss sein Musikstudium 1983 in Paris ab. Nachdem er erste Geige im Orchester von Nancy war, wurde er 1989 Mitglied der Berliner Philharmoniker. Au\u00dferdem ist er Mitglied des Philharmonischen Oktetts und des Kammerorchesters Wien-Berlin.<br \/>\nWolfgang Talirz (Bratsche) ist seit 1983 Mitglied der Berliner Philharmoniker und hat in vielen Kammermusikgruppen des Orchesters aktiv mitgewirkt, wof\u00fcr er zahlreiche Auszeichnungen erhalten hat. Au\u00dferdem ist er Mitglied des Kammerorchesters Wien-Berlin und tourt mit den Solistenensembles der Wiener und Berliner Philharmoniker durch die ganze Welt.<br \/>\nTatjana Vassiljeva (Cello) studierte in Russland und Deutschland und ist Preistr\u00e4gerin zahlreicher internationaler Wettbewerbe. Als Solistin ist sie mit vielen f\u00fchrenden Orchestern der Welt aufgetreten, darunter das London Symphony Orchestra, die M\u00fcnchner Philharmoniker, das Orchestre de Paris, die St. Petersburger Philharmoniker, das Orchestre de la Suisse Romande und das New Japan Philharmonic unter der Leitung von Yuri Temirkanov, David Zinman, Claudio Abbado, Daniele Gatti, Vladimir Spivakov und Yuri Bashmet. Seit 2014 ist sie Solocellistin des Royal Concertgebouw Orchestra in Amsterdam.<br \/>\nGunars Upatnieks (Kontrabass) stammt aus einer lettischen Musikerfamilie, schon sein Vater war Kontrabassist. Er studierte Kontrabass in Riga und Br\u00fcnn. Er war Solobassist des Lettischen Nationalen Symphonieorchesters und spielte im Bergen Filharmoniske Orkester, bis er 2011 Mitglied der Berliner Philharmoniker wurde. Gunars Upatnieks hat zahlreiche Wettbewerbe gewonnen und als Solist mit renommierten Orchestern und Dirigenten zusammengearbeitet.<\/p>\n<p>&nbsp;<\/p>\n","protected":false},"excerpt":{"rendered":"<p>Der 100. Geburtstag der Divina wird vom renommierten Streichquintett der Berliner Philharmoniker mit einer besonderen musikalischen Hommage gefeiert<\/p>\n","protected":false},"author":9,"featured_media":15521,"comment_status":"open","ping_status":"open","sticky":false,"template":"","format":"standard","meta":[],"categories":[2,5,3],"tags":[4526,4601,1522,23,26,4602,613,146,4603,31,4604,4605,189,4606,4607],"news-destination":[],"news-source":[],"is_homepage":[],"ta_other":[],"featured_media_details":{"width":794,"height":496,"file":"2023\/12\/8x5-Berliner-Buon-compleanno-maria-novembre-2023-794x496.jpg","sizes":{"thumbnail":{"file":"8x5-Berliner-Buon-compleanno-maria-novembre-2023-794x496-150x150.jpg","width":150,"height":150,"mime-type":"image\/jpeg","source_url":"https:\/\/www.gardaseezeitung.it\/gardaseezeitung_new\/de\/wp-content\/uploads\/sites\/2\/2023\/12\/8x5-Berliner-Buon-compleanno-maria-novembre-2023-794x496-150x150.jpg"},"medium":{"file":"8x5-Berliner-Buon-compleanno-maria-novembre-2023-794x496-300x187.jpg","width":300,"height":187,"mime-type":"image\/jpeg","source_url":"https:\/\/www.gardaseezeitung.it\/gardaseezeitung_new\/de\/wp-content\/uploads\/sites\/2\/2023\/12\/8x5-Berliner-Buon-compleanno-maria-novembre-2023-794x496-300x187.jpg"},"medium_large":{"file":"8x5-Berliner-Buon-compleanno-maria-novembre-2023-794x496-768x480.jpg","width":768,"height":480,"mime-type":"image\/jpeg","source_url":"https:\/\/www.gardaseezeitung.it\/gardaseezeitung_new\/de\/wp-content\/uploads\/sites\/2\/2023\/12\/8x5-Berliner-Buon-compleanno-maria-novembre-2023-794x496-768x480.jpg"},"big_image":{"file":"8x5-Berliner-Buon-compleanno-maria-novembre-2023-794x496-750x469.jpg","width":750,"height":469,"mime-type":"image\/jpeg","source_url":"https:\/\/www.gardaseezeitung.it\/gardaseezeitung_new\/de\/wp-content\/uploads\/sites\/2\/2023\/12\/8x5-Berliner-Buon-compleanno-maria-novembre-2023-794x496-750x469.jpg"},"guest-author-32":{"file":"8x5-Berliner-Buon-compleanno-maria-novembre-2023-794x496-32x32.jpg","width":32,"height":32,"mime-type":"image\/jpeg","source_url":"https:\/\/www.gardaseezeitung.it\/gardaseezeitung_new\/de\/wp-content\/uploads\/sites\/2\/2023\/12\/8x5-Berliner-Buon-compleanno-maria-novembre-2023-794x496-32x32.jpg"},"guest-author-50":{"file":"8x5-Berliner-Buon-compleanno-maria-novembre-2023-794x496-50x50.jpg","width":50,"height":50,"mime-type":"image\/jpeg","source_url":"https:\/\/www.gardaseezeitung.it\/gardaseezeitung_new\/de\/wp-content\/uploads\/sites\/2\/2023\/12\/8x5-Berliner-Buon-compleanno-maria-novembre-2023-794x496-50x50.jpg"},"guest-author-64":{"file":"8x5-Berliner-Buon-compleanno-maria-novembre-2023-794x496-64x64.jpg","width":64,"height":64,"mime-type":"image\/jpeg","source_url":"https:\/\/www.gardaseezeitung.it\/gardaseezeitung_new\/de\/wp-content\/uploads\/sites\/2\/2023\/12\/8x5-Berliner-Buon-compleanno-maria-novembre-2023-794x496-64x64.jpg"},"guest-author-96":{"file":"8x5-Berliner-Buon-compleanno-maria-novembre-2023-794x496-96x96.jpg","width":96,"height":96,"mime-type":"image\/jpeg","source_url":"https:\/\/www.gardaseezeitung.it\/gardaseezeitung_new\/de\/wp-content\/uploads\/sites\/2\/2023\/12\/8x5-Berliner-Buon-compleanno-maria-novembre-2023-794x496-96x96.jpg"},"guest-author-128":{"file":"8x5-Berliner-Buon-compleanno-maria-novembre-2023-794x496-128x128.jpg","width":128,"height":128,"mime-type":"image\/jpeg","source_url":"https:\/\/www.gardaseezeitung.it\/gardaseezeitung_new\/de\/wp-content\/uploads\/sites\/2\/2023\/12\/8x5-Berliner-Buon-compleanno-maria-novembre-2023-794x496-128x128.jpg"},"full":{"file":"8x5-Berliner-Buon-compleanno-maria-novembre-2023-794x496.jpg","width":794,"height":496,"mime_type":"","source_url":"https:\/\/www.gardaseezeitung.it\/gardaseezeitung_new\/de\/wp-content\/uploads\/sites\/2\/2023\/12\/8x5-Berliner-Buon-compleanno-maria-novembre-2023-794x496.jpg"}},"image_meta":{"aperture":"0","credit":"","camera":"","caption":"","created_timestamp":"0","copyright":"","focal_length":"0","iso":"0","shutter_speed":"0","title":"","orientation":"1","keywords":[]}},"_links":{"self":[{"href":"https:\/\/www.gardaseezeitung.it\/gardaseezeitung_new\/de\/wp-json\/wp\/v2\/posts\/15522"}],"collection":[{"href":"https:\/\/www.gardaseezeitung.it\/gardaseezeitung_new\/de\/wp-json\/wp\/v2\/posts"}],"about":[{"href":"https:\/\/www.gardaseezeitung.it\/gardaseezeitung_new\/de\/wp-json\/wp\/v2\/types\/post"}],"author":[{"embeddable":true,"href":"https:\/\/www.gardaseezeitung.it\/gardaseezeitung_new\/de\/wp-json\/wp\/v2\/users\/9"}],"replies":[{"embeddable":true,"href":"https:\/\/www.gardaseezeitung.it\/gardaseezeitung_new\/de\/wp-json\/wp\/v2\/comments?post=15522"}],"version-history":[{"count":2,"href":"https:\/\/www.gardaseezeitung.it\/gardaseezeitung_new\/de\/wp-json\/wp\/v2\/posts\/15522\/revisions"}],"predecessor-version":[{"id":15527,"href":"https:\/\/www.gardaseezeitung.it\/gardaseezeitung_new\/de\/wp-json\/wp\/v2\/posts\/15522\/revisions\/15527"}],"wp:featuredmedia":[{"embeddable":true,"href":"https:\/\/www.gardaseezeitung.it\/gardaseezeitung_new\/de\/wp-json\/wp\/v2\/media\/15521"}],"wp:attachment":[{"href":"https:\/\/www.gardaseezeitung.it\/gardaseezeitung_new\/de\/wp-json\/wp\/v2\/media?parent=15522"}],"wp:term":[{"taxonomy":"category","embeddable":true,"href":"https:\/\/www.gardaseezeitung.it\/gardaseezeitung_new\/de\/wp-json\/wp\/v2\/categories?post=15522"},{"taxonomy":"post_tag","embeddable":true,"href":"https:\/\/www.gardaseezeitung.it\/gardaseezeitung_new\/de\/wp-json\/wp\/v2\/tags?post=15522"},{"taxonomy":"news-destination","embeddable":true,"href":"https:\/\/www.gardaseezeitung.it\/gardaseezeitung_new\/de\/wp-json\/wp\/v2\/news-destination?post=15522"},{"taxonomy":"news-source","embeddable":true,"href":"https:\/\/www.gardaseezeitung.it\/gardaseezeitung_new\/de\/wp-json\/wp\/v2\/news-source?post=15522"},{"taxonomy":"is_homepage","embeddable":true,"href":"https:\/\/www.gardaseezeitung.it\/gardaseezeitung_new\/de\/wp-json\/wp\/v2\/is_homepage?post=15522"},{"taxonomy":"ta_other","embeddable":true,"href":"https:\/\/www.gardaseezeitung.it\/gardaseezeitung_new\/de\/wp-json\/wp\/v2\/ta_other?post=15522"}],"curies":[{"name":"wp","href":"https:\/\/api.w.org\/{rel}","templated":true}]}}