{"id":15551,"date":"2023-12-11T14:59:48","date_gmt":"2023-12-11T13:59:48","guid":{"rendered":"http:\/\/euwps06.newsmemory.com\/gardaseezeitung_new\/de\/2023\/12\/11\/manerba-feiert-weihnachten-mit-initiativen-fuer-gross-und-klein\/"},"modified":"2023-12-11T14:59:50","modified_gmt":"2023-07-14T14:59:50","slug":"manerba-feiert-weihnachten-mit-initiativen-fuer-gross-und-klein","status":"publish","type":"post","link":"https:\/\/www.gardaseezeitung.it\/2023\/12\/11\/manerba-feiert-weihnachten-mit-initiativen-fuer-gross-und-klein\/","title":{"rendered":"Manerba feiert Weihnachten mit Initiativen f\u00fcr Gro\u00df und Klein"},"content":{"rendered":"<p>Spa\u00df und Unterhaltung in weihnachtlicher Atmosph\u00e4re stehen in den kommenden Tagen in Manerba am Westufer des Sees auf dem Programm. Das Amt f\u00fcr Kultur und Tourismus gab den Veranstaltungskalender f\u00fcr die Weihnachtszeit bekannt. Zu den musikalischen Highlights z\u00e4hlt das Konzert eines Gospel Chors in der Pfarrkirche Santa Maria Assunta am 17. Dezember um 20.45 Uhr. Weiter geht es am 28. Dezember um 20.30 Uhr mit dem Interstellar Orchestra und einem Tribut an den Komponisten Hans Zimmer. Unter dem Motto \u201eSinging Musical\u201c steht am 5. Januar im Palazzetto ein unterhaltsamer musikalischer Abend auf dem Programm. Wer Kabarett liebt, der sollte sich den 29. Dezember vormerken. An dem Abend wird im Palazzetto zur Raffaele Corti Show geladen.<\/p>\n<p>In Manerba hat man nat\u00fcrlich auch an die Kleinen gedacht. Sie erwartet man am 23., 24., 25., 26., 30. und 31. Dezember um 15 Uhr mit der Auff\u00fchrung \u201eBaby Christmas\u201c im Hof der B\u00fccherei und am 7. Januar wird im Oratorium von Manerba um 15.30 Uhr zum Musical \u201eFrozen\u201c geladen. Nicht fehlen d\u00fcrfen nat\u00fcrlich auch nicht die Momente mit den beiden \u201eStars\u201c der Weihnachtszeit: Santa Lucia, die am 12. Dezember ab 18.45 Uhr auf den Pl\u00e4tzen der Altstadt zu Gast sein wird, und der Weihnachtsmann, der sich f\u00fcr den 16. und 17. Dezember um 14.30 Uhr im Ratssaal angek\u00fcndigt hat.<\/p>\n<p>Das absolute Highlight der Weihnachtszeit in Manerba ist die mechanische Krippe, die seit inzwischen 25 Jahren in der Kirche San Giovanni aufgebaut wird.<\/p>\n<p>Weitere Infos und Reservierungen: cultura@comune.manerbadelgarda.bs.it.<\/p>\n","protected":false},"excerpt":{"rendered":"<p>Spa\u00df und Unterhaltung in weihnachtlicher Atmosph\u00e4re stehen in den kommenden Tagen in Manerba am Westufer des Sees auf dem Programm<\/p>\n","protected":false},"author":9,"featured_media":15550,"comment_status":"open","ping_status":"open","sticky":false,"template":"","format":"standard","meta":[],"categories":[2,5,3],"tags":[4625,4626,23,26,1095,1646,1486],"news-destination":[],"news-source":[],"is_homepage":[],"ta_other":[],"featured_media_details":{"width":1200,"height":800,"file":"2023\/12\/mercatini-di-natale-asti.jpg","sizes":{"thumbnail":{"file":"mercatini-di-natale-asti-150x150.jpg","width":150,"height":150,"mime-type":"image\/jpeg","source_url":"https:\/\/www.gardaseezeitung.it\/gardaseezeitung_new\/de\/wp-content\/uploads\/sites\/2\/2023\/12\/mercatini-di-natale-asti-150x150.jpg"},"medium":{"file":"mercatini-di-natale-asti-300x200.jpg","width":300,"height":200,"mime-type":"image\/jpeg","source_url":"https:\/\/www.gardaseezeitung.it\/gardaseezeitung_new\/de\/wp-content\/uploads\/sites\/2\/2023\/12\/mercatini-di-natale-asti-300x200.jpg"},"medium_large":{"file":"mercatini-di-natale-asti-768x512.jpg","width":768,"height":512,"mime-type":"image\/jpeg","source_url":"https:\/\/www.gardaseezeitung.it\/gardaseezeitung_new\/de\/wp-content\/uploads\/sites\/2\/2023\/12\/mercatini-di-natale-asti-768x512.jpg"},"large":{"file":"mercatini-di-natale-asti-1024x683.jpg","width":1024,"height":683,"mime-type":"image\/jpeg","source_url":"https:\/\/www.gardaseezeitung.it\/gardaseezeitung_new\/de\/wp-content\/uploads\/sites\/2\/2023\/12\/mercatini-di-natale-asti-1024x683.jpg"},"big_image":{"file":"mercatini-di-natale-asti-750x500.jpg","width":750,"height":500,"mime-type":"image\/jpeg","source_url":"https:\/\/www.gardaseezeitung.it\/gardaseezeitung_new\/de\/wp-content\/uploads\/sites\/2\/2023\/12\/mercatini-di-natale-asti-750x500.jpg"},"guest-author-32":{"file":"mercatini-di-natale-asti-32x32.jpg","width":32,"height":32,"mime-type":"image\/jpeg","source_url":"https:\/\/www.gardaseezeitung.it\/gardaseezeitung_new\/de\/wp-content\/uploads\/sites\/2\/2023\/12\/mercatini-di-natale-asti-32x32.jpg"},"guest-author-50":{"file":"mercatini-di-natale-asti-50x50.jpg","width":50,"height":50,"mime-type":"image\/jpeg","source_url":"https:\/\/www.gardaseezeitung.it\/gardaseezeitung_new\/de\/wp-content\/uploads\/sites\/2\/2023\/12\/mercatini-di-natale-asti-50x50.jpg"},"guest-author-64":{"file":"mercatini-di-natale-asti-64x64.jpg","width":64,"height":64,"mime-type":"image\/jpeg","source_url":"https:\/\/www.gardaseezeitung.it\/gardaseezeitung_new\/de\/wp-content\/uploads\/sites\/2\/2023\/12\/mercatini-di-natale-asti-64x64.jpg"},"guest-author-96":{"file":"mercatini-di-natale-asti-96x96.jpg","width":96,"height":96,"mime-type":"image\/jpeg","source_url":"https:\/\/www.gardaseezeitung.it\/gardaseezeitung_new\/de\/wp-content\/uploads\/sites\/2\/2023\/12\/mercatini-di-natale-asti-96x96.jpg"},"guest-author-128":{"file":"mercatini-di-natale-asti-128x128.jpg","width":128,"height":128,"mime-type":"image\/jpeg","source_url":"https:\/\/www.gardaseezeitung.it\/gardaseezeitung_new\/de\/wp-content\/uploads\/sites\/2\/2023\/12\/mercatini-di-natale-asti-128x128.jpg"},"full":{"file":"mercatini-di-natale-asti.jpg","width":1200,"height":800,"mime_type":"","source_url":"https:\/\/www.gardaseezeitung.it\/gardaseezeitung_new\/de\/wp-content\/uploads\/sites\/2\/2023\/12\/mercatini-di-natale-asti.jpg"}},"image_meta":{"aperture":"0","credit":"","camera":"","caption":"","created_timestamp":"0","copyright":"","focal_length":"0","iso":"0","shutter_speed":"0","title":"","orientation":"0","keywords":[]}},"_links":{"self":[{"href":"https:\/\/www.gardaseezeitung.it\/gardaseezeitung_new\/de\/wp-json\/wp\/v2\/posts\/15551"}],"collection":[{"href":"https:\/\/www.gardaseezeitung.it\/gardaseezeitung_new\/de\/wp-json\/wp\/v2\/posts"}],"about":[{"href":"https:\/\/www.gardaseezeitung.it\/gardaseezeitung_new\/de\/wp-json\/wp\/v2\/types\/post"}],"author":[{"embeddable":true,"href":"https:\/\/www.gardaseezeitung.it\/gardaseezeitung_new\/de\/wp-json\/wp\/v2\/users\/9"}],"replies":[{"embeddable":true,"href":"https:\/\/www.gardaseezeitung.it\/gardaseezeitung_new\/de\/wp-json\/wp\/v2\/comments?post=15551"}],"version-history":[{"count":1,"href":"https:\/\/www.gardaseezeitung.it\/gardaseezeitung_new\/de\/wp-json\/wp\/v2\/posts\/15551\/revisions"}],"predecessor-version":[{"id":15552,"href":"https:\/\/www.gardaseezeitung.it\/gardaseezeitung_new\/de\/wp-json\/wp\/v2\/posts\/15551\/revisions\/15552"}],"wp:featuredmedia":[{"embeddable":true,"href":"https:\/\/www.gardaseezeitung.it\/gardaseezeitung_new\/de\/wp-json\/wp\/v2\/media\/15550"}],"wp:attachment":[{"href":"https:\/\/www.gardaseezeitung.it\/gardaseezeitung_new\/de\/wp-json\/wp\/v2\/media?parent=15551"}],"wp:term":[{"taxonomy":"category","embeddable":true,"href":"https:\/\/www.gardaseezeitung.it\/gardaseezeitung_new\/de\/wp-json\/wp\/v2\/categories?post=15551"},{"taxonomy":"post_tag","embeddable":true,"href":"https:\/\/www.gardaseezeitung.it\/gardaseezeitung_new\/de\/wp-json\/wp\/v2\/tags?post=15551"},{"taxonomy":"news-destination","embeddable":true,"href":"https:\/\/www.gardaseezeitung.it\/gardaseezeitung_new\/de\/wp-json\/wp\/v2\/news-destination?post=15551"},{"taxonomy":"news-source","embeddable":true,"href":"https:\/\/www.gardaseezeitung.it\/gardaseezeitung_new\/de\/wp-json\/wp\/v2\/news-source?post=15551"},{"taxonomy":"is_homepage","embeddable":true,"href":"https:\/\/www.gardaseezeitung.it\/gardaseezeitung_new\/de\/wp-json\/wp\/v2\/is_homepage?post=15551"},{"taxonomy":"ta_other","embeddable":true,"href":"https:\/\/www.gardaseezeitung.it\/gardaseezeitung_new\/de\/wp-json\/wp\/v2\/ta_other?post=15551"}],"curies":[{"name":"wp","href":"https:\/\/api.w.org\/{rel}","templated":true}]}}